{"id":5367,"date":"2022-12-07T17:01:18","date_gmt":"2022-12-07T22:01:18","guid":{"rendered":"https:\/\/www.iec2024.ec\/comite-pontificio-para-los-congresos-eucaristicos-internacionales-agradece-la-calidez-de-quito-y-felicita-la-organizacion-del-iec2024\/"},"modified":"2024-03-04T12:31:38","modified_gmt":"2024-03-04T17:31:38","slug":"comite-pontificio-para-los-congresos-eucaristicos-internacionales-agradece-la-calidez-de-quito-y-felicita-la-organizacion-del-iec2024","status":"publish","type":"post","link":"https:\/\/www.iec2024.ec\/en\/comite-pontificio-para-los-congresos-eucaristicos-internacionales-agradece-la-calidez-de-quito-y-felicita-la-organizacion-del-iec2024\/","title":{"rendered":"Comit\u00e9 Pontificio para los Congreso Eucar\u00edsticos Internacionales agradece la calidez de Quito y felicita la organizaci\u00f3n del IEC 2024"},"content":{"rendered":"<p>El Comit\u00e9 Pontificio para los Congresos Eucar\u00edsticos Internacionales, en la persona del P. Corrado Maggioni, Presidente, extendi\u00f3 una emotiva carta de agradecimiento, por la calurosa y fraternal acogida durante su permanencia en Ecuador, como parte de la visita oficial preparatoria para el \u00b053 Congreso Eucar\u00edstico Internacional, IEC2024.\u00a0 La carta fue dirigida a Monse\u00f1or Alfredo Jos\u00e9 Espinoza Mateus, sdb, Arzobispo de Quito y Primado del Ecuador.<\/p>\n<p>&nbsp;<\/p>\n<p>\u201cHan sido d\u00edas fruct\u00edferos para tomar contacto personal con el Comit\u00e9 local presidido por Vuestra Excelencia y con las distintas Comisiones implicadas en el laborioso compromiso de preparaci\u00f3n del \u00b053 Congreso Eucar\u00edstico de 2024. \u00a0Estoy seguro de que esta fase preparatoria, muy importante para la Iglesia de Quito como para las dem\u00e1s Iglesias del Ecuador, traer\u00e1, con la gracia del Esp\u00edritu, frutos tangibles de renovaci\u00f3n espiritual y fermento de vida cristiana para el clero y para los fieles laicos.\u201d.\u00a0 <strong>Gracias por cuidar cada detalle para que nuestra experiencia en Ecuador sea significativa,<\/strong><strong> expres\u00f3 en su carta.<\/strong><\/p>\n<p>&nbsp;<\/p>\n<p>Resalt\u00f3 el trabajo emprendido: \u201cComo ya lo he expresado verbalmente, confirmo mi satisfacci\u00f3n, as\u00ed como la del padre Vittore Boccardi, al ver el <strong>buen arranque de organizaci\u00f3n que usted ha puesto en marcha<\/strong> con eficacia y ha sabido guiar con sabidur\u00eda pastoral y perspicacia pr\u00e1ctica.\u201d.<\/p>\n<p>&nbsp;<\/p>\n<p>Extendi\u00f3 el agradecimiento a cada una de las autoridades eclesiales, comit\u00e9 organizador, presidentes de distintas comisiones y colaboradores en general, reiterando la calidez con la que fueron recibidos, que sin duda alguna ser\u00e1 la misma que se entregar\u00e1 a quienes asistan al Congreso Eucar\u00edstico Internacional, en 2024.<\/p>\n","protected":false},"excerpt":{"rendered":"<p>El Comit\u00e9 Pontificio para los Congresos Eucar\u00edsticos Internacionales, en la persona del P. Corrado Maggioni, Presidente, extendi\u00f3 una emotiva carta de agradecimiento, por la calurosa y fraternal acogida durante su permanencia en Ecuador, como parte de la visita oficial preparatoria para el \u00b053 Congreso Eucar\u00edstico Internacional, IEC2024.\u00a0 La carta fue dirigida a Monse\u00f1or Alfredo Jos\u00e9 [&hellip;]<\/p>\n","protected":false},"author":3,"featured_media":4865,"comment_status":"open","ping_status":"open","sticky":false,"template":"","format":"standard","meta":{"footnotes":""},"categories":[33],"tags":[],"acf":[],"yoast_head":"<!-- This site is optimized with the Yoast SEO plugin v21.1 - https:\/\/yoast.com\/wordpress\/plugins\/seo\/ -->\n<title>Comit\u00e9 Pontificio para los Congreso Eucar\u00edsticos Internacionales agradece la calidez de Quito y felicita la organizaci\u00f3n del IEC 2024 - IEC 2024<\/title>\n<meta name=\"robots\" content=\"index, follow, max-snippet:-1, max-image-preview:large, max-video-preview:-1\" \/>\n<link rel=\"canonical\" href=\"https:\/\/www.iec2024.ec\/en\/comite-pontificio-para-los-congresos-eucaristicos-internacionales-agradece-la-calidez-de-quito-y-felicita-la-organizacion-del-iec2024\/\" \/>\n<meta property=\"og:locale\" content=\"en_US\" \/>\n<meta property=\"og:type\" content=\"article\" \/>\n<meta property=\"og:title\" content=\"Comit\u00e9 Pontificio para los Congreso Eucar\u00edsticos Internacionales agradece la calidez de Quito y felicita la organizaci\u00f3n del IEC 2024 - IEC 2024\" \/>\n<meta property=\"og:description\" content=\"El Comit\u00e9 Pontificio para los Congresos Eucar\u00edsticos Internacionales, en la persona del P. Corrado Maggioni, Presidente, extendi\u00f3 una emotiva carta de agradecimiento, por la calurosa y fraternal acogida durante su permanencia en Ecuador, como parte de la visita oficial preparatoria para el \u00b053 Congreso Eucar\u00edstico Internacional, IEC2024.\u00a0 La carta fue dirigida a Monse\u00f1or Alfredo Jos\u00e9 [&hellip;]\" \/>\n<meta property=\"og:url\" content=\"https:\/\/www.iec2024.ec\/en\/comite-pontificio-para-los-congresos-eucaristicos-internacionales-agradece-la-calidez-de-quito-y-felicita-la-organizacion-del-iec2024\/\" \/>\n<meta property=\"og:site_name\" content=\"IEC 2024\" \/>\n<meta property=\"article:published_time\" content=\"2022-12-07T22:01:18+00:00\" \/>\n<meta property=\"article:modified_time\" content=\"2024-03-04T17:31:38+00:00\" \/>\n<meta property=\"og:image\" content=\"https:\/\/www.iec2024.ec\/wp-content\/uploads\/2023\/08\/Sin-titulo-2-1.png\" \/>\n\t<meta property=\"og:image:width\" content=\"6669\" \/>\n\t<meta property=\"og:image:height\" content=\"4040\" \/>\n\t<meta property=\"og:image:type\" content=\"image\/png\" \/>\n<meta name=\"author\" content=\"Xavier Romero\" \/>\n<meta name=\"twitter:card\" content=\"summary_large_image\" \/>\n<meta name=\"twitter:label1\" content=\"Written by\" \/>\n\t<meta name=\"twitter:data1\" content=\"Xavier Romero\" \/>\n\t<meta name=\"twitter:label2\" content=\"Est. reading time\" \/>\n\t<meta name=\"twitter:data2\" content=\"2 minutes\" \/>\n<script type=\"application\/ld+json\" class=\"yoast-schema-graph\">{\"@context\":\"https:\/\/schema.org\",\"@graph\":[{\"@type\":\"Article\",\"@id\":\"https:\/\/www.iec2024.ec\/en\/comite-pontificio-para-los-congresos-eucaristicos-internacionales-agradece-la-calidez-de-quito-y-felicita-la-organizacion-del-iec2024\/#article\",\"isPartOf\":{\"@id\":\"https:\/\/www.iec2024.ec\/en\/comite-pontificio-para-los-congresos-eucaristicos-internacionales-agradece-la-calidez-de-quito-y-felicita-la-organizacion-del-iec2024\/\"},\"author\":{\"name\":\"Xavier Romero\",\"@id\":\"https:\/\/www.iec2024.ec\/en\/#\/schema\/person\/de92ba894d75ebc07df8f1027ef5c545\"},\"headline\":\"Comit\u00e9 Pontificio para los Congreso Eucar\u00edsticos Internacionales agradece la calidez de Quito y felicita la organizaci\u00f3n del IEC 2024\",\"datePublished\":\"2022-12-07T22:01:18+00:00\",\"dateModified\":\"2024-03-04T17:31:38+00:00\",\"mainEntityOfPage\":{\"@id\":\"https:\/\/www.iec2024.ec\/en\/comite-pontificio-para-los-congresos-eucaristicos-internacionales-agradece-la-calidez-de-quito-y-felicita-la-organizacion-del-iec2024\/\"},\"wordCount\":287,\"commentCount\":0,\"publisher\":{\"@id\":\"https:\/\/www.iec2024.ec\/en\/#organization\"},\"articleSection\":[\"News\"],\"inLanguage\":\"en-US\",\"potentialAction\":[{\"@type\":\"CommentAction\",\"name\":\"Comment\",\"target\":[\"https:\/\/www.iec2024.ec\/en\/comite-pontificio-para-los-congresos-eucaristicos-internacionales-agradece-la-calidez-de-quito-y-felicita-la-organizacion-del-iec2024\/#respond\"]}]},{\"@type\":\"WebPage\",\"@id\":\"https:\/\/www.iec2024.ec\/en\/comite-pontificio-para-los-congresos-eucaristicos-internacionales-agradece-la-calidez-de-quito-y-felicita-la-organizacion-del-iec2024\/\",\"url\":\"https:\/\/www.iec2024.ec\/en\/comite-pontificio-para-los-congresos-eucaristicos-internacionales-agradece-la-calidez-de-quito-y-felicita-la-organizacion-del-iec2024\/\",\"name\":\"Comit\u00e9 Pontificio para los Congreso Eucar\u00edsticos Internacionales agradece la calidez de Quito y felicita la organizaci\u00f3n del IEC 2024 - IEC 2024\",\"isPartOf\":{\"@id\":\"https:\/\/www.iec2024.ec\/en\/#website\"},\"datePublished\":\"2022-12-07T22:01:18+00:00\",\"dateModified\":\"2024-03-04T17:31:38+00:00\",\"breadcrumb\":{\"@id\":\"https:\/\/www.iec2024.ec\/en\/comite-pontificio-para-los-congresos-eucaristicos-internacionales-agradece-la-calidez-de-quito-y-felicita-la-organizacion-del-iec2024\/#breadcrumb\"},\"inLanguage\":\"en-US\",\"potentialAction\":[{\"@type\":\"ReadAction\",\"target\":[\"https:\/\/www.iec2024.ec\/en\/comite-pontificio-para-los-congresos-eucaristicos-internacionales-agradece-la-calidez-de-quito-y-felicita-la-organizacion-del-iec2024\/\"]}]},{\"@type\":\"BreadcrumbList\",\"@id\":\"https:\/\/www.iec2024.ec\/en\/comite-pontificio-para-los-congresos-eucaristicos-internacionales-agradece-la-calidez-de-quito-y-felicita-la-organizacion-del-iec2024\/#breadcrumb\",\"itemListElement\":[{\"@type\":\"ListItem\",\"position\":1,\"name\":\"Portada\",\"item\":\"https:\/\/www.iec2024.ec\/en\/\"},{\"@type\":\"ListItem\",\"position\":2,\"name\":\"Comit\u00e9 Pontificio para los Congreso Eucar\u00edsticos Internacionales agradece la calidez de Quito y felicita la organizaci\u00f3n del IEC 2024\"}]},{\"@type\":\"WebSite\",\"@id\":\"https:\/\/www.iec2024.ec\/en\/#website\",\"url\":\"https:\/\/www.iec2024.ec\/en\/\",\"name\":\"IEC 2024\",\"description\":\"\",\"publisher\":{\"@id\":\"https:\/\/www.iec2024.ec\/en\/#organization\"},\"potentialAction\":[{\"@type\":\"SearchAction\",\"target\":{\"@type\":\"EntryPoint\",\"urlTemplate\":\"https:\/\/www.iec2024.ec\/en\/?s={search_term_string}\"},\"query-input\":\"required name=search_term_string\"}],\"inLanguage\":\"en-US\"},{\"@type\":\"Organization\",\"@id\":\"https:\/\/www.iec2024.ec\/en\/#organization\",\"name\":\"IEC 2024\",\"url\":\"https:\/\/www.iec2024.ec\/en\/\",\"logo\":{\"@type\":\"ImageObject\",\"inLanguage\":\"en-US\",\"@id\":\"https:\/\/www.iec2024.ec\/en\/#\/schema\/logo\/image\/\",\"url\":\"https:\/\/www.iec2024.ec\/wp-content\/uploads\/2024\/01\/cropped-logo-2024.png\",\"contentUrl\":\"https:\/\/www.iec2024.ec\/wp-content\/uploads\/2024\/01\/cropped-logo-2024.png\",\"width\":1277,\"height\":332,\"caption\":\"IEC 2024\"},\"image\":{\"@id\":\"https:\/\/www.iec2024.ec\/en\/#\/schema\/logo\/image\/\"}},{\"@type\":\"Person\",\"@id\":\"https:\/\/www.iec2024.ec\/en\/#\/schema\/person\/de92ba894d75ebc07df8f1027ef5c545\",\"name\":\"Xavier Romero\",\"image\":{\"@type\":\"ImageObject\",\"inLanguage\":\"en-US\",\"@id\":\"https:\/\/www.iec2024.ec\/en\/#\/schema\/person\/image\/\",\"url\":\"https:\/\/secure.gravatar.com\/avatar\/b613cf907ec2a3494ae839f68a613b11?s=96&d=mm&r=g\",\"contentUrl\":\"https:\/\/secure.gravatar.com\/avatar\/b613cf907ec2a3494ae839f68a613b11?s=96&d=mm&r=g\",\"caption\":\"Xavier Romero\"},\"url\":\"https:\/\/www.iec2024.ec\/en\/author\/xromero\/\"}]}<\/script>\n<!-- \/ Yoast SEO plugin. -->","yoast_head_json":{"title":"Comit\u00e9 Pontificio para los Congreso Eucar\u00edsticos Internacionales agradece la calidez de Quito y felicita la organizaci\u00f3n del IEC 2024 - IEC 2024","robots":{"index":"index","follow":"follow","max-snippet":"max-snippet:-1","max-image-preview":"max-image-preview:large","max-video-preview":"max-video-preview:-1"},"canonical":"https:\/\/www.iec2024.ec\/en\/comite-pontificio-para-los-congresos-eucaristicos-internacionales-agradece-la-calidez-de-quito-y-felicita-la-organizacion-del-iec2024\/","og_locale":"en_US","og_type":"article","og_title":"Comit\u00e9 Pontificio para los Congreso Eucar\u00edsticos Internacionales agradece la calidez de Quito y felicita la organizaci\u00f3n del IEC 2024 - IEC 2024","og_description":"El Comit\u00e9 Pontificio para los Congresos Eucar\u00edsticos Internacionales, en la persona del P. Corrado Maggioni, Presidente, extendi\u00f3 una emotiva carta de agradecimiento, por la calurosa y fraternal acogida durante su permanencia en Ecuador, como parte de la visita oficial preparatoria para el \u00b053 Congreso Eucar\u00edstico Internacional, IEC2024.\u00a0 La carta fue dirigida a Monse\u00f1or Alfredo Jos\u00e9 [&hellip;]","og_url":"https:\/\/www.iec2024.ec\/en\/comite-pontificio-para-los-congresos-eucaristicos-internacionales-agradece-la-calidez-de-quito-y-felicita-la-organizacion-del-iec2024\/","og_site_name":"IEC 2024","article_published_time":"2022-12-07T22:01:18+00:00","article_modified_time":"2024-03-04T17:31:38+00:00","og_image":[{"width":6669,"height":4040,"url":"https:\/\/www.iec2024.ec\/wp-content\/uploads\/2023\/08\/Sin-titulo-2-1.png","type":"image\/png"}],"author":"Xavier Romero","twitter_card":"summary_large_image","twitter_misc":{"Written by":"Xavier Romero","Est. reading time":"2 minutes"},"schema":{"@context":"https:\/\/schema.org","@graph":[{"@type":"Article","@id":"https:\/\/www.iec2024.ec\/en\/comite-pontificio-para-los-congresos-eucaristicos-internacionales-agradece-la-calidez-de-quito-y-felicita-la-organizacion-del-iec2024\/#article","isPartOf":{"@id":"https:\/\/www.iec2024.ec\/en\/comite-pontificio-para-los-congresos-eucaristicos-internacionales-agradece-la-calidez-de-quito-y-felicita-la-organizacion-del-iec2024\/"},"author":{"name":"Xavier Romero","@id":"https:\/\/www.iec2024.ec\/en\/#\/schema\/person\/de92ba894d75ebc07df8f1027ef5c545"},"headline":"Comit\u00e9 Pontificio para los Congreso Eucar\u00edsticos Internacionales agradece la calidez de Quito y felicita la organizaci\u00f3n del IEC 2024","datePublished":"2022-12-07T22:01:18+00:00","dateModified":"2024-03-04T17:31:38+00:00","mainEntityOfPage":{"@id":"https:\/\/www.iec2024.ec\/en\/comite-pontificio-para-los-congresos-eucaristicos-internacionales-agradece-la-calidez-de-quito-y-felicita-la-organizacion-del-iec2024\/"},"wordCount":287,"commentCount":0,"publisher":{"@id":"https:\/\/www.iec2024.ec\/en\/#organization"},"articleSection":["News"],"inLanguage":"en-US","potentialAction":[{"@type":"CommentAction","name":"Comment","target":["https:\/\/www.iec2024.ec\/en\/comite-pontificio-para-los-congresos-eucaristicos-internacionales-agradece-la-calidez-de-quito-y-felicita-la-organizacion-del-iec2024\/#respond"]}]},{"@type":"WebPage","@id":"https:\/\/www.iec2024.ec\/en\/comite-pontificio-para-los-congresos-eucaristicos-internacionales-agradece-la-calidez-de-quito-y-felicita-la-organizacion-del-iec2024\/","url":"https:\/\/www.iec2024.ec\/en\/comite-pontificio-para-los-congresos-eucaristicos-internacionales-agradece-la-calidez-de-quito-y-felicita-la-organizacion-del-iec2024\/","name":"Comit\u00e9 Pontificio para los Congreso Eucar\u00edsticos Internacionales agradece la calidez de Quito y felicita la organizaci\u00f3n del IEC 2024 - IEC 2024","isPartOf":{"@id":"https:\/\/www.iec2024.ec\/en\/#website"},"datePublished":"2022-12-07T22:01:18+00:00","dateModified":"2024-03-04T17:31:38+00:00","breadcrumb":{"@id":"https:\/\/www.iec2024.ec\/en\/comite-pontificio-para-los-congresos-eucaristicos-internacionales-agradece-la-calidez-de-quito-y-felicita-la-organizacion-del-iec2024\/#breadcrumb"},"inLanguage":"en-US","potentialAction":[{"@type":"ReadAction","target":["https:\/\/www.iec2024.ec\/en\/comite-pontificio-para-los-congresos-eucaristicos-internacionales-agradece-la-calidez-de-quito-y-felicita-la-organizacion-del-iec2024\/"]}]},{"@type":"BreadcrumbList","@id":"https:\/\/www.iec2024.ec\/en\/comite-pontificio-para-los-congresos-eucaristicos-internacionales-agradece-la-calidez-de-quito-y-felicita-la-organizacion-del-iec2024\/#breadcrumb","itemListElement":[{"@type":"ListItem","position":1,"name":"Portada","item":"https:\/\/www.iec2024.ec\/en\/"},{"@type":"ListItem","position":2,"name":"Comit\u00e9 Pontificio para los Congreso Eucar\u00edsticos Internacionales agradece la calidez de Quito y felicita la organizaci\u00f3n del IEC 2024"}]},{"@type":"WebSite","@id":"https:\/\/www.iec2024.ec\/en\/#website","url":"https:\/\/www.iec2024.ec\/en\/","name":"IEC 2024","description":"","publisher":{"@id":"https:\/\/www.iec2024.ec\/en\/#organization"},"potentialAction":[{"@type":"SearchAction","target":{"@type":"EntryPoint","urlTemplate":"https:\/\/www.iec2024.ec\/en\/?s={search_term_string}"},"query-input":"required name=search_term_string"}],"inLanguage":"en-US"},{"@type":"Organization","@id":"https:\/\/www.iec2024.ec\/en\/#organization","name":"IEC 2024","url":"https:\/\/www.iec2024.ec\/en\/","logo":{"@type":"ImageObject","inLanguage":"en-US","@id":"https:\/\/www.iec2024.ec\/en\/#\/schema\/logo\/image\/","url":"https:\/\/www.iec2024.ec\/wp-content\/uploads\/2024\/01\/cropped-logo-2024.png","contentUrl":"https:\/\/www.iec2024.ec\/wp-content\/uploads\/2024\/01\/cropped-logo-2024.png","width":1277,"height":332,"caption":"IEC 2024"},"image":{"@id":"https:\/\/www.iec2024.ec\/en\/#\/schema\/logo\/image\/"}},{"@type":"Person","@id":"https:\/\/www.iec2024.ec\/en\/#\/schema\/person\/de92ba894d75ebc07df8f1027ef5c545","name":"Xavier Romero","image":{"@type":"ImageObject","inLanguage":"en-US","@id":"https:\/\/www.iec2024.ec\/en\/#\/schema\/person\/image\/","url":"https:\/\/secure.gravatar.com\/avatar\/b613cf907ec2a3494ae839f68a613b11?s=96&d=mm&r=g","contentUrl":"https:\/\/secure.gravatar.com\/avatar\/b613cf907ec2a3494ae839f68a613b11?s=96&d=mm&r=g","caption":"Xavier Romero"},"url":"https:\/\/www.iec2024.ec\/en\/author\/xromero\/"}]}},"_links":{"self":[{"href":"https:\/\/www.iec2024.ec\/en\/wp-json\/wp\/v2\/posts\/5367"}],"collection":[{"href":"https:\/\/www.iec2024.ec\/en\/wp-json\/wp\/v2\/posts"}],"about":[{"href":"https:\/\/www.iec2024.ec\/en\/wp-json\/wp\/v2\/types\/post"}],"author":[{"embeddable":true,"href":"https:\/\/www.iec2024.ec\/en\/wp-json\/wp\/v2\/users\/3"}],"replies":[{"embeddable":true,"href":"https:\/\/www.iec2024.ec\/en\/wp-json\/wp\/v2\/comments?post=5367"}],"version-history":[{"count":2,"href":"https:\/\/www.iec2024.ec\/en\/wp-json\/wp\/v2\/posts\/5367\/revisions"}],"predecessor-version":[{"id":12785,"href":"https:\/\/www.iec2024.ec\/en\/wp-json\/wp\/v2\/posts\/5367\/revisions\/12785"}],"wp:featuredmedia":[{"embeddable":true,"href":"https:\/\/www.iec2024.ec\/en\/wp-json\/wp\/v2\/media\/4865"}],"wp:attachment":[{"href":"https:\/\/www.iec2024.ec\/en\/wp-json\/wp\/v2\/media?parent=5367"}],"wp:term":[{"taxonomy":"category","embeddable":true,"href":"https:\/\/www.iec2024.ec\/en\/wp-json\/wp\/v2\/categories?post=5367"},{"taxonomy":"post_tag","embeddable":true,"href":"https:\/\/www.iec2024.ec\/en\/wp-json\/wp\/v2\/tags?post=5367"}],"curies":[{"name":"wp","href":"https:\/\/api.w.org\/{rel}","templated":true}]}}