{"id":5373,"date":"2022-11-22T22:01:56","date_gmt":"2022-11-23T03:01:56","guid":{"rendered":"https:\/\/www.iec2024.ec\/oracion-preparatoria-para-el-congreso-eucaristico-internacional-2024\/"},"modified":"2024-03-04T12:38:01","modified_gmt":"2024-03-04T17:38:01","slug":"oracion-preparatoria-para-el-congreso-eucaristico-internacional-2024","status":"publish","type":"post","link":"https:\/\/www.iec2024.ec\/en\/oracion-preparatoria-para-el-congreso-eucaristico-internacional-2024\/","title":{"rendered":"Oraci\u00f3n  preparatoria para el Congreso Eucar\u00edstico Internacional IEC 2024"},"content":{"rendered":"<p>El camino hacia el Congreso Eucar\u00edstico Internacional 2024 avanza. La ma\u00f1ana de este martes, se present\u00f3 la <strong>oraci\u00f3n preparatoria del IEC 2024<\/strong>, tras dar lectura al decreto aprobado por Monse\u00f1or Alfredo Jos\u00e9 Espinoza Mateus, sdb., Arzobispo de Quito, en presencia del Clero Arquidiocesano.<\/p>\n<p>El objetivo de esta oraci\u00f3n es <strong>unir a las personas en la preparaci\u00f3n de este Congreso<\/strong> y entender que constituye una fuente de gracia para el pa\u00eds, para quienes trabajan en su organizaci\u00f3n y para todas las Di\u00f3cesis del mundo.<\/p>\n<p>\u201cEl Congreso ha comenzado, lo estamos viviendo&#8221; manifest\u00f3 el Padre Corrado Maggioni, Presidente del Comit\u00e9 Pontificio Eucar\u00edstico Internacional\u201d, quien adem\u00e1s expres\u00f3 la importancia de <strong>profundizar la piedad Eucar\u00edstica y de extender el reinado social de Jesucristo<\/strong> en el mundo.<\/p>\n<p>Por su parte, Monse\u00f1or Alfredo Espinoza sdb. destac\u00f3 la importancia de que Quito sea sede del Congreso Eucar\u00edstico Internacional 2024, dada la realidad social que vive Latinoam\u00e9rica. \u201cLa Iglesia particular de Quito invita a la Iglesia universal a reunirse alrededor de la Eucarist\u00eda para que exista una renovaci\u00f3n permanente\u201d, manifest\u00f3, al tiempo que dio un breve resumen acerca de la historia de los Congresos Eucar\u00edsticos Nacionales; record\u00f3 que Ecuador fue el <strong>primer pa\u00eds que organiz\u00f3 un Congreso Eucar\u00edstico Nacional<\/strong> en el a\u00f1o de 1886.<\/p>\n<p>El Arzobispo de Quito, <strong>despu\u00e9s de firmar el Decreto<\/strong>, invit\u00f3 a dar lectura a la oraci\u00f3n como parte del camino de preparaci\u00f3n al Congreso Eucar\u00edstico Internacional 2024.<\/p>\n<p>\u201cFraternidad para sanar el mundo\u201d, <strong>un mundo que anhela oraci\u00f3n<\/strong>.<\/p>\n<p><em>Descarga la oraci\u00f3n aqu\u00ed <span class=\"fe5nidar khvhiq1o r5qsrrlp i5tg98hk f9ovudaz przvwfww gx1rr48f gfz4du6o r7fjleex nz2484kf svot0ezm dcnh1tix sxl192xd t3g6t33p\"><span class=\"mpj7bzys xzlurrtv\"> <\/span><\/span><\/em><\/p>\n","protected":false},"excerpt":{"rendered":"<p>El camino hacia el Congreso Eucar\u00edstico Internacional 2024 avanza. La ma\u00f1ana de este martes, se present\u00f3 la oraci\u00f3n preparatoria del IEC 2024, tras dar lectura al decreto aprobado por Monse\u00f1or Alfredo Jos\u00e9 Espinoza Mateus, sdb., Arzobispo de Quito, en presencia del Clero Arquidiocesano. El objetivo de esta oraci\u00f3n es unir a las personas en la [&hellip;]<\/p>\n","protected":false},"author":3,"featured_media":4851,"comment_status":"open","ping_status":"open","sticky":false,"template":"","format":"standard","meta":{"footnotes":""},"categories":[33],"tags":[],"acf":[],"yoast_head":"<!-- This site is optimized with the Yoast SEO plugin v21.1 - https:\/\/yoast.com\/wordpress\/plugins\/seo\/ -->\n<title>Oraci\u00f3n preparatoria para el Congreso Eucar\u00edstico Internacional IEC 2024 - IEC 2024<\/title>\n<meta name=\"robots\" content=\"index, follow, max-snippet:-1, max-image-preview:large, max-video-preview:-1\" \/>\n<link rel=\"canonical\" href=\"https:\/\/www.iec2024.ec\/en\/oracion-preparatoria-para-el-congreso-eucaristico-internacional-2024\/\" \/>\n<meta property=\"og:locale\" content=\"en_US\" \/>\n<meta property=\"og:type\" content=\"article\" \/>\n<meta property=\"og:title\" content=\"Oraci\u00f3n preparatoria para el Congreso Eucar\u00edstico Internacional IEC 2024 - IEC 2024\" \/>\n<meta property=\"og:description\" content=\"El camino hacia el Congreso Eucar\u00edstico Internacional 2024 avanza. La ma\u00f1ana de este martes, se present\u00f3 la oraci\u00f3n preparatoria del IEC 2024, tras dar lectura al decreto aprobado por Monse\u00f1or Alfredo Jos\u00e9 Espinoza Mateus, sdb., Arzobispo de Quito, en presencia del Clero Arquidiocesano. El objetivo de esta oraci\u00f3n es unir a las personas en la [&hellip;]\" \/>\n<meta property=\"og:url\" content=\"https:\/\/www.iec2024.ec\/en\/oracion-preparatoria-para-el-congreso-eucaristico-internacional-2024\/\" \/>\n<meta property=\"og:site_name\" content=\"IEC 2024\" \/>\n<meta property=\"article:published_time\" content=\"2022-11-23T03:01:56+00:00\" \/>\n<meta property=\"article:modified_time\" content=\"2024-03-04T17:38:01+00:00\" \/>\n<meta property=\"og:image\" content=\"https:\/\/www.iec2024.ec\/wp-content\/uploads\/2023\/08\/WhatsApp-Image-2022-11-22-at-9.50.52-PM.jpeg\" \/>\n\t<meta property=\"og:image:width\" content=\"1024\" \/>\n\t<meta property=\"og:image:height\" content=\"682\" \/>\n\t<meta property=\"og:image:type\" content=\"image\/jpeg\" \/>\n<meta name=\"author\" content=\"Xavier Romero\" \/>\n<meta name=\"twitter:card\" content=\"summary_large_image\" \/>\n<meta name=\"twitter:label1\" content=\"Written by\" \/>\n\t<meta name=\"twitter:data1\" content=\"Xavier Romero\" \/>\n\t<meta name=\"twitter:label2\" content=\"Est. reading time\" \/>\n\t<meta name=\"twitter:data2\" content=\"2 minutes\" \/>\n<script type=\"application\/ld+json\" class=\"yoast-schema-graph\">{\"@context\":\"https:\/\/schema.org\",\"@graph\":[{\"@type\":\"Article\",\"@id\":\"https:\/\/www.iec2024.ec\/en\/oracion-preparatoria-para-el-congreso-eucaristico-internacional-2024\/#article\",\"isPartOf\":{\"@id\":\"https:\/\/www.iec2024.ec\/en\/oracion-preparatoria-para-el-congreso-eucaristico-internacional-2024\/\"},\"author\":{\"name\":\"Xavier Romero\",\"@id\":\"https:\/\/www.iec2024.ec\/en\/#\/schema\/person\/de92ba894d75ebc07df8f1027ef5c545\"},\"headline\":\"Oraci\u00f3n preparatoria para el Congreso Eucar\u00edstico Internacional IEC 2024\",\"datePublished\":\"2022-11-23T03:01:56+00:00\",\"dateModified\":\"2024-03-04T17:38:01+00:00\",\"mainEntityOfPage\":{\"@id\":\"https:\/\/www.iec2024.ec\/en\/oracion-preparatoria-para-el-congreso-eucaristico-internacional-2024\/\"},\"wordCount\":279,\"commentCount\":0,\"publisher\":{\"@id\":\"https:\/\/www.iec2024.ec\/en\/#organization\"},\"articleSection\":[\"News\"],\"inLanguage\":\"en-US\",\"potentialAction\":[{\"@type\":\"CommentAction\",\"name\":\"Comment\",\"target\":[\"https:\/\/www.iec2024.ec\/en\/oracion-preparatoria-para-el-congreso-eucaristico-internacional-2024\/#respond\"]}]},{\"@type\":\"WebPage\",\"@id\":\"https:\/\/www.iec2024.ec\/en\/oracion-preparatoria-para-el-congreso-eucaristico-internacional-2024\/\",\"url\":\"https:\/\/www.iec2024.ec\/en\/oracion-preparatoria-para-el-congreso-eucaristico-internacional-2024\/\",\"name\":\"Oraci\u00f3n preparatoria para el Congreso Eucar\u00edstico Internacional IEC 2024 - IEC 2024\",\"isPartOf\":{\"@id\":\"https:\/\/www.iec2024.ec\/en\/#website\"},\"datePublished\":\"2022-11-23T03:01:56+00:00\",\"dateModified\":\"2024-03-04T17:38:01+00:00\",\"breadcrumb\":{\"@id\":\"https:\/\/www.iec2024.ec\/en\/oracion-preparatoria-para-el-congreso-eucaristico-internacional-2024\/#breadcrumb\"},\"inLanguage\":\"en-US\",\"potentialAction\":[{\"@type\":\"ReadAction\",\"target\":[\"https:\/\/www.iec2024.ec\/en\/oracion-preparatoria-para-el-congreso-eucaristico-internacional-2024\/\"]}]},{\"@type\":\"BreadcrumbList\",\"@id\":\"https:\/\/www.iec2024.ec\/en\/oracion-preparatoria-para-el-congreso-eucaristico-internacional-2024\/#breadcrumb\",\"itemListElement\":[{\"@type\":\"ListItem\",\"position\":1,\"name\":\"Portada\",\"item\":\"https:\/\/www.iec2024.ec\/en\/\"},{\"@type\":\"ListItem\",\"position\":2,\"name\":\"Oraci\u00f3n preparatoria para el Congreso Eucar\u00edstico Internacional IEC 2024\"}]},{\"@type\":\"WebSite\",\"@id\":\"https:\/\/www.iec2024.ec\/en\/#website\",\"url\":\"https:\/\/www.iec2024.ec\/en\/\",\"name\":\"IEC 2024\",\"description\":\"\",\"publisher\":{\"@id\":\"https:\/\/www.iec2024.ec\/en\/#organization\"},\"potentialAction\":[{\"@type\":\"SearchAction\",\"target\":{\"@type\":\"EntryPoint\",\"urlTemplate\":\"https:\/\/www.iec2024.ec\/en\/?s={search_term_string}\"},\"query-input\":\"required name=search_term_string\"}],\"inLanguage\":\"en-US\"},{\"@type\":\"Organization\",\"@id\":\"https:\/\/www.iec2024.ec\/en\/#organization\",\"name\":\"IEC 2024\",\"url\":\"https:\/\/www.iec2024.ec\/en\/\",\"logo\":{\"@type\":\"ImageObject\",\"inLanguage\":\"en-US\",\"@id\":\"https:\/\/www.iec2024.ec\/en\/#\/schema\/logo\/image\/\",\"url\":\"https:\/\/www.iec2024.ec\/wp-content\/uploads\/2024\/01\/cropped-logo-2024.png\",\"contentUrl\":\"https:\/\/www.iec2024.ec\/wp-content\/uploads\/2024\/01\/cropped-logo-2024.png\",\"width\":1277,\"height\":332,\"caption\":\"IEC 2024\"},\"image\":{\"@id\":\"https:\/\/www.iec2024.ec\/en\/#\/schema\/logo\/image\/\"}},{\"@type\":\"Person\",\"@id\":\"https:\/\/www.iec2024.ec\/en\/#\/schema\/person\/de92ba894d75ebc07df8f1027ef5c545\",\"name\":\"Xavier Romero\",\"image\":{\"@type\":\"ImageObject\",\"inLanguage\":\"en-US\",\"@id\":\"https:\/\/www.iec2024.ec\/en\/#\/schema\/person\/image\/\",\"url\":\"https:\/\/secure.gravatar.com\/avatar\/b613cf907ec2a3494ae839f68a613b11?s=96&d=mm&r=g\",\"contentUrl\":\"https:\/\/secure.gravatar.com\/avatar\/b613cf907ec2a3494ae839f68a613b11?s=96&d=mm&r=g\",\"caption\":\"Xavier Romero\"},\"url\":\"https:\/\/www.iec2024.ec\/en\/author\/xromero\/\"}]}<\/script>\n<!-- \/ Yoast SEO plugin. -->","yoast_head_json":{"title":"Oraci\u00f3n preparatoria para el Congreso Eucar\u00edstico Internacional IEC 2024 - IEC 2024","robots":{"index":"index","follow":"follow","max-snippet":"max-snippet:-1","max-image-preview":"max-image-preview:large","max-video-preview":"max-video-preview:-1"},"canonical":"https:\/\/www.iec2024.ec\/en\/oracion-preparatoria-para-el-congreso-eucaristico-internacional-2024\/","og_locale":"en_US","og_type":"article","og_title":"Oraci\u00f3n preparatoria para el Congreso Eucar\u00edstico Internacional IEC 2024 - IEC 2024","og_description":"El camino hacia el Congreso Eucar\u00edstico Internacional 2024 avanza. La ma\u00f1ana de este martes, se present\u00f3 la oraci\u00f3n preparatoria del IEC 2024, tras dar lectura al decreto aprobado por Monse\u00f1or Alfredo Jos\u00e9 Espinoza Mateus, sdb., Arzobispo de Quito, en presencia del Clero Arquidiocesano. El objetivo de esta oraci\u00f3n es unir a las personas en la [&hellip;]","og_url":"https:\/\/www.iec2024.ec\/en\/oracion-preparatoria-para-el-congreso-eucaristico-internacional-2024\/","og_site_name":"IEC 2024","article_published_time":"2022-11-23T03:01:56+00:00","article_modified_time":"2024-03-04T17:38:01+00:00","og_image":[{"width":1024,"height":682,"url":"https:\/\/www.iec2024.ec\/wp-content\/uploads\/2023\/08\/WhatsApp-Image-2022-11-22-at-9.50.52-PM.jpeg","type":"image\/jpeg"}],"author":"Xavier Romero","twitter_card":"summary_large_image","twitter_misc":{"Written by":"Xavier Romero","Est. reading time":"2 minutes"},"schema":{"@context":"https:\/\/schema.org","@graph":[{"@type":"Article","@id":"https:\/\/www.iec2024.ec\/en\/oracion-preparatoria-para-el-congreso-eucaristico-internacional-2024\/#article","isPartOf":{"@id":"https:\/\/www.iec2024.ec\/en\/oracion-preparatoria-para-el-congreso-eucaristico-internacional-2024\/"},"author":{"name":"Xavier Romero","@id":"https:\/\/www.iec2024.ec\/en\/#\/schema\/person\/de92ba894d75ebc07df8f1027ef5c545"},"headline":"Oraci\u00f3n preparatoria para el Congreso Eucar\u00edstico Internacional IEC 2024","datePublished":"2022-11-23T03:01:56+00:00","dateModified":"2024-03-04T17:38:01+00:00","mainEntityOfPage":{"@id":"https:\/\/www.iec2024.ec\/en\/oracion-preparatoria-para-el-congreso-eucaristico-internacional-2024\/"},"wordCount":279,"commentCount":0,"publisher":{"@id":"https:\/\/www.iec2024.ec\/en\/#organization"},"articleSection":["News"],"inLanguage":"en-US","potentialAction":[{"@type":"CommentAction","name":"Comment","target":["https:\/\/www.iec2024.ec\/en\/oracion-preparatoria-para-el-congreso-eucaristico-internacional-2024\/#respond"]}]},{"@type":"WebPage","@id":"https:\/\/www.iec2024.ec\/en\/oracion-preparatoria-para-el-congreso-eucaristico-internacional-2024\/","url":"https:\/\/www.iec2024.ec\/en\/oracion-preparatoria-para-el-congreso-eucaristico-internacional-2024\/","name":"Oraci\u00f3n preparatoria para el Congreso Eucar\u00edstico Internacional IEC 2024 - IEC 2024","isPartOf":{"@id":"https:\/\/www.iec2024.ec\/en\/#website"},"datePublished":"2022-11-23T03:01:56+00:00","dateModified":"2024-03-04T17:38:01+00:00","breadcrumb":{"@id":"https:\/\/www.iec2024.ec\/en\/oracion-preparatoria-para-el-congreso-eucaristico-internacional-2024\/#breadcrumb"},"inLanguage":"en-US","potentialAction":[{"@type":"ReadAction","target":["https:\/\/www.iec2024.ec\/en\/oracion-preparatoria-para-el-congreso-eucaristico-internacional-2024\/"]}]},{"@type":"BreadcrumbList","@id":"https:\/\/www.iec2024.ec\/en\/oracion-preparatoria-para-el-congreso-eucaristico-internacional-2024\/#breadcrumb","itemListElement":[{"@type":"ListItem","position":1,"name":"Portada","item":"https:\/\/www.iec2024.ec\/en\/"},{"@type":"ListItem","position":2,"name":"Oraci\u00f3n preparatoria para el Congreso Eucar\u00edstico Internacional IEC 2024"}]},{"@type":"WebSite","@id":"https:\/\/www.iec2024.ec\/en\/#website","url":"https:\/\/www.iec2024.ec\/en\/","name":"IEC 2024","description":"","publisher":{"@id":"https:\/\/www.iec2024.ec\/en\/#organization"},"potentialAction":[{"@type":"SearchAction","target":{"@type":"EntryPoint","urlTemplate":"https:\/\/www.iec2024.ec\/en\/?s={search_term_string}"},"query-input":"required name=search_term_string"}],"inLanguage":"en-US"},{"@type":"Organization","@id":"https:\/\/www.iec2024.ec\/en\/#organization","name":"IEC 2024","url":"https:\/\/www.iec2024.ec\/en\/","logo":{"@type":"ImageObject","inLanguage":"en-US","@id":"https:\/\/www.iec2024.ec\/en\/#\/schema\/logo\/image\/","url":"https:\/\/www.iec2024.ec\/wp-content\/uploads\/2024\/01\/cropped-logo-2024.png","contentUrl":"https:\/\/www.iec2024.ec\/wp-content\/uploads\/2024\/01\/cropped-logo-2024.png","width":1277,"height":332,"caption":"IEC 2024"},"image":{"@id":"https:\/\/www.iec2024.ec\/en\/#\/schema\/logo\/image\/"}},{"@type":"Person","@id":"https:\/\/www.iec2024.ec\/en\/#\/schema\/person\/de92ba894d75ebc07df8f1027ef5c545","name":"Xavier Romero","image":{"@type":"ImageObject","inLanguage":"en-US","@id":"https:\/\/www.iec2024.ec\/en\/#\/schema\/person\/image\/","url":"https:\/\/secure.gravatar.com\/avatar\/b613cf907ec2a3494ae839f68a613b11?s=96&d=mm&r=g","contentUrl":"https:\/\/secure.gravatar.com\/avatar\/b613cf907ec2a3494ae839f68a613b11?s=96&d=mm&r=g","caption":"Xavier Romero"},"url":"https:\/\/www.iec2024.ec\/en\/author\/xromero\/"}]}},"_links":{"self":[{"href":"https:\/\/www.iec2024.ec\/en\/wp-json\/wp\/v2\/posts\/5373"}],"collection":[{"href":"https:\/\/www.iec2024.ec\/en\/wp-json\/wp\/v2\/posts"}],"about":[{"href":"https:\/\/www.iec2024.ec\/en\/wp-json\/wp\/v2\/types\/post"}],"author":[{"embeddable":true,"href":"https:\/\/www.iec2024.ec\/en\/wp-json\/wp\/v2\/users\/3"}],"replies":[{"embeddable":true,"href":"https:\/\/www.iec2024.ec\/en\/wp-json\/wp\/v2\/comments?post=5373"}],"version-history":[{"count":2,"href":"https:\/\/www.iec2024.ec\/en\/wp-json\/wp\/v2\/posts\/5373\/revisions"}],"predecessor-version":[{"id":12803,"href":"https:\/\/www.iec2024.ec\/en\/wp-json\/wp\/v2\/posts\/5373\/revisions\/12803"}],"wp:featuredmedia":[{"embeddable":true,"href":"https:\/\/www.iec2024.ec\/en\/wp-json\/wp\/v2\/media\/4851"}],"wp:attachment":[{"href":"https:\/\/www.iec2024.ec\/en\/wp-json\/wp\/v2\/media?parent=5373"}],"wp:term":[{"taxonomy":"category","embeddable":true,"href":"https:\/\/www.iec2024.ec\/en\/wp-json\/wp\/v2\/categories?post=5373"},{"taxonomy":"post_tag","embeddable":true,"href":"https:\/\/www.iec2024.ec\/en\/wp-json\/wp\/v2\/tags?post=5373"}],"curies":[{"name":"wp","href":"https:\/\/api.w.org\/{rel}","templated":true}]}}