{"id":5375,"date":"2022-11-18T20:11:07","date_gmt":"2022-11-19T01:11:07","guid":{"rendered":"https:\/\/www.iec2024.ec\/convocatoria-para-el-concurso-del-himno-iec2024\/"},"modified":"2023-09-12T17:06:37","modified_gmt":"2023-09-12T22:06:37","slug":"convocatoria-para-el-concurso-del-himno-iec2024","status":"publish","type":"post","link":"https:\/\/www.iec2024.ec\/en\/convocatoria-para-el-concurso-del-himno-iec2024\/","title":{"rendered":"Convocatoria para el concurso del Himno IEC2024"},"content":{"rendered":"<p>La Arquidi\u00f3cesis de Quito, invita a la convocatoria para el concurso de la letra y m\u00fasica del himno distintivo del \u201cCongreso Eucar\u00edstico Internacional, Quito 2024 (IEC2024)\u201d. Con el tema \u00abFraternidad para sanar el mundo\u00bb.<\/p>\n<p><strong>Lugar:<\/strong>\u00a0Auditorio de la Conferencia Episcopal Ecuatoriana (Antonio de Ulloa N24-109 y Alonso de Mercadillo).<\/p>\n<p><strong>Fecha:<\/strong>\u00a0Mi\u00e9rcoles 23 de noviembre de 2022.<\/p>\n<p><strong>Hora:<\/strong> 12:00<\/p>\n<p>Si est\u00e1s en otra provincia del pa\u00eds puedes conectarte a la transmisi\u00f3n en vivo en:<\/p>\n<p>https:\/\/www.facebook.com\/IEC2024<br \/>\nIngresa a: https:\/\/www.iec2024.ec\/<\/p>\n<p>Mayor informaci\u00f3n: infomusica@iec2024.ec<\/p>\n<p><em><span class=\"fe5nidar khvhiq1o r5qsrrlp i5tg98hk f9ovudaz przvwfww gx1rr48f gfz4du6o r7fjleex nz2484kf svot0ezm dcnh1tix sxl192xd t3g6t33p\"><span class=\"mpj7bzys xzlurrtv\"> <\/span><\/span><span class=\"fe5nidar khvhiq1o r5qsrrlp i5tg98hk f9ovudaz przvwfww gx1rr48f gfz4du6o r7fjleex nz2484kf svot0ezm dcnh1tix sxl192xd t3g6t33p\"><span class=\"mpj7bzys xzlurrtv\"> <\/span><\/span><span class=\"fe5nidar khvhiq1o r5qsrrlp i5tg98hk f9ovudaz przvwfww gx1rr48f gfz4du6o r7fjleex nz2484kf svot0ezm dcnh1tix sxl192xd t3g6t33p\"><span class=\"mpj7bzys xzlurrtv\">  <\/span><\/span>Descarga las bases del Concurso\u00a0<\/em><\/p>\n","protected":false},"excerpt":{"rendered":"<p>La Arquidi\u00f3cesis de Quito, invita a la convocatoria para el concurso de la letra y m\u00fasica del himno distintivo del \u201cCongreso Eucar\u00edstico Internacional, Quito 2024 (IEC2024)\u201d. Con el tema \u00abFraternidad para sanar el mundo\u00bb. Lugar:\u00a0Auditorio de la Conferencia Episcopal Ecuatoriana (Antonio de Ulloa N24-109 y Alonso de Mercadillo). Fecha:\u00a0Mi\u00e9rcoles 23 de noviembre de 2022. Hora: [&hellip;]<\/p>\n","protected":false},"author":3,"featured_media":4843,"comment_status":"open","ping_status":"open","sticky":false,"template":"","format":"standard","meta":{"footnotes":""},"categories":[33],"tags":[],"acf":[],"yoast_head":"<!-- This site is optimized with the Yoast SEO plugin v21.1 - https:\/\/yoast.com\/wordpress\/plugins\/seo\/ -->\n<title>Convocatoria para el concurso del Himno IEC2024 - IEC 2024<\/title>\n<meta name=\"robots\" content=\"index, follow, max-snippet:-1, max-image-preview:large, max-video-preview:-1\" \/>\n<link rel=\"canonical\" href=\"https:\/\/www.iec2024.ec\/en\/convocatoria-para-el-concurso-del-himno-iec2024\/\" \/>\n<meta property=\"og:locale\" content=\"en_US\" \/>\n<meta property=\"og:type\" content=\"article\" \/>\n<meta property=\"og:title\" content=\"Convocatoria para el concurso del Himno IEC2024 - IEC 2024\" \/>\n<meta property=\"og:description\" content=\"La Arquidi\u00f3cesis de Quito, invita a la convocatoria para el concurso de la letra y m\u00fasica del himno distintivo del \u201cCongreso Eucar\u00edstico Internacional, Quito 2024 (IEC2024)\u201d. Con el tema \u00abFraternidad para sanar el mundo\u00bb. Lugar:\u00a0Auditorio de la Conferencia Episcopal Ecuatoriana (Antonio de Ulloa N24-109 y Alonso de Mercadillo). Fecha:\u00a0Mi\u00e9rcoles 23 de noviembre de 2022. Hora: [&hellip;]\" \/>\n<meta property=\"og:url\" content=\"https:\/\/www.iec2024.ec\/en\/convocatoria-para-el-concurso-del-himno-iec2024\/\" \/>\n<meta property=\"og:site_name\" content=\"IEC 2024\" \/>\n<meta property=\"article:published_time\" content=\"2022-11-19T01:11:07+00:00\" \/>\n<meta property=\"article:modified_time\" content=\"2023-09-12T22:06:37+00:00\" \/>\n<meta property=\"og:image\" content=\"https:\/\/www.iec2024.ec\/wp-content\/uploads\/2023\/08\/WhatsApp-Image-2022-11-18-at-7.39.32-PM-copia.jpeg\" \/>\n\t<meta property=\"og:image:width\" content=\"1280\" \/>\n\t<meta property=\"og:image:height\" content=\"831\" \/>\n\t<meta property=\"og:image:type\" content=\"image\/jpeg\" \/>\n<meta name=\"author\" content=\"Xavier Romero\" \/>\n<meta name=\"twitter:card\" content=\"summary_large_image\" \/>\n<meta name=\"twitter:label1\" content=\"Written by\" \/>\n\t<meta name=\"twitter:data1\" content=\"Xavier Romero\" \/>\n\t<meta name=\"twitter:label2\" content=\"Est. reading time\" \/>\n\t<meta name=\"twitter:data2\" content=\"1 minute\" \/>\n<script type=\"application\/ld+json\" class=\"yoast-schema-graph\">{\"@context\":\"https:\/\/schema.org\",\"@graph\":[{\"@type\":\"Article\",\"@id\":\"https:\/\/www.iec2024.ec\/en\/convocatoria-para-el-concurso-del-himno-iec2024\/#article\",\"isPartOf\":{\"@id\":\"https:\/\/www.iec2024.ec\/en\/convocatoria-para-el-concurso-del-himno-iec2024\/\"},\"author\":{\"name\":\"Xavier Romero\",\"@id\":\"https:\/\/www.iec2024.ec\/en\/#\/schema\/person\/de92ba894d75ebc07df8f1027ef5c545\"},\"headline\":\"Convocatoria para el concurso del Himno IEC2024\",\"datePublished\":\"2022-11-19T01:11:07+00:00\",\"dateModified\":\"2023-09-12T22:06:37+00:00\",\"mainEntityOfPage\":{\"@id\":\"https:\/\/www.iec2024.ec\/en\/convocatoria-para-el-concurso-del-himno-iec2024\/\"},\"wordCount\":106,\"commentCount\":0,\"publisher\":{\"@id\":\"https:\/\/www.iec2024.ec\/en\/#organization\"},\"articleSection\":[\"News\"],\"inLanguage\":\"en-US\",\"potentialAction\":[{\"@type\":\"CommentAction\",\"name\":\"Comment\",\"target\":[\"https:\/\/www.iec2024.ec\/en\/convocatoria-para-el-concurso-del-himno-iec2024\/#respond\"]}]},{\"@type\":\"WebPage\",\"@id\":\"https:\/\/www.iec2024.ec\/en\/convocatoria-para-el-concurso-del-himno-iec2024\/\",\"url\":\"https:\/\/www.iec2024.ec\/en\/convocatoria-para-el-concurso-del-himno-iec2024\/\",\"name\":\"Convocatoria para el concurso del Himno IEC2024 - IEC 2024\",\"isPartOf\":{\"@id\":\"https:\/\/www.iec2024.ec\/en\/#website\"},\"datePublished\":\"2022-11-19T01:11:07+00:00\",\"dateModified\":\"2023-09-12T22:06:37+00:00\",\"breadcrumb\":{\"@id\":\"https:\/\/www.iec2024.ec\/en\/convocatoria-para-el-concurso-del-himno-iec2024\/#breadcrumb\"},\"inLanguage\":\"en-US\",\"potentialAction\":[{\"@type\":\"ReadAction\",\"target\":[\"https:\/\/www.iec2024.ec\/en\/convocatoria-para-el-concurso-del-himno-iec2024\/\"]}]},{\"@type\":\"BreadcrumbList\",\"@id\":\"https:\/\/www.iec2024.ec\/en\/convocatoria-para-el-concurso-del-himno-iec2024\/#breadcrumb\",\"itemListElement\":[{\"@type\":\"ListItem\",\"position\":1,\"name\":\"Portada\",\"item\":\"https:\/\/www.iec2024.ec\/en\/\"},{\"@type\":\"ListItem\",\"position\":2,\"name\":\"Convocatoria para el concurso del Himno IEC2024\"}]},{\"@type\":\"WebSite\",\"@id\":\"https:\/\/www.iec2024.ec\/en\/#website\",\"url\":\"https:\/\/www.iec2024.ec\/en\/\",\"name\":\"IEC 2024\",\"description\":\"\",\"publisher\":{\"@id\":\"https:\/\/www.iec2024.ec\/en\/#organization\"},\"potentialAction\":[{\"@type\":\"SearchAction\",\"target\":{\"@type\":\"EntryPoint\",\"urlTemplate\":\"https:\/\/www.iec2024.ec\/en\/?s={search_term_string}\"},\"query-input\":\"required name=search_term_string\"}],\"inLanguage\":\"en-US\"},{\"@type\":\"Organization\",\"@id\":\"https:\/\/www.iec2024.ec\/en\/#organization\",\"name\":\"IEC 2024\",\"url\":\"https:\/\/www.iec2024.ec\/en\/\",\"logo\":{\"@type\":\"ImageObject\",\"inLanguage\":\"en-US\",\"@id\":\"https:\/\/www.iec2024.ec\/en\/#\/schema\/logo\/image\/\",\"url\":\"https:\/\/www.iec2024.ec\/wp-content\/uploads\/2024\/01\/cropped-logo-2024.png\",\"contentUrl\":\"https:\/\/www.iec2024.ec\/wp-content\/uploads\/2024\/01\/cropped-logo-2024.png\",\"width\":1277,\"height\":332,\"caption\":\"IEC 2024\"},\"image\":{\"@id\":\"https:\/\/www.iec2024.ec\/en\/#\/schema\/logo\/image\/\"}},{\"@type\":\"Person\",\"@id\":\"https:\/\/www.iec2024.ec\/en\/#\/schema\/person\/de92ba894d75ebc07df8f1027ef5c545\",\"name\":\"Xavier Romero\",\"image\":{\"@type\":\"ImageObject\",\"inLanguage\":\"en-US\",\"@id\":\"https:\/\/www.iec2024.ec\/en\/#\/schema\/person\/image\/\",\"url\":\"https:\/\/secure.gravatar.com\/avatar\/b613cf907ec2a3494ae839f68a613b11?s=96&d=mm&r=g\",\"contentUrl\":\"https:\/\/secure.gravatar.com\/avatar\/b613cf907ec2a3494ae839f68a613b11?s=96&d=mm&r=g\",\"caption\":\"Xavier Romero\"},\"url\":\"https:\/\/www.iec2024.ec\/en\/author\/xromero\/\"}]}<\/script>\n<!-- \/ Yoast SEO plugin. -->","yoast_head_json":{"title":"Convocatoria para el concurso del Himno IEC2024 - IEC 2024","robots":{"index":"index","follow":"follow","max-snippet":"max-snippet:-1","max-image-preview":"max-image-preview:large","max-video-preview":"max-video-preview:-1"},"canonical":"https:\/\/www.iec2024.ec\/en\/convocatoria-para-el-concurso-del-himno-iec2024\/","og_locale":"en_US","og_type":"article","og_title":"Convocatoria para el concurso del Himno IEC2024 - IEC 2024","og_description":"La Arquidi\u00f3cesis de Quito, invita a la convocatoria para el concurso de la letra y m\u00fasica del himno distintivo del \u201cCongreso Eucar\u00edstico Internacional, Quito 2024 (IEC2024)\u201d. Con el tema \u00abFraternidad para sanar el mundo\u00bb. Lugar:\u00a0Auditorio de la Conferencia Episcopal Ecuatoriana (Antonio de Ulloa N24-109 y Alonso de Mercadillo). Fecha:\u00a0Mi\u00e9rcoles 23 de noviembre de 2022. Hora: [&hellip;]","og_url":"https:\/\/www.iec2024.ec\/en\/convocatoria-para-el-concurso-del-himno-iec2024\/","og_site_name":"IEC 2024","article_published_time":"2022-11-19T01:11:07+00:00","article_modified_time":"2023-09-12T22:06:37+00:00","og_image":[{"width":1280,"height":831,"url":"https:\/\/www.iec2024.ec\/wp-content\/uploads\/2023\/08\/WhatsApp-Image-2022-11-18-at-7.39.32-PM-copia.jpeg","type":"image\/jpeg"}],"author":"Xavier Romero","twitter_card":"summary_large_image","twitter_misc":{"Written by":"Xavier Romero","Est. reading time":"1 minute"},"schema":{"@context":"https:\/\/schema.org","@graph":[{"@type":"Article","@id":"https:\/\/www.iec2024.ec\/en\/convocatoria-para-el-concurso-del-himno-iec2024\/#article","isPartOf":{"@id":"https:\/\/www.iec2024.ec\/en\/convocatoria-para-el-concurso-del-himno-iec2024\/"},"author":{"name":"Xavier Romero","@id":"https:\/\/www.iec2024.ec\/en\/#\/schema\/person\/de92ba894d75ebc07df8f1027ef5c545"},"headline":"Convocatoria para el concurso del Himno IEC2024","datePublished":"2022-11-19T01:11:07+00:00","dateModified":"2023-09-12T22:06:37+00:00","mainEntityOfPage":{"@id":"https:\/\/www.iec2024.ec\/en\/convocatoria-para-el-concurso-del-himno-iec2024\/"},"wordCount":106,"commentCount":0,"publisher":{"@id":"https:\/\/www.iec2024.ec\/en\/#organization"},"articleSection":["News"],"inLanguage":"en-US","potentialAction":[{"@type":"CommentAction","name":"Comment","target":["https:\/\/www.iec2024.ec\/en\/convocatoria-para-el-concurso-del-himno-iec2024\/#respond"]}]},{"@type":"WebPage","@id":"https:\/\/www.iec2024.ec\/en\/convocatoria-para-el-concurso-del-himno-iec2024\/","url":"https:\/\/www.iec2024.ec\/en\/convocatoria-para-el-concurso-del-himno-iec2024\/","name":"Convocatoria para el concurso del Himno IEC2024 - IEC 2024","isPartOf":{"@id":"https:\/\/www.iec2024.ec\/en\/#website"},"datePublished":"2022-11-19T01:11:07+00:00","dateModified":"2023-09-12T22:06:37+00:00","breadcrumb":{"@id":"https:\/\/www.iec2024.ec\/en\/convocatoria-para-el-concurso-del-himno-iec2024\/#breadcrumb"},"inLanguage":"en-US","potentialAction":[{"@type":"ReadAction","target":["https:\/\/www.iec2024.ec\/en\/convocatoria-para-el-concurso-del-himno-iec2024\/"]}]},{"@type":"BreadcrumbList","@id":"https:\/\/www.iec2024.ec\/en\/convocatoria-para-el-concurso-del-himno-iec2024\/#breadcrumb","itemListElement":[{"@type":"ListItem","position":1,"name":"Portada","item":"https:\/\/www.iec2024.ec\/en\/"},{"@type":"ListItem","position":2,"name":"Convocatoria para el concurso del Himno IEC2024"}]},{"@type":"WebSite","@id":"https:\/\/www.iec2024.ec\/en\/#website","url":"https:\/\/www.iec2024.ec\/en\/","name":"IEC 2024","description":"","publisher":{"@id":"https:\/\/www.iec2024.ec\/en\/#organization"},"potentialAction":[{"@type":"SearchAction","target":{"@type":"EntryPoint","urlTemplate":"https:\/\/www.iec2024.ec\/en\/?s={search_term_string}"},"query-input":"required name=search_term_string"}],"inLanguage":"en-US"},{"@type":"Organization","@id":"https:\/\/www.iec2024.ec\/en\/#organization","name":"IEC 2024","url":"https:\/\/www.iec2024.ec\/en\/","logo":{"@type":"ImageObject","inLanguage":"en-US","@id":"https:\/\/www.iec2024.ec\/en\/#\/schema\/logo\/image\/","url":"https:\/\/www.iec2024.ec\/wp-content\/uploads\/2024\/01\/cropped-logo-2024.png","contentUrl":"https:\/\/www.iec2024.ec\/wp-content\/uploads\/2024\/01\/cropped-logo-2024.png","width":1277,"height":332,"caption":"IEC 2024"},"image":{"@id":"https:\/\/www.iec2024.ec\/en\/#\/schema\/logo\/image\/"}},{"@type":"Person","@id":"https:\/\/www.iec2024.ec\/en\/#\/schema\/person\/de92ba894d75ebc07df8f1027ef5c545","name":"Xavier Romero","image":{"@type":"ImageObject","inLanguage":"en-US","@id":"https:\/\/www.iec2024.ec\/en\/#\/schema\/person\/image\/","url":"https:\/\/secure.gravatar.com\/avatar\/b613cf907ec2a3494ae839f68a613b11?s=96&d=mm&r=g","contentUrl":"https:\/\/secure.gravatar.com\/avatar\/b613cf907ec2a3494ae839f68a613b11?s=96&d=mm&r=g","caption":"Xavier Romero"},"url":"https:\/\/www.iec2024.ec\/en\/author\/xromero\/"}]}},"_links":{"self":[{"href":"https:\/\/www.iec2024.ec\/en\/wp-json\/wp\/v2\/posts\/5375"}],"collection":[{"href":"https:\/\/www.iec2024.ec\/en\/wp-json\/wp\/v2\/posts"}],"about":[{"href":"https:\/\/www.iec2024.ec\/en\/wp-json\/wp\/v2\/types\/post"}],"author":[{"embeddable":true,"href":"https:\/\/www.iec2024.ec\/en\/wp-json\/wp\/v2\/users\/3"}],"replies":[{"embeddable":true,"href":"https:\/\/www.iec2024.ec\/en\/wp-json\/wp\/v2\/comments?post=5375"}],"version-history":[{"count":1,"href":"https:\/\/www.iec2024.ec\/en\/wp-json\/wp\/v2\/posts\/5375\/revisions"}],"predecessor-version":[{"id":5781,"href":"https:\/\/www.iec2024.ec\/en\/wp-json\/wp\/v2\/posts\/5375\/revisions\/5781"}],"wp:featuredmedia":[{"embeddable":true,"href":"https:\/\/www.iec2024.ec\/en\/wp-json\/wp\/v2\/media\/4843"}],"wp:attachment":[{"href":"https:\/\/www.iec2024.ec\/en\/wp-json\/wp\/v2\/media?parent=5375"}],"wp:term":[{"taxonomy":"category","embeddable":true,"href":"https:\/\/www.iec2024.ec\/en\/wp-json\/wp\/v2\/categories?post=5375"},{"taxonomy":"post_tag","embeddable":true,"href":"https:\/\/www.iec2024.ec\/en\/wp-json\/wp\/v2\/tags?post=5375"}],"curies":[{"name":"wp","href":"https:\/\/api.w.org\/{rel}","templated":true}]}}