{"id":5377,"date":"2022-11-17T12:58:18","date_gmt":"2022-11-17T17:58:18","guid":{"rendered":"https:\/\/www.iec2024.ec\/arzobispo-de-quito-recibe-reconocimiento-de-quito-turismo\/"},"modified":"2024-05-16T14:06:33","modified_gmt":"2024-05-16T19:06:33","slug":"arzobispo-de-quito-recibe-reconocimiento-de-quito-turismo","status":"publish","type":"post","link":"https:\/\/www.iec2024.ec\/en\/arzobispo-de-quito-recibe-reconocimiento-de-quito-turismo\/","title":{"rendered":"Arzobispo de Quito recibe reconocimiento de Quito Turismo."},"content":{"rendered":"<p>El pasado 16 de noviembre de 2022, Mons. Alfredo Jos\u00e9 Espinoza, sdb, recibi\u00f3 el reconocimiento de \u201cEmbajador Tur\u00edstico\u201d a prop\u00f3sito del 53\u00b0 Congreso Eucar\u00edstico Internacional que se celebrar\u00e1 en Quito en 2024.<\/p>\n<p>En el marco de la visita oficial que realiza el Comit\u00e9 Pontificio Eucar\u00edstico Internacional, Irene Guijarro, Directora MICE de Quito Turismo otorg\u00f3 el reconocimiento de \u201cEmbajador de Turismo de Eventos\u201d al Arzobispo de Quito por dirigir y organizar el 53\u00b0 Congreso Eucar\u00edstico Internacional en la capital.<\/p>\n<p>Seg\u00fan Guijarro, este reconocimiento es para personas que se han destacado en cada una de sus \u00e1reas, en este caso, en la organizaci\u00f3n del Congreso Eucar\u00edstico Internacional.<\/p>\n<p>El turismo de eventos tiene una tendencia a impactar hasta 7 veces m\u00e1s que el turismo regular y que su plus es impartir conocimiento.<br \/>\nComo parte de este reconocimiento, Quito Turismo tambi\u00e9n entreg\u00f3 un presente al P. Corrado Maggioni y P. Vittore Boccardi, Presidente y Secretario del Comit\u00e9 Pontificio Eucar\u00edstico Internacional, que consiste en una flor amarilla inmortalizada.<\/p>\n<p>Mons. Alfredo Jos\u00e9 Espinoza, sdb, resalt\u00f3 que el apoyo del Municipio no solo se quede en la placa, sino que invita a participar de manera activa a la instituci\u00f3n.<\/p>\n","protected":false},"excerpt":{"rendered":"<p>El pasado 16 de noviembre de 2022, Mons. Alfredo Jos\u00e9 Espinoza, sdb, recibi\u00f3 el reconocimiento de \u201cEmbajador Tur\u00edstico\u201d a prop\u00f3sito del 53\u00b0 Congreso Eucar\u00edstico Internacional que se celebrar\u00e1 en Quito en 2024. En el marco de la visita oficial que realiza el Comit\u00e9 Pontificio Eucar\u00edstico Internacional, Irene Guijarro, Directora MICE de Quito Turismo otorg\u00f3 el [&hellip;]<\/p>\n","protected":false},"author":2,"featured_media":4837,"comment_status":"open","ping_status":"open","sticky":false,"template":"","format":"standard","meta":{"footnotes":""},"categories":[33],"tags":[],"acf":[],"yoast_head":"<!-- This site is optimized with the Yoast SEO plugin v21.1 - https:\/\/yoast.com\/wordpress\/plugins\/seo\/ -->\n<title>Arzobispo de Quito recibe reconocimiento de Quito Turismo. - IEC 2024<\/title>\n<meta name=\"robots\" content=\"index, follow, max-snippet:-1, max-image-preview:large, max-video-preview:-1\" \/>\n<link rel=\"canonical\" href=\"https:\/\/www.iec2024.ec\/en\/arzobispo-de-quito-recibe-reconocimiento-de-quito-turismo\/\" \/>\n<meta property=\"og:locale\" content=\"en_US\" \/>\n<meta property=\"og:type\" content=\"article\" \/>\n<meta property=\"og:title\" content=\"Arzobispo de Quito recibe reconocimiento de Quito Turismo. - IEC 2024\" \/>\n<meta property=\"og:description\" content=\"El pasado 16 de noviembre de 2022, Mons. Alfredo Jos\u00e9 Espinoza, sdb, recibi\u00f3 el reconocimiento de \u201cEmbajador Tur\u00edstico\u201d a prop\u00f3sito del 53\u00b0 Congreso Eucar\u00edstico Internacional que se celebrar\u00e1 en Quito en 2024. En el marco de la visita oficial que realiza el Comit\u00e9 Pontificio Eucar\u00edstico Internacional, Irene Guijarro, Directora MICE de Quito Turismo otorg\u00f3 el [&hellip;]\" \/>\n<meta property=\"og:url\" content=\"https:\/\/www.iec2024.ec\/en\/arzobispo-de-quito-recibe-reconocimiento-de-quito-turismo\/\" \/>\n<meta property=\"og:site_name\" content=\"IEC 2024\" \/>\n<meta property=\"article:published_time\" content=\"2022-11-17T17:58:18+00:00\" \/>\n<meta property=\"article:modified_time\" content=\"2024-05-16T19:06:33+00:00\" \/>\n<meta property=\"og:image\" content=\"https:\/\/www.iec2024.ec\/wp-content\/uploads\/2023\/08\/reconocimiento.png\" \/>\n\t<meta property=\"og:image:width\" content=\"1324\" \/>\n\t<meta property=\"og:image:height\" content=\"595\" \/>\n\t<meta property=\"og:image:type\" content=\"image\/png\" \/>\n<meta name=\"author\" content=\"Secretario T\u00e9cnico\" \/>\n<meta name=\"twitter:card\" content=\"summary_large_image\" \/>\n<meta name=\"twitter:label1\" content=\"Written by\" \/>\n\t<meta name=\"twitter:data1\" content=\"Secretario T\u00e9cnico\" \/>\n\t<meta name=\"twitter:label2\" content=\"Est. reading time\" \/>\n\t<meta name=\"twitter:data2\" content=\"1 minute\" \/>\n<script type=\"application\/ld+json\" class=\"yoast-schema-graph\">{\"@context\":\"https:\/\/schema.org\",\"@graph\":[{\"@type\":\"Article\",\"@id\":\"https:\/\/www.iec2024.ec\/en\/arzobispo-de-quito-recibe-reconocimiento-de-quito-turismo\/#article\",\"isPartOf\":{\"@id\":\"https:\/\/www.iec2024.ec\/en\/arzobispo-de-quito-recibe-reconocimiento-de-quito-turismo\/\"},\"author\":{\"name\":\"Secretario T\u00e9cnico\",\"@id\":\"https:\/\/www.iec2024.ec\/en\/#\/schema\/person\/7dc46e27a804fe39ba34935ca5284fe2\"},\"headline\":\"Arzobispo de Quito recibe reconocimiento de Quito Turismo.\",\"datePublished\":\"2022-11-17T17:58:18+00:00\",\"dateModified\":\"2024-05-16T19:06:33+00:00\",\"mainEntityOfPage\":{\"@id\":\"https:\/\/www.iec2024.ec\/en\/arzobispo-de-quito-recibe-reconocimiento-de-quito-turismo\/\"},\"wordCount\":206,\"commentCount\":0,\"publisher\":{\"@id\":\"https:\/\/www.iec2024.ec\/en\/#organization\"},\"articleSection\":[\"News\"],\"inLanguage\":\"en-US\",\"potentialAction\":[{\"@type\":\"CommentAction\",\"name\":\"Comment\",\"target\":[\"https:\/\/www.iec2024.ec\/en\/arzobispo-de-quito-recibe-reconocimiento-de-quito-turismo\/#respond\"]}]},{\"@type\":\"WebPage\",\"@id\":\"https:\/\/www.iec2024.ec\/en\/arzobispo-de-quito-recibe-reconocimiento-de-quito-turismo\/\",\"url\":\"https:\/\/www.iec2024.ec\/en\/arzobispo-de-quito-recibe-reconocimiento-de-quito-turismo\/\",\"name\":\"Arzobispo de Quito recibe reconocimiento de Quito Turismo. - IEC 2024\",\"isPartOf\":{\"@id\":\"https:\/\/www.iec2024.ec\/en\/#website\"},\"datePublished\":\"2022-11-17T17:58:18+00:00\",\"dateModified\":\"2024-05-16T19:06:33+00:00\",\"breadcrumb\":{\"@id\":\"https:\/\/www.iec2024.ec\/en\/arzobispo-de-quito-recibe-reconocimiento-de-quito-turismo\/#breadcrumb\"},\"inLanguage\":\"en-US\",\"potentialAction\":[{\"@type\":\"ReadAction\",\"target\":[\"https:\/\/www.iec2024.ec\/en\/arzobispo-de-quito-recibe-reconocimiento-de-quito-turismo\/\"]}]},{\"@type\":\"BreadcrumbList\",\"@id\":\"https:\/\/www.iec2024.ec\/en\/arzobispo-de-quito-recibe-reconocimiento-de-quito-turismo\/#breadcrumb\",\"itemListElement\":[{\"@type\":\"ListItem\",\"position\":1,\"name\":\"Portada\",\"item\":\"https:\/\/www.iec2024.ec\/en\/\"},{\"@type\":\"ListItem\",\"position\":2,\"name\":\"Arzobispo de Quito recibe reconocimiento de Quito Turismo.\"}]},{\"@type\":\"WebSite\",\"@id\":\"https:\/\/www.iec2024.ec\/en\/#website\",\"url\":\"https:\/\/www.iec2024.ec\/en\/\",\"name\":\"IEC 2024\",\"description\":\"\",\"publisher\":{\"@id\":\"https:\/\/www.iec2024.ec\/en\/#organization\"},\"potentialAction\":[{\"@type\":\"SearchAction\",\"target\":{\"@type\":\"EntryPoint\",\"urlTemplate\":\"https:\/\/www.iec2024.ec\/en\/?s={search_term_string}\"},\"query-input\":\"required name=search_term_string\"}],\"inLanguage\":\"en-US\"},{\"@type\":\"Organization\",\"@id\":\"https:\/\/www.iec2024.ec\/en\/#organization\",\"name\":\"IEC 2024\",\"url\":\"https:\/\/www.iec2024.ec\/en\/\",\"logo\":{\"@type\":\"ImageObject\",\"inLanguage\":\"en-US\",\"@id\":\"https:\/\/www.iec2024.ec\/en\/#\/schema\/logo\/image\/\",\"url\":\"https:\/\/www.iec2024.ec\/wp-content\/uploads\/2024\/01\/cropped-logo-2024.png\",\"contentUrl\":\"https:\/\/www.iec2024.ec\/wp-content\/uploads\/2024\/01\/cropped-logo-2024.png\",\"width\":1277,\"height\":332,\"caption\":\"IEC 2024\"},\"image\":{\"@id\":\"https:\/\/www.iec2024.ec\/en\/#\/schema\/logo\/image\/\"}},{\"@type\":\"Person\",\"@id\":\"https:\/\/www.iec2024.ec\/en\/#\/schema\/person\/7dc46e27a804fe39ba34935ca5284fe2\",\"name\":\"Secretario T\u00e9cnico\",\"image\":{\"@type\":\"ImageObject\",\"inLanguage\":\"en-US\",\"@id\":\"https:\/\/www.iec2024.ec\/en\/#\/schema\/person\/image\/\",\"url\":\"https:\/\/secure.gravatar.com\/avatar\/67808a21710148ea0645bc85e43e21b6?s=96&d=mm&r=g\",\"contentUrl\":\"https:\/\/secure.gravatar.com\/avatar\/67808a21710148ea0645bc85e43e21b6?s=96&d=mm&r=g\",\"caption\":\"Secretario T\u00e9cnico\"},\"url\":\"https:\/\/www.iec2024.ec\/en\/author\/4dm1ns3cr3t4r10\/\"}]}<\/script>\n<!-- \/ Yoast SEO plugin. -->","yoast_head_json":{"title":"Arzobispo de Quito recibe reconocimiento de Quito Turismo. - IEC 2024","robots":{"index":"index","follow":"follow","max-snippet":"max-snippet:-1","max-image-preview":"max-image-preview:large","max-video-preview":"max-video-preview:-1"},"canonical":"https:\/\/www.iec2024.ec\/en\/arzobispo-de-quito-recibe-reconocimiento-de-quito-turismo\/","og_locale":"en_US","og_type":"article","og_title":"Arzobispo de Quito recibe reconocimiento de Quito Turismo. - IEC 2024","og_description":"El pasado 16 de noviembre de 2022, Mons. Alfredo Jos\u00e9 Espinoza, sdb, recibi\u00f3 el reconocimiento de \u201cEmbajador Tur\u00edstico\u201d a prop\u00f3sito del 53\u00b0 Congreso Eucar\u00edstico Internacional que se celebrar\u00e1 en Quito en 2024. En el marco de la visita oficial que realiza el Comit\u00e9 Pontificio Eucar\u00edstico Internacional, Irene Guijarro, Directora MICE de Quito Turismo otorg\u00f3 el [&hellip;]","og_url":"https:\/\/www.iec2024.ec\/en\/arzobispo-de-quito-recibe-reconocimiento-de-quito-turismo\/","og_site_name":"IEC 2024","article_published_time":"2022-11-17T17:58:18+00:00","article_modified_time":"2024-05-16T19:06:33+00:00","og_image":[{"width":1324,"height":595,"url":"https:\/\/www.iec2024.ec\/wp-content\/uploads\/2023\/08\/reconocimiento.png","type":"image\/png"}],"author":"Secretario T\u00e9cnico","twitter_card":"summary_large_image","twitter_misc":{"Written by":"Secretario T\u00e9cnico","Est. reading time":"1 minute"},"schema":{"@context":"https:\/\/schema.org","@graph":[{"@type":"Article","@id":"https:\/\/www.iec2024.ec\/en\/arzobispo-de-quito-recibe-reconocimiento-de-quito-turismo\/#article","isPartOf":{"@id":"https:\/\/www.iec2024.ec\/en\/arzobispo-de-quito-recibe-reconocimiento-de-quito-turismo\/"},"author":{"name":"Secretario T\u00e9cnico","@id":"https:\/\/www.iec2024.ec\/en\/#\/schema\/person\/7dc46e27a804fe39ba34935ca5284fe2"},"headline":"Arzobispo de Quito recibe reconocimiento de Quito Turismo.","datePublished":"2022-11-17T17:58:18+00:00","dateModified":"2024-05-16T19:06:33+00:00","mainEntityOfPage":{"@id":"https:\/\/www.iec2024.ec\/en\/arzobispo-de-quito-recibe-reconocimiento-de-quito-turismo\/"},"wordCount":206,"commentCount":0,"publisher":{"@id":"https:\/\/www.iec2024.ec\/en\/#organization"},"articleSection":["News"],"inLanguage":"en-US","potentialAction":[{"@type":"CommentAction","name":"Comment","target":["https:\/\/www.iec2024.ec\/en\/arzobispo-de-quito-recibe-reconocimiento-de-quito-turismo\/#respond"]}]},{"@type":"WebPage","@id":"https:\/\/www.iec2024.ec\/en\/arzobispo-de-quito-recibe-reconocimiento-de-quito-turismo\/","url":"https:\/\/www.iec2024.ec\/en\/arzobispo-de-quito-recibe-reconocimiento-de-quito-turismo\/","name":"Arzobispo de Quito recibe reconocimiento de Quito Turismo. - IEC 2024","isPartOf":{"@id":"https:\/\/www.iec2024.ec\/en\/#website"},"datePublished":"2022-11-17T17:58:18+00:00","dateModified":"2024-05-16T19:06:33+00:00","breadcrumb":{"@id":"https:\/\/www.iec2024.ec\/en\/arzobispo-de-quito-recibe-reconocimiento-de-quito-turismo\/#breadcrumb"},"inLanguage":"en-US","potentialAction":[{"@type":"ReadAction","target":["https:\/\/www.iec2024.ec\/en\/arzobispo-de-quito-recibe-reconocimiento-de-quito-turismo\/"]}]},{"@type":"BreadcrumbList","@id":"https:\/\/www.iec2024.ec\/en\/arzobispo-de-quito-recibe-reconocimiento-de-quito-turismo\/#breadcrumb","itemListElement":[{"@type":"ListItem","position":1,"name":"Portada","item":"https:\/\/www.iec2024.ec\/en\/"},{"@type":"ListItem","position":2,"name":"Arzobispo de Quito recibe reconocimiento de Quito Turismo."}]},{"@type":"WebSite","@id":"https:\/\/www.iec2024.ec\/en\/#website","url":"https:\/\/www.iec2024.ec\/en\/","name":"IEC 2024","description":"","publisher":{"@id":"https:\/\/www.iec2024.ec\/en\/#organization"},"potentialAction":[{"@type":"SearchAction","target":{"@type":"EntryPoint","urlTemplate":"https:\/\/www.iec2024.ec\/en\/?s={search_term_string}"},"query-input":"required name=search_term_string"}],"inLanguage":"en-US"},{"@type":"Organization","@id":"https:\/\/www.iec2024.ec\/en\/#organization","name":"IEC 2024","url":"https:\/\/www.iec2024.ec\/en\/","logo":{"@type":"ImageObject","inLanguage":"en-US","@id":"https:\/\/www.iec2024.ec\/en\/#\/schema\/logo\/image\/","url":"https:\/\/www.iec2024.ec\/wp-content\/uploads\/2024\/01\/cropped-logo-2024.png","contentUrl":"https:\/\/www.iec2024.ec\/wp-content\/uploads\/2024\/01\/cropped-logo-2024.png","width":1277,"height":332,"caption":"IEC 2024"},"image":{"@id":"https:\/\/www.iec2024.ec\/en\/#\/schema\/logo\/image\/"}},{"@type":"Person","@id":"https:\/\/www.iec2024.ec\/en\/#\/schema\/person\/7dc46e27a804fe39ba34935ca5284fe2","name":"Secretario T\u00e9cnico","image":{"@type":"ImageObject","inLanguage":"en-US","@id":"https:\/\/www.iec2024.ec\/en\/#\/schema\/person\/image\/","url":"https:\/\/secure.gravatar.com\/avatar\/67808a21710148ea0645bc85e43e21b6?s=96&d=mm&r=g","contentUrl":"https:\/\/secure.gravatar.com\/avatar\/67808a21710148ea0645bc85e43e21b6?s=96&d=mm&r=g","caption":"Secretario T\u00e9cnico"},"url":"https:\/\/www.iec2024.ec\/en\/author\/4dm1ns3cr3t4r10\/"}]}},"_links":{"self":[{"href":"https:\/\/www.iec2024.ec\/en\/wp-json\/wp\/v2\/posts\/5377"}],"collection":[{"href":"https:\/\/www.iec2024.ec\/en\/wp-json\/wp\/v2\/posts"}],"about":[{"href":"https:\/\/www.iec2024.ec\/en\/wp-json\/wp\/v2\/types\/post"}],"author":[{"embeddable":true,"href":"https:\/\/www.iec2024.ec\/en\/wp-json\/wp\/v2\/users\/2"}],"replies":[{"embeddable":true,"href":"https:\/\/www.iec2024.ec\/en\/wp-json\/wp\/v2\/comments?post=5377"}],"version-history":[{"count":1,"href":"https:\/\/www.iec2024.ec\/en\/wp-json\/wp\/v2\/posts\/5377\/revisions"}],"predecessor-version":[{"id":5783,"href":"https:\/\/www.iec2024.ec\/en\/wp-json\/wp\/v2\/posts\/5377\/revisions\/5783"}],"wp:featuredmedia":[{"embeddable":true,"href":"https:\/\/www.iec2024.ec\/en\/wp-json\/wp\/v2\/media\/4837"}],"wp:attachment":[{"href":"https:\/\/www.iec2024.ec\/en\/wp-json\/wp\/v2\/media?parent=5377"}],"wp:term":[{"taxonomy":"category","embeddable":true,"href":"https:\/\/www.iec2024.ec\/en\/wp-json\/wp\/v2\/categories?post=5377"},{"taxonomy":"post_tag","embeddable":true,"href":"https:\/\/www.iec2024.ec\/en\/wp-json\/wp\/v2\/tags?post=5377"}],"curies":[{"name":"wp","href":"https:\/\/api.w.org\/{rel}","templated":true}]}}