{"id":5379,"date":"2022-11-15T13:52:54","date_gmt":"2022-11-15T18:52:54","guid":{"rendered":"https:\/\/www.iec2024.ec\/iglesia-del-ecuador-anuncio-que-quito-sera-sede-del-congreso-eucaristico-internacional-2024\/"},"modified":"2024-05-16T14:04:53","modified_gmt":"2024-05-16T19:04:53","slug":"iglesia-del-ecuador-anuncio-que-quito-sera-sede-del-congreso-eucaristico-internacional-2024","status":"publish","type":"post","link":"https:\/\/www.iec2024.ec\/en\/iglesia-del-ecuador-anuncio-que-quito-sera-sede-del-congreso-eucaristico-internacional-2024\/","title":{"rendered":"Iglesia del Ecuador anunci\u00f3 que Quito ser\u00e1 sede del Congreso Eucar\u00edstico Internacional 2024"},"content":{"rendered":"<p>El 26 de octubre, el Arzobispo de Quito, Mons. Alfredo Jos\u00e9 Espinoza Mateus, sdb, a trav\u00e9s de una rueda de prensa, anunci\u00f3 oficialmente que Quito ser\u00e1 sede del pr\u00f3ximo Congreso Eucar\u00edstico Internacional (IEC2024) del 8 al 15 de septiembre de 2024.<\/p>\n<p>Lo hizo acompa\u00f1ado del Nuncio Apost\u00f3lico Mons. Andr\u00e9s Carrascosa, del Presidente de la Conferencia Episcopal Ecuatoriana, Mons. Luis Cabrera, ofm, sus Obispos Auxiliares, Mons. David de la Torre, ss.cc, Mons. Danilo Echeverr\u00eda, Mons. Max Ord\u00f3\u00f1ez, y el P. Juan Carlos Garz\u00f3n, Secretario General del IEC2024.<\/p>\n<p><em>\u201c&#8230;el amor y la fidelidad de Dios a nuestra patria y el compromiso del pueblo ecuatoriano de renovar la consagraci\u00f3n al Sagrado Coraz\u00f3n de Jes\u00fas\u201d<\/em> fue el expresar de Monse\u00f1or Luis Cabrera con motivo del gozo por la designaci\u00f3n del Papa Francisco para que Quito, capital de Ecuador sea la pr\u00f3xima sede del Congreso Eucar\u00edstico Internacional a celebrarse en Septiembre del 2024. Coincidiendo providentemente con el aniversario 150 de la consagraci\u00f3n del Ecuador al Sagrado Coraz\u00f3n de Jes\u00fas.<\/p>\n<p>El tema del Congreso es \u00abFraternidad para sanar el mundo\u00bb y se espera que, durante el Congreso, el Ecuador reciba delegaciones de todo el mundo, entre ellos, cardenales, obispos, sacerdotes, religiosos y religiosas y laicos. Todos ellos podr\u00e1n reflexionar sobre la Eucarist\u00eda como centro de la vida cristiana y de la Iglesia.<\/p>\n<p><video width=\"100%\" height=\"auto\" controls><source src=\"https:\/\/www.iec2024.ec\/wp-content\/uploads\/2022\/11\/video-noticia-16nov.mp4\" type=\"video\/mp4\"><\/video><\/p>\n","protected":false},"excerpt":{"rendered":"<p>El 26 de octubre, el Arzobispo de Quito, Mons. Alfredo Jos\u00e9 Espinoza Mateus, sdb, a trav\u00e9s de una rueda de prensa, anunci\u00f3 oficialmente que Quito ser\u00e1 sede del pr\u00f3ximo Congreso Eucar\u00edstico Internacional (IEC2024) del 8 al 15 de septiembre de 2024.<\/p>\n","protected":false},"author":2,"featured_media":4833,"comment_status":"open","ping_status":"open","sticky":false,"template":"","format":"standard","meta":{"footnotes":""},"categories":[33],"tags":[],"acf":[],"yoast_head":"<!-- This site is optimized with the Yoast SEO plugin v21.1 - https:\/\/yoast.com\/wordpress\/plugins\/seo\/ -->\n<title>Iglesia del Ecuador anunci\u00f3 que Quito ser\u00e1 sede del Congreso Eucar\u00edstico Internacional 2024 - IEC 2024<\/title>\n<meta name=\"robots\" content=\"index, follow, max-snippet:-1, max-image-preview:large, max-video-preview:-1\" \/>\n<link rel=\"canonical\" href=\"https:\/\/www.iec2024.ec\/en\/iglesia-del-ecuador-anuncio-que-quito-sera-sede-del-congreso-eucaristico-internacional-2024\/\" \/>\n<meta property=\"og:locale\" content=\"en_US\" \/>\n<meta property=\"og:type\" content=\"article\" \/>\n<meta property=\"og:title\" content=\"Iglesia del Ecuador anunci\u00f3 que Quito ser\u00e1 sede del Congreso Eucar\u00edstico Internacional 2024 - IEC 2024\" \/>\n<meta property=\"og:description\" content=\"El 26 de octubre, el Arzobispo de Quito, Mons. Alfredo Jos\u00e9 Espinoza Mateus, sdb, a trav\u00e9s de una rueda de prensa, anunci\u00f3 oficialmente que Quito ser\u00e1 sede del pr\u00f3ximo Congreso Eucar\u00edstico Internacional (IEC2024) del 8 al 15 de septiembre de 2024.\" \/>\n<meta property=\"og:url\" content=\"https:\/\/www.iec2024.ec\/en\/iglesia-del-ecuador-anuncio-que-quito-sera-sede-del-congreso-eucaristico-internacional-2024\/\" \/>\n<meta property=\"og:site_name\" content=\"IEC 2024\" \/>\n<meta property=\"article:published_time\" content=\"2022-11-15T18:52:54+00:00\" \/>\n<meta property=\"article:modified_time\" content=\"2024-05-16T19:04:53+00:00\" \/>\n<meta property=\"og:image\" content=\"https:\/\/www.iec2024.ec\/wp-content\/uploads\/2023\/08\/noticia-entrevista-1.jpg\" \/>\n\t<meta property=\"og:image:width\" content=\"1600\" \/>\n\t<meta property=\"og:image:height\" content=\"969\" \/>\n\t<meta property=\"og:image:type\" content=\"image\/jpeg\" \/>\n<meta name=\"author\" content=\"Secretario T\u00e9cnico\" \/>\n<meta name=\"twitter:card\" content=\"summary_large_image\" \/>\n<meta name=\"twitter:label1\" content=\"Written by\" \/>\n\t<meta name=\"twitter:data1\" content=\"Secretario T\u00e9cnico\" \/>\n\t<meta name=\"twitter:label2\" content=\"Est. reading time\" \/>\n\t<meta name=\"twitter:data2\" content=\"1 minute\" \/>\n<script type=\"application\/ld+json\" class=\"yoast-schema-graph\">{\"@context\":\"https:\/\/schema.org\",\"@graph\":[{\"@type\":\"Article\",\"@id\":\"https:\/\/www.iec2024.ec\/en\/iglesia-del-ecuador-anuncio-que-quito-sera-sede-del-congreso-eucaristico-internacional-2024\/#article\",\"isPartOf\":{\"@id\":\"https:\/\/www.iec2024.ec\/en\/iglesia-del-ecuador-anuncio-que-quito-sera-sede-del-congreso-eucaristico-internacional-2024\/\"},\"author\":{\"name\":\"Secretario T\u00e9cnico\",\"@id\":\"https:\/\/www.iec2024.ec\/en\/#\/schema\/person\/7dc46e27a804fe39ba34935ca5284fe2\"},\"headline\":\"Iglesia del Ecuador anunci\u00f3 que Quito ser\u00e1 sede del Congreso Eucar\u00edstico Internacional 2024\",\"datePublished\":\"2022-11-15T18:52:54+00:00\",\"dateModified\":\"2024-05-16T19:04:53+00:00\",\"mainEntityOfPage\":{\"@id\":\"https:\/\/www.iec2024.ec\/en\/iglesia-del-ecuador-anuncio-que-quito-sera-sede-del-congreso-eucaristico-internacional-2024\/\"},\"wordCount\":245,\"commentCount\":0,\"publisher\":{\"@id\":\"https:\/\/www.iec2024.ec\/en\/#organization\"},\"articleSection\":[\"News\"],\"inLanguage\":\"en-US\",\"potentialAction\":[{\"@type\":\"CommentAction\",\"name\":\"Comment\",\"target\":[\"https:\/\/www.iec2024.ec\/en\/iglesia-del-ecuador-anuncio-que-quito-sera-sede-del-congreso-eucaristico-internacional-2024\/#respond\"]}]},{\"@type\":\"WebPage\",\"@id\":\"https:\/\/www.iec2024.ec\/en\/iglesia-del-ecuador-anuncio-que-quito-sera-sede-del-congreso-eucaristico-internacional-2024\/\",\"url\":\"https:\/\/www.iec2024.ec\/en\/iglesia-del-ecuador-anuncio-que-quito-sera-sede-del-congreso-eucaristico-internacional-2024\/\",\"name\":\"Iglesia del Ecuador anunci\u00f3 que Quito ser\u00e1 sede del Congreso Eucar\u00edstico Internacional 2024 - IEC 2024\",\"isPartOf\":{\"@id\":\"https:\/\/www.iec2024.ec\/en\/#website\"},\"datePublished\":\"2022-11-15T18:52:54+00:00\",\"dateModified\":\"2024-05-16T19:04:53+00:00\",\"breadcrumb\":{\"@id\":\"https:\/\/www.iec2024.ec\/en\/iglesia-del-ecuador-anuncio-que-quito-sera-sede-del-congreso-eucaristico-internacional-2024\/#breadcrumb\"},\"inLanguage\":\"en-US\",\"potentialAction\":[{\"@type\":\"ReadAction\",\"target\":[\"https:\/\/www.iec2024.ec\/en\/iglesia-del-ecuador-anuncio-que-quito-sera-sede-del-congreso-eucaristico-internacional-2024\/\"]}]},{\"@type\":\"BreadcrumbList\",\"@id\":\"https:\/\/www.iec2024.ec\/en\/iglesia-del-ecuador-anuncio-que-quito-sera-sede-del-congreso-eucaristico-internacional-2024\/#breadcrumb\",\"itemListElement\":[{\"@type\":\"ListItem\",\"position\":1,\"name\":\"Portada\",\"item\":\"https:\/\/www.iec2024.ec\/en\/\"},{\"@type\":\"ListItem\",\"position\":2,\"name\":\"Iglesia del Ecuador anunci\u00f3 que Quito ser\u00e1 sede del Congreso Eucar\u00edstico Internacional 2024\"}]},{\"@type\":\"WebSite\",\"@id\":\"https:\/\/www.iec2024.ec\/en\/#website\",\"url\":\"https:\/\/www.iec2024.ec\/en\/\",\"name\":\"IEC 2024\",\"description\":\"\",\"publisher\":{\"@id\":\"https:\/\/www.iec2024.ec\/en\/#organization\"},\"potentialAction\":[{\"@type\":\"SearchAction\",\"target\":{\"@type\":\"EntryPoint\",\"urlTemplate\":\"https:\/\/www.iec2024.ec\/en\/?s={search_term_string}\"},\"query-input\":\"required name=search_term_string\"}],\"inLanguage\":\"en-US\"},{\"@type\":\"Organization\",\"@id\":\"https:\/\/www.iec2024.ec\/en\/#organization\",\"name\":\"IEC 2024\",\"url\":\"https:\/\/www.iec2024.ec\/en\/\",\"logo\":{\"@type\":\"ImageObject\",\"inLanguage\":\"en-US\",\"@id\":\"https:\/\/www.iec2024.ec\/en\/#\/schema\/logo\/image\/\",\"url\":\"https:\/\/www.iec2024.ec\/wp-content\/uploads\/2024\/01\/cropped-logo-2024.png\",\"contentUrl\":\"https:\/\/www.iec2024.ec\/wp-content\/uploads\/2024\/01\/cropped-logo-2024.png\",\"width\":1277,\"height\":332,\"caption\":\"IEC 2024\"},\"image\":{\"@id\":\"https:\/\/www.iec2024.ec\/en\/#\/schema\/logo\/image\/\"}},{\"@type\":\"Person\",\"@id\":\"https:\/\/www.iec2024.ec\/en\/#\/schema\/person\/7dc46e27a804fe39ba34935ca5284fe2\",\"name\":\"Secretario T\u00e9cnico\",\"image\":{\"@type\":\"ImageObject\",\"inLanguage\":\"en-US\",\"@id\":\"https:\/\/www.iec2024.ec\/en\/#\/schema\/person\/image\/\",\"url\":\"https:\/\/secure.gravatar.com\/avatar\/67808a21710148ea0645bc85e43e21b6?s=96&d=mm&r=g\",\"contentUrl\":\"https:\/\/secure.gravatar.com\/avatar\/67808a21710148ea0645bc85e43e21b6?s=96&d=mm&r=g\",\"caption\":\"Secretario T\u00e9cnico\"},\"url\":\"https:\/\/www.iec2024.ec\/en\/author\/4dm1ns3cr3t4r10\/\"}]}<\/script>\n<!-- \/ Yoast SEO plugin. -->","yoast_head_json":{"title":"Iglesia del Ecuador anunci\u00f3 que Quito ser\u00e1 sede del Congreso Eucar\u00edstico Internacional 2024 - IEC 2024","robots":{"index":"index","follow":"follow","max-snippet":"max-snippet:-1","max-image-preview":"max-image-preview:large","max-video-preview":"max-video-preview:-1"},"canonical":"https:\/\/www.iec2024.ec\/en\/iglesia-del-ecuador-anuncio-que-quito-sera-sede-del-congreso-eucaristico-internacional-2024\/","og_locale":"en_US","og_type":"article","og_title":"Iglesia del Ecuador anunci\u00f3 que Quito ser\u00e1 sede del Congreso Eucar\u00edstico Internacional 2024 - IEC 2024","og_description":"El 26 de octubre, el Arzobispo de Quito, Mons. Alfredo Jos\u00e9 Espinoza Mateus, sdb, a trav\u00e9s de una rueda de prensa, anunci\u00f3 oficialmente que Quito ser\u00e1 sede del pr\u00f3ximo Congreso Eucar\u00edstico Internacional (IEC2024) del 8 al 15 de septiembre de 2024.","og_url":"https:\/\/www.iec2024.ec\/en\/iglesia-del-ecuador-anuncio-que-quito-sera-sede-del-congreso-eucaristico-internacional-2024\/","og_site_name":"IEC 2024","article_published_time":"2022-11-15T18:52:54+00:00","article_modified_time":"2024-05-16T19:04:53+00:00","og_image":[{"width":1600,"height":969,"url":"https:\/\/www.iec2024.ec\/wp-content\/uploads\/2023\/08\/noticia-entrevista-1.jpg","type":"image\/jpeg"}],"author":"Secretario T\u00e9cnico","twitter_card":"summary_large_image","twitter_misc":{"Written by":"Secretario T\u00e9cnico","Est. reading time":"1 minute"},"schema":{"@context":"https:\/\/schema.org","@graph":[{"@type":"Article","@id":"https:\/\/www.iec2024.ec\/en\/iglesia-del-ecuador-anuncio-que-quito-sera-sede-del-congreso-eucaristico-internacional-2024\/#article","isPartOf":{"@id":"https:\/\/www.iec2024.ec\/en\/iglesia-del-ecuador-anuncio-que-quito-sera-sede-del-congreso-eucaristico-internacional-2024\/"},"author":{"name":"Secretario T\u00e9cnico","@id":"https:\/\/www.iec2024.ec\/en\/#\/schema\/person\/7dc46e27a804fe39ba34935ca5284fe2"},"headline":"Iglesia del Ecuador anunci\u00f3 que Quito ser\u00e1 sede del Congreso Eucar\u00edstico Internacional 2024","datePublished":"2022-11-15T18:52:54+00:00","dateModified":"2024-05-16T19:04:53+00:00","mainEntityOfPage":{"@id":"https:\/\/www.iec2024.ec\/en\/iglesia-del-ecuador-anuncio-que-quito-sera-sede-del-congreso-eucaristico-internacional-2024\/"},"wordCount":245,"commentCount":0,"publisher":{"@id":"https:\/\/www.iec2024.ec\/en\/#organization"},"articleSection":["News"],"inLanguage":"en-US","potentialAction":[{"@type":"CommentAction","name":"Comment","target":["https:\/\/www.iec2024.ec\/en\/iglesia-del-ecuador-anuncio-que-quito-sera-sede-del-congreso-eucaristico-internacional-2024\/#respond"]}]},{"@type":"WebPage","@id":"https:\/\/www.iec2024.ec\/en\/iglesia-del-ecuador-anuncio-que-quito-sera-sede-del-congreso-eucaristico-internacional-2024\/","url":"https:\/\/www.iec2024.ec\/en\/iglesia-del-ecuador-anuncio-que-quito-sera-sede-del-congreso-eucaristico-internacional-2024\/","name":"Iglesia del Ecuador anunci\u00f3 que Quito ser\u00e1 sede del Congreso Eucar\u00edstico Internacional 2024 - IEC 2024","isPartOf":{"@id":"https:\/\/www.iec2024.ec\/en\/#website"},"datePublished":"2022-11-15T18:52:54+00:00","dateModified":"2024-05-16T19:04:53+00:00","breadcrumb":{"@id":"https:\/\/www.iec2024.ec\/en\/iglesia-del-ecuador-anuncio-que-quito-sera-sede-del-congreso-eucaristico-internacional-2024\/#breadcrumb"},"inLanguage":"en-US","potentialAction":[{"@type":"ReadAction","target":["https:\/\/www.iec2024.ec\/en\/iglesia-del-ecuador-anuncio-que-quito-sera-sede-del-congreso-eucaristico-internacional-2024\/"]}]},{"@type":"BreadcrumbList","@id":"https:\/\/www.iec2024.ec\/en\/iglesia-del-ecuador-anuncio-que-quito-sera-sede-del-congreso-eucaristico-internacional-2024\/#breadcrumb","itemListElement":[{"@type":"ListItem","position":1,"name":"Portada","item":"https:\/\/www.iec2024.ec\/en\/"},{"@type":"ListItem","position":2,"name":"Iglesia del Ecuador anunci\u00f3 que Quito ser\u00e1 sede del Congreso Eucar\u00edstico Internacional 2024"}]},{"@type":"WebSite","@id":"https:\/\/www.iec2024.ec\/en\/#website","url":"https:\/\/www.iec2024.ec\/en\/","name":"IEC 2024","description":"","publisher":{"@id":"https:\/\/www.iec2024.ec\/en\/#organization"},"potentialAction":[{"@type":"SearchAction","target":{"@type":"EntryPoint","urlTemplate":"https:\/\/www.iec2024.ec\/en\/?s={search_term_string}"},"query-input":"required name=search_term_string"}],"inLanguage":"en-US"},{"@type":"Organization","@id":"https:\/\/www.iec2024.ec\/en\/#organization","name":"IEC 2024","url":"https:\/\/www.iec2024.ec\/en\/","logo":{"@type":"ImageObject","inLanguage":"en-US","@id":"https:\/\/www.iec2024.ec\/en\/#\/schema\/logo\/image\/","url":"https:\/\/www.iec2024.ec\/wp-content\/uploads\/2024\/01\/cropped-logo-2024.png","contentUrl":"https:\/\/www.iec2024.ec\/wp-content\/uploads\/2024\/01\/cropped-logo-2024.png","width":1277,"height":332,"caption":"IEC 2024"},"image":{"@id":"https:\/\/www.iec2024.ec\/en\/#\/schema\/logo\/image\/"}},{"@type":"Person","@id":"https:\/\/www.iec2024.ec\/en\/#\/schema\/person\/7dc46e27a804fe39ba34935ca5284fe2","name":"Secretario T\u00e9cnico","image":{"@type":"ImageObject","inLanguage":"en-US","@id":"https:\/\/www.iec2024.ec\/en\/#\/schema\/person\/image\/","url":"https:\/\/secure.gravatar.com\/avatar\/67808a21710148ea0645bc85e43e21b6?s=96&d=mm&r=g","contentUrl":"https:\/\/secure.gravatar.com\/avatar\/67808a21710148ea0645bc85e43e21b6?s=96&d=mm&r=g","caption":"Secretario T\u00e9cnico"},"url":"https:\/\/www.iec2024.ec\/en\/author\/4dm1ns3cr3t4r10\/"}]}},"_links":{"self":[{"href":"https:\/\/www.iec2024.ec\/en\/wp-json\/wp\/v2\/posts\/5379"}],"collection":[{"href":"https:\/\/www.iec2024.ec\/en\/wp-json\/wp\/v2\/posts"}],"about":[{"href":"https:\/\/www.iec2024.ec\/en\/wp-json\/wp\/v2\/types\/post"}],"author":[{"embeddable":true,"href":"https:\/\/www.iec2024.ec\/en\/wp-json\/wp\/v2\/users\/2"}],"replies":[{"embeddable":true,"href":"https:\/\/www.iec2024.ec\/en\/wp-json\/wp\/v2\/comments?post=5379"}],"version-history":[{"count":1,"href":"https:\/\/www.iec2024.ec\/en\/wp-json\/wp\/v2\/posts\/5379\/revisions"}],"predecessor-version":[{"id":5785,"href":"https:\/\/www.iec2024.ec\/en\/wp-json\/wp\/v2\/posts\/5379\/revisions\/5785"}],"wp:featuredmedia":[{"embeddable":true,"href":"https:\/\/www.iec2024.ec\/en\/wp-json\/wp\/v2\/media\/4833"}],"wp:attachment":[{"href":"https:\/\/www.iec2024.ec\/en\/wp-json\/wp\/v2\/media?parent=5379"}],"wp:term":[{"taxonomy":"category","embeddable":true,"href":"https:\/\/www.iec2024.ec\/en\/wp-json\/wp\/v2\/categories?post=5379"},{"taxonomy":"post_tag","embeddable":true,"href":"https:\/\/www.iec2024.ec\/en\/wp-json\/wp\/v2\/tags?post=5379"}],"curies":[{"name":"wp","href":"https:\/\/api.w.org\/{rel}","templated":true}]}}