{"id":5399,"date":"2022-10-12T13:19:01","date_gmt":"2022-10-12T18:19:01","guid":{"rendered":"https:\/\/www.iec2024.ec\/el-pesebre-monumental-padre-jimmy-arias-sera-expuesto-en-la-catedral-metropolitana-de-quito\/"},"modified":"2024-04-12T13:46:11","modified_gmt":"2024-04-12T18:46:11","slug":"el-pesebre-monumental-padre-jimmy-arias-sera-expuesto-en-la-catedral-metropolitana-de-quito","status":"publish","type":"post","link":"https:\/\/www.iec2024.ec\/en\/el-pesebre-monumental-padre-jimmy-arias-sera-expuesto-en-la-catedral-metropolitana-de-quito\/","title":{"rendered":"El Pesebre Monumental &#8220;Padre Jimmy Arias&#8221; ser\u00e1 expuesto en la Catedral Metropolitana de Quito\ufffc"},"content":{"rendered":"<p>As\u00ed lo dio a conocer el P. Jos\u00e9 Asimbaya, Rector de la Catedral y quien inform\u00f3 que, luego de varios meses de trabajo y gracias al apoyo del Sr. Arzobispo de Quito, Mons. Alfredo Espinoza, sdb, en la ciudad de Quito se expondr\u00e1 el pesebre hasta ahora el m\u00e1s grande de Am\u00e9rica Latina.<\/p>\n<p>Se le considera el m\u00e1s grande, porque sus dimensiones sobrepasan los 250 metros cuadrados y lleva por nombre Pesebre Monumental Padre Jimmy Arias, en honor a su mentor, quien falleci\u00f3 en abril de 2021 a causa de la pandemia.<\/p>\n<p>El pesebre nace en Loja hace 19 a\u00f1os y en esta oportunidad ser\u00e1 expuesto en la Catedral Metropolitana de Quito, para todos los visitantes del Centro Hist\u00f3rico, especialmente estudiantes, capitalinos y turistas de todo el mundo, puedan reflexionar y meditar en torno al misterio del nacimiento del Ni\u00f1o Jes\u00fas durante los tiempos de Adviento y Navidad.<\/p>\n<p>El P. Jos\u00e9 Asimbaya recalc\u00f3 que el \u201cBel\u00e9n B\u00edblico\u201d, como tambi\u00e9n es conocido, contar\u00e1 con mil figuras est\u00e1ticas y seiscientas con movimiento, al igual que, mostrar\u00e1 el amanecer, atardecer, ocaso, anochecer y otras tantas sorpresas que har\u00e1n que el pesebre sea un atractivo para todos.<\/p>\n<p>Los fondos recaudados por la exposici\u00f3n ser\u00e1n destinados para la preparaci\u00f3n del Congreso Eucar\u00edstico Internacional que se llevar\u00e1 a cabo en Quito en el 2024; luego de que el Papa Francisco nombrara a la ciudad capital como sede de este evento, que re\u00fane a miles de personas para reflexionar y adorar a Jes\u00fas presente en la Eucarist\u00eda.<\/p>\n<p>El P. Asimbaya extendi\u00f3 la invitaci\u00f3n a las unidades educativas, a los capitalinos y a todo el pueblo ecuatoriano para que se acerquen a visitar el pesebre que ser\u00e1 expuesto en la Catedral de Quito desde el 28 de octubre 2022 hasta enero del 2023.<\/p>\n","protected":false},"excerpt":{"rendered":"<p>Denominado como el m\u00e1s grande de sudam\u00e9rica, el pesebre monumental estar\u00e1 expuesto para todos los visitantes del Centro Hist\u00f3rico.<\/p>\n","protected":false},"author":1,"featured_media":4813,"comment_status":"open","ping_status":"open","sticky":false,"template":"","format":"standard","meta":{"footnotes":""},"categories":[33],"tags":[],"acf":[],"yoast_head":"<!-- This site is optimized with the Yoast SEO plugin v21.1 - https:\/\/yoast.com\/wordpress\/plugins\/seo\/ -->\n<title>El Pesebre Monumental &quot;Padre Jimmy Arias&quot; ser\u00e1 expuesto en la Catedral Metropolitana de Quito\ufffc - IEC 2024<\/title>\n<meta name=\"robots\" content=\"index, follow, max-snippet:-1, max-image-preview:large, max-video-preview:-1\" \/>\n<link rel=\"canonical\" href=\"https:\/\/www.iec2024.ec\/en\/el-pesebre-monumental-padre-jimmy-arias-sera-expuesto-en-la-catedral-metropolitana-de-quito\/\" \/>\n<meta property=\"og:locale\" content=\"en_US\" \/>\n<meta property=\"og:type\" content=\"article\" \/>\n<meta property=\"og:title\" content=\"El Pesebre Monumental &quot;Padre Jimmy Arias&quot; ser\u00e1 expuesto en la Catedral Metropolitana de Quito\ufffc - IEC 2024\" \/>\n<meta property=\"og:description\" content=\"Denominado como el m\u00e1s grande de sudam\u00e9rica, el pesebre monumental estar\u00e1 expuesto para todos los visitantes del Centro Hist\u00f3rico.\" \/>\n<meta property=\"og:url\" content=\"https:\/\/www.iec2024.ec\/en\/el-pesebre-monumental-padre-jimmy-arias-sera-expuesto-en-la-catedral-metropolitana-de-quito\/\" \/>\n<meta property=\"og:site_name\" content=\"IEC 2024\" \/>\n<meta property=\"article:published_time\" content=\"2022-10-12T18:19:01+00:00\" \/>\n<meta property=\"article:modified_time\" content=\"2024-04-12T18:46:11+00:00\" \/>\n<meta property=\"og:image\" content=\"https:\/\/www.iec2024.ec\/wp-content\/uploads\/2023\/08\/noticia-pesebre-1-1.jpg\" \/>\n\t<meta property=\"og:image:width\" content=\"1600\" \/>\n\t<meta property=\"og:image:height\" content=\"969\" \/>\n\t<meta property=\"og:image:type\" content=\"image\/jpeg\" \/>\n<meta name=\"author\" content=\"4dm1nC0ngr3s0\" \/>\n<meta name=\"twitter:card\" content=\"summary_large_image\" \/>\n<meta name=\"twitter:label1\" content=\"Written by\" \/>\n\t<meta name=\"twitter:data1\" content=\"4dm1nC0ngr3s0\" \/>\n\t<meta name=\"twitter:label2\" content=\"Est. reading time\" \/>\n\t<meta name=\"twitter:data2\" content=\"2 minutes\" \/>\n<script type=\"application\/ld+json\" class=\"yoast-schema-graph\">{\"@context\":\"https:\/\/schema.org\",\"@graph\":[{\"@type\":\"Article\",\"@id\":\"https:\/\/www.iec2024.ec\/en\/el-pesebre-monumental-padre-jimmy-arias-sera-expuesto-en-la-catedral-metropolitana-de-quito\/#article\",\"isPartOf\":{\"@id\":\"https:\/\/www.iec2024.ec\/en\/el-pesebre-monumental-padre-jimmy-arias-sera-expuesto-en-la-catedral-metropolitana-de-quito\/\"},\"author\":{\"name\":\"4dm1nC0ngr3s0\",\"@id\":\"https:\/\/www.iec2024.ec\/en\/#\/schema\/person\/559b54f487d21590138dbde1ccd04b13\"},\"headline\":\"El Pesebre Monumental &#8220;Padre Jimmy Arias&#8221; ser\u00e1 expuesto en la Catedral Metropolitana de Quito\ufffc\",\"datePublished\":\"2022-10-12T18:19:01+00:00\",\"dateModified\":\"2024-04-12T18:46:11+00:00\",\"mainEntityOfPage\":{\"@id\":\"https:\/\/www.iec2024.ec\/en\/el-pesebre-monumental-padre-jimmy-arias-sera-expuesto-en-la-catedral-metropolitana-de-quito\/\"},\"wordCount\":322,\"commentCount\":0,\"publisher\":{\"@id\":\"https:\/\/www.iec2024.ec\/en\/#organization\"},\"articleSection\":[\"News\"],\"inLanguage\":\"en-US\",\"potentialAction\":[{\"@type\":\"CommentAction\",\"name\":\"Comment\",\"target\":[\"https:\/\/www.iec2024.ec\/en\/el-pesebre-monumental-padre-jimmy-arias-sera-expuesto-en-la-catedral-metropolitana-de-quito\/#respond\"]}]},{\"@type\":\"WebPage\",\"@id\":\"https:\/\/www.iec2024.ec\/en\/el-pesebre-monumental-padre-jimmy-arias-sera-expuesto-en-la-catedral-metropolitana-de-quito\/\",\"url\":\"https:\/\/www.iec2024.ec\/en\/el-pesebre-monumental-padre-jimmy-arias-sera-expuesto-en-la-catedral-metropolitana-de-quito\/\",\"name\":\"El Pesebre Monumental \\\"Padre Jimmy Arias\\\" ser\u00e1 expuesto en la Catedral Metropolitana de Quito\ufffc - IEC 2024\",\"isPartOf\":{\"@id\":\"https:\/\/www.iec2024.ec\/en\/#website\"},\"datePublished\":\"2022-10-12T18:19:01+00:00\",\"dateModified\":\"2024-04-12T18:46:11+00:00\",\"breadcrumb\":{\"@id\":\"https:\/\/www.iec2024.ec\/en\/el-pesebre-monumental-padre-jimmy-arias-sera-expuesto-en-la-catedral-metropolitana-de-quito\/#breadcrumb\"},\"inLanguage\":\"en-US\",\"potentialAction\":[{\"@type\":\"ReadAction\",\"target\":[\"https:\/\/www.iec2024.ec\/en\/el-pesebre-monumental-padre-jimmy-arias-sera-expuesto-en-la-catedral-metropolitana-de-quito\/\"]}]},{\"@type\":\"BreadcrumbList\",\"@id\":\"https:\/\/www.iec2024.ec\/en\/el-pesebre-monumental-padre-jimmy-arias-sera-expuesto-en-la-catedral-metropolitana-de-quito\/#breadcrumb\",\"itemListElement\":[{\"@type\":\"ListItem\",\"position\":1,\"name\":\"Portada\",\"item\":\"https:\/\/www.iec2024.ec\/en\/\"},{\"@type\":\"ListItem\",\"position\":2,\"name\":\"El Pesebre Monumental &#8220;Padre Jimmy Arias&#8221; ser\u00e1 expuesto en la Catedral Metropolitana de Quito\ufffc\"}]},{\"@type\":\"WebSite\",\"@id\":\"https:\/\/www.iec2024.ec\/en\/#website\",\"url\":\"https:\/\/www.iec2024.ec\/en\/\",\"name\":\"IEC 2024\",\"description\":\"\",\"publisher\":{\"@id\":\"https:\/\/www.iec2024.ec\/en\/#organization\"},\"potentialAction\":[{\"@type\":\"SearchAction\",\"target\":{\"@type\":\"EntryPoint\",\"urlTemplate\":\"https:\/\/www.iec2024.ec\/en\/?s={search_term_string}\"},\"query-input\":\"required name=search_term_string\"}],\"inLanguage\":\"en-US\"},{\"@type\":\"Organization\",\"@id\":\"https:\/\/www.iec2024.ec\/en\/#organization\",\"name\":\"IEC 2024\",\"url\":\"https:\/\/www.iec2024.ec\/en\/\",\"logo\":{\"@type\":\"ImageObject\",\"inLanguage\":\"en-US\",\"@id\":\"https:\/\/www.iec2024.ec\/en\/#\/schema\/logo\/image\/\",\"url\":\"https:\/\/www.iec2024.ec\/wp-content\/uploads\/2024\/01\/cropped-logo-2024.png\",\"contentUrl\":\"https:\/\/www.iec2024.ec\/wp-content\/uploads\/2024\/01\/cropped-logo-2024.png\",\"width\":1277,\"height\":332,\"caption\":\"IEC 2024\"},\"image\":{\"@id\":\"https:\/\/www.iec2024.ec\/en\/#\/schema\/logo\/image\/\"}},{\"@type\":\"Person\",\"@id\":\"https:\/\/www.iec2024.ec\/en\/#\/schema\/person\/559b54f487d21590138dbde1ccd04b13\",\"name\":\"4dm1nC0ngr3s0\",\"image\":{\"@type\":\"ImageObject\",\"inLanguage\":\"en-US\",\"@id\":\"https:\/\/www.iec2024.ec\/en\/#\/schema\/person\/image\/\",\"url\":\"https:\/\/secure.gravatar.com\/avatar\/4f30b58b600bb22081ec0a7aa548a364?s=96&d=mm&r=g\",\"contentUrl\":\"https:\/\/secure.gravatar.com\/avatar\/4f30b58b600bb22081ec0a7aa548a364?s=96&d=mm&r=g\",\"caption\":\"4dm1nC0ngr3s0\"},\"sameAs\":[\"https:\/\/www.iec2024.ec\"],\"url\":\"https:\/\/www.iec2024.ec\/en\/author\/4dm1nc0ngr3s0\/\"}]}<\/script>\n<!-- \/ Yoast SEO plugin. -->","yoast_head_json":{"title":"El Pesebre Monumental \"Padre Jimmy Arias\" ser\u00e1 expuesto en la Catedral Metropolitana de Quito\ufffc - IEC 2024","robots":{"index":"index","follow":"follow","max-snippet":"max-snippet:-1","max-image-preview":"max-image-preview:large","max-video-preview":"max-video-preview:-1"},"canonical":"https:\/\/www.iec2024.ec\/en\/el-pesebre-monumental-padre-jimmy-arias-sera-expuesto-en-la-catedral-metropolitana-de-quito\/","og_locale":"en_US","og_type":"article","og_title":"El Pesebre Monumental \"Padre Jimmy Arias\" ser\u00e1 expuesto en la Catedral Metropolitana de Quito\ufffc - IEC 2024","og_description":"Denominado como el m\u00e1s grande de sudam\u00e9rica, el pesebre monumental estar\u00e1 expuesto para todos los visitantes del Centro Hist\u00f3rico.","og_url":"https:\/\/www.iec2024.ec\/en\/el-pesebre-monumental-padre-jimmy-arias-sera-expuesto-en-la-catedral-metropolitana-de-quito\/","og_site_name":"IEC 2024","article_published_time":"2022-10-12T18:19:01+00:00","article_modified_time":"2024-04-12T18:46:11+00:00","og_image":[{"width":1600,"height":969,"url":"https:\/\/www.iec2024.ec\/wp-content\/uploads\/2023\/08\/noticia-pesebre-1-1.jpg","type":"image\/jpeg"}],"author":"4dm1nC0ngr3s0","twitter_card":"summary_large_image","twitter_misc":{"Written by":"4dm1nC0ngr3s0","Est. reading time":"2 minutes"},"schema":{"@context":"https:\/\/schema.org","@graph":[{"@type":"Article","@id":"https:\/\/www.iec2024.ec\/en\/el-pesebre-monumental-padre-jimmy-arias-sera-expuesto-en-la-catedral-metropolitana-de-quito\/#article","isPartOf":{"@id":"https:\/\/www.iec2024.ec\/en\/el-pesebre-monumental-padre-jimmy-arias-sera-expuesto-en-la-catedral-metropolitana-de-quito\/"},"author":{"name":"4dm1nC0ngr3s0","@id":"https:\/\/www.iec2024.ec\/en\/#\/schema\/person\/559b54f487d21590138dbde1ccd04b13"},"headline":"El Pesebre Monumental &#8220;Padre Jimmy Arias&#8221; ser\u00e1 expuesto en la Catedral Metropolitana de Quito\ufffc","datePublished":"2022-10-12T18:19:01+00:00","dateModified":"2024-04-12T18:46:11+00:00","mainEntityOfPage":{"@id":"https:\/\/www.iec2024.ec\/en\/el-pesebre-monumental-padre-jimmy-arias-sera-expuesto-en-la-catedral-metropolitana-de-quito\/"},"wordCount":322,"commentCount":0,"publisher":{"@id":"https:\/\/www.iec2024.ec\/en\/#organization"},"articleSection":["News"],"inLanguage":"en-US","potentialAction":[{"@type":"CommentAction","name":"Comment","target":["https:\/\/www.iec2024.ec\/en\/el-pesebre-monumental-padre-jimmy-arias-sera-expuesto-en-la-catedral-metropolitana-de-quito\/#respond"]}]},{"@type":"WebPage","@id":"https:\/\/www.iec2024.ec\/en\/el-pesebre-monumental-padre-jimmy-arias-sera-expuesto-en-la-catedral-metropolitana-de-quito\/","url":"https:\/\/www.iec2024.ec\/en\/el-pesebre-monumental-padre-jimmy-arias-sera-expuesto-en-la-catedral-metropolitana-de-quito\/","name":"El Pesebre Monumental \"Padre Jimmy Arias\" ser\u00e1 expuesto en la Catedral Metropolitana de Quito\ufffc - IEC 2024","isPartOf":{"@id":"https:\/\/www.iec2024.ec\/en\/#website"},"datePublished":"2022-10-12T18:19:01+00:00","dateModified":"2024-04-12T18:46:11+00:00","breadcrumb":{"@id":"https:\/\/www.iec2024.ec\/en\/el-pesebre-monumental-padre-jimmy-arias-sera-expuesto-en-la-catedral-metropolitana-de-quito\/#breadcrumb"},"inLanguage":"en-US","potentialAction":[{"@type":"ReadAction","target":["https:\/\/www.iec2024.ec\/en\/el-pesebre-monumental-padre-jimmy-arias-sera-expuesto-en-la-catedral-metropolitana-de-quito\/"]}]},{"@type":"BreadcrumbList","@id":"https:\/\/www.iec2024.ec\/en\/el-pesebre-monumental-padre-jimmy-arias-sera-expuesto-en-la-catedral-metropolitana-de-quito\/#breadcrumb","itemListElement":[{"@type":"ListItem","position":1,"name":"Portada","item":"https:\/\/www.iec2024.ec\/en\/"},{"@type":"ListItem","position":2,"name":"El Pesebre Monumental &#8220;Padre Jimmy Arias&#8221; ser\u00e1 expuesto en la Catedral Metropolitana de Quito\ufffc"}]},{"@type":"WebSite","@id":"https:\/\/www.iec2024.ec\/en\/#website","url":"https:\/\/www.iec2024.ec\/en\/","name":"IEC 2024","description":"","publisher":{"@id":"https:\/\/www.iec2024.ec\/en\/#organization"},"potentialAction":[{"@type":"SearchAction","target":{"@type":"EntryPoint","urlTemplate":"https:\/\/www.iec2024.ec\/en\/?s={search_term_string}"},"query-input":"required name=search_term_string"}],"inLanguage":"en-US"},{"@type":"Organization","@id":"https:\/\/www.iec2024.ec\/en\/#organization","name":"IEC 2024","url":"https:\/\/www.iec2024.ec\/en\/","logo":{"@type":"ImageObject","inLanguage":"en-US","@id":"https:\/\/www.iec2024.ec\/en\/#\/schema\/logo\/image\/","url":"https:\/\/www.iec2024.ec\/wp-content\/uploads\/2024\/01\/cropped-logo-2024.png","contentUrl":"https:\/\/www.iec2024.ec\/wp-content\/uploads\/2024\/01\/cropped-logo-2024.png","width":1277,"height":332,"caption":"IEC 2024"},"image":{"@id":"https:\/\/www.iec2024.ec\/en\/#\/schema\/logo\/image\/"}},{"@type":"Person","@id":"https:\/\/www.iec2024.ec\/en\/#\/schema\/person\/559b54f487d21590138dbde1ccd04b13","name":"4dm1nC0ngr3s0","image":{"@type":"ImageObject","inLanguage":"en-US","@id":"https:\/\/www.iec2024.ec\/en\/#\/schema\/person\/image\/","url":"https:\/\/secure.gravatar.com\/avatar\/4f30b58b600bb22081ec0a7aa548a364?s=96&d=mm&r=g","contentUrl":"https:\/\/secure.gravatar.com\/avatar\/4f30b58b600bb22081ec0a7aa548a364?s=96&d=mm&r=g","caption":"4dm1nC0ngr3s0"},"sameAs":["https:\/\/www.iec2024.ec"],"url":"https:\/\/www.iec2024.ec\/en\/author\/4dm1nc0ngr3s0\/"}]}},"_links":{"self":[{"href":"https:\/\/www.iec2024.ec\/en\/wp-json\/wp\/v2\/posts\/5399"}],"collection":[{"href":"https:\/\/www.iec2024.ec\/en\/wp-json\/wp\/v2\/posts"}],"about":[{"href":"https:\/\/www.iec2024.ec\/en\/wp-json\/wp\/v2\/types\/post"}],"author":[{"embeddable":true,"href":"https:\/\/www.iec2024.ec\/en\/wp-json\/wp\/v2\/users\/1"}],"replies":[{"embeddable":true,"href":"https:\/\/www.iec2024.ec\/en\/wp-json\/wp\/v2\/comments?post=5399"}],"version-history":[{"count":1,"href":"https:\/\/www.iec2024.ec\/en\/wp-json\/wp\/v2\/posts\/5399\/revisions"}],"predecessor-version":[{"id":5803,"href":"https:\/\/www.iec2024.ec\/en\/wp-json\/wp\/v2\/posts\/5399\/revisions\/5803"}],"wp:featuredmedia":[{"embeddable":true,"href":"https:\/\/www.iec2024.ec\/en\/wp-json\/wp\/v2\/media\/4813"}],"wp:attachment":[{"href":"https:\/\/www.iec2024.ec\/en\/wp-json\/wp\/v2\/media?parent=5399"}],"wp:term":[{"taxonomy":"category","embeddable":true,"href":"https:\/\/www.iec2024.ec\/en\/wp-json\/wp\/v2\/categories?post=5399"},{"taxonomy":"post_tag","embeddable":true,"href":"https:\/\/www.iec2024.ec\/en\/wp-json\/wp\/v2\/tags?post=5399"}],"curies":[{"name":"wp","href":"https:\/\/api.w.org\/{rel}","templated":true}]}}