{"id":7425,"date":"2023-09-15T14:18:26","date_gmt":"2023-09-15T19:18:26","guid":{"rendered":"https:\/\/www.iec2024.ec\/homilia-mons-alfredo-jose-espinoza-mateus-sdb-en-la-asamblea-plenaria-del-comite-pontificio\/"},"modified":"2023-09-15T14:18:26","modified_gmt":"2023-09-15T19:18:26","slug":"homilia-mons-alfredo-jose-espinoza-mateus-sdb-en-la-asamblea-plenaria-del-comite-pontificio","status":"publish","type":"post","link":"https:\/\/www.iec2024.ec\/en\/homilia-mons-alfredo-jose-espinoza-mateus-sdb-en-la-asamblea-plenaria-del-comite-pontificio\/","title":{"rendered":"Homil\u00eda: Mons. Alfredo Jos\u00e9 Espinoza Mateus, SDB. en la Asamblea Plenaria del Comit\u00e9 Pontificio"},"content":{"rendered":"<p><strong>Quito, 12 de septiembre de 2023<\/strong><\/p>\n<p><strong>\u00a0<\/strong><\/p>\n<ul>\n<li>Estamos en la Bas\u00edlica del Voto Nacional dedicada al Sagrado Coraz\u00f3n de Jes\u00fas. Aqu\u00ed han resonado notas de esperanza y de compromiso. En nuestro canto hemos dicho que es el Se\u00f1or el <strong>que nos muestra desde la cruz la Fraternidad.<\/strong> Es que es \u00c9l, el <strong><em>\u201cSe\u00f1or amigo, quien nos invita a ser fraternidad\u201d. <\/em><\/strong>Y hoy estamos aqu\u00ed, sabiendo que \u00c9l es <strong><em>\u201calimento que nos llena de amor para sanar\u201d.<\/em><\/strong><\/li>\n<li>El Santo Padre Francisco, el 20 de marzo de 2021 nos dio un reto grande a la Arquidi\u00f3cesis de Quito al designar a la <strong>\u201cMitad del Mundo\u201d<\/strong>, a la <strong>\u201cCarita de Dios\u201d<\/strong> como se la llama a Quito, como <strong>Sede del 53\u00b0 Congreso Eucar\u00edstico Internacional en el 2024<\/strong> con motivo de los <strong>ciento cincuenta a\u00f1os de la Consagraci\u00f3n del Ecuador al Coraz\u00f3n de Jes\u00fas<\/strong>. Sabemos que todos tenemos un lugar especial en el coraz\u00f3n de Dios. Nadie est\u00e1 excluido de su coraz\u00f3n de Padre. Y <strong>Dios es coraz\u00f3n<\/strong>, a tal punto de enviar a su Hijo al mundo para que todo el que crea en \u00c9l tenga vida eterna.<\/li>\n<li>Y Jes\u00fas, su Hijo amado, <strong>nos am\u00f3 hasta el extremo de morir en la cruz<\/strong>. Y ah\u00ed en el lugar de la muerte en la cima del monte Calvario, donde la punta de la lanza del soldado romano quer\u00eda poner fin a la vida de Jes\u00fas atravesando su costado, <strong>en realidad fue el inicio del nacimiento de la Iglesia mediante el agua del Bautismo y la sangre de la Eucarist\u00eda.<\/strong><\/li>\n<li>San Pablo VI afirm\u00f3: <strong><em>\u201cDeseamos que, a trav\u00e9s de una participaci\u00f3n m\u00e1s intensa en el sacramento del altar, se honre el Coraz\u00f3n de Jes\u00fas, cuyo don m\u00e1s grande es precisamente la Eucarist\u00eda\u201d<\/em><\/strong>. El Documento Base del Congreso, nos dice que, <strong><em>\u201cEs en ella donde los hijos del Padre celestial, hermanos en Cristo, realizan la m\u00e1s profunda comuni\u00f3n con Dios y fraternidad entre ellos. Celebrar la Eucarist\u00eda es sumergirse en el horno del amor de Dios donde se acrisola la comuni\u00f3n eclesial\u201d<\/em><\/strong> (D.Base 6).<\/li>\n<li>El Coraz\u00f3n de Jes\u00fas en la Cruz, es el altar universal que nos atrae a todos hacia \u00c9l. El coraz\u00f3n traspasado y las llagas abiertas del Se\u00f1or Resucitado se convierten en <strong>estas nuevas heridas de vida, de perd\u00f3n y de amor, que sanan las heridas del mundo de odio, de violencia y de enemistad.<\/strong><\/li>\n<li>Sabemos que el pecado rompe nuestra relaci\u00f3n con Dios Padre y nuestra vocaci\u00f3n de hermanos. Hoy sigue resonando la pregunta de Dios a Ca\u00edn: <strong><em>\u201c\u00bfD\u00f3nde est\u00e1 tu hermano?\u201d<\/em><\/strong> Y la respuesta de Ca\u00edn la seguimos repitiendo todos nosotros: <strong><em>\u201cAcaso soy yo el guardi\u00e1n de mi hermano?\u201d<\/em><\/strong><\/li>\n<li>Son claras las palabras de Francisco: <strong><em>\u201cTodos respondemos igual: no he sido yo, yo no tengo nada que ver, ser\u00e1n otros, ciertamente yo no. Pero Dios nos pregunta a cada uno de nosotros: \u201c\u00bfD\u00f3nde est\u00e1 la sangre de tu hermano cuyo grito llega hasta m\u00ed?\u201d. Hoy nadie en el mundo se siente responsable de esto; hemos perdido el sentido de la responsabilidad fraterna\u201d. <\/em><\/strong><\/li>\n<li>Vivimos en una globalizaci\u00f3n de la indiferencia y nos olvidamos que nuestra vocaci\u00f3n original y universal es ser <strong>centinelas del hermano en camino<\/strong>. El Documento Base nos recuerda que, <strong><em>\u201cLa fraternidad est\u00e1 enraizada en la paternidad de Dios. No se trata de una paternidad gen\u00e9rica, indiferenciada e hist\u00f3ricamente ineficaz, sino de un amor personal, puntual y extraordinariamente concreto de Dios por cada ser humano. A la iniciativa de este Dios que crea a sus hijos y los ama corresponde la respuesta del ser humano.\u201d<\/em><\/strong> (D. Base 13).<\/li>\n<li>Ezequiel nos recuerda que Dios es un Dios que nos busca: <strong><em>\u201cYo mismo ir\u00e9 a buscar a mis ovejas y velar\u00e9 por ellas\u2026 as\u00ed velar\u00e9 e ir\u00e9 por ellas a todos los lugares por donde se dispersaron un d\u00eda de niebla y de oscuridad\u201d.<\/em><\/strong><\/li>\n<li>Y Jes\u00fas en el Evangelio se identifica con el pastor que va por la oveja perdida hasta encontrarla. \u201c<strong><em>Y una vez que la encuentra, la carga sobre sus hombros, lleno de alegr\u00eda\u201d.<\/em><\/strong> Y dice a sus amigos: <strong><em>\u201cAl\u00e9grense conmigo, porque ya encontr\u00e9 la oveja que se me hab\u00eda perdido\u201d. <\/em><\/strong><\/li>\n<li>Como Jes\u00fas, el Buen Pastor que va en b\u00fasqueda de la oveja perdida, hoy, t\u00fa, yo, todos nosotros, debemos ser esos <strong>\u201cpastores en salida\u201d<\/strong>, esos <strong>\u201cmisioneros eucar\u00edsticos\u201d cargados de vida, de perd\u00f3n y de esperanza.<\/strong><\/li>\n<li>El Himno del Congreso grita que, la <strong><em>\u201cFraternidad es m\u00e1s que una palabra, es un abrazo olvidando el rencor, es dar la mano al pobre y desvalido, es consolar al hermano en la aflicci\u00f3n\u201d.<\/em><\/strong> \u00bfCu\u00e1ntos hermanos est\u00e1n perdidos hoy en el dolor y la desesperanza? \u00bfCu\u00e1ntos hermanos est\u00e1n desorientados y desilusionados? \u00bfCu\u00e1ntos hermanos hoy son v\u00edctimas de la violencia, de la pobreza, de la delincuencia y del narcotr\u00e1fico? \u00bfCu\u00e1ntas mujeres hoy viven maltratadas y violentadas en su integridad? Y es ah\u00ed donde debemos salir, es ah\u00ed donde debemos ir, \u00e9sa es la oveja perdida, o como nos dice tambi\u00e9n Francisco, <strong>quiz\u00e1s hoy tenemos una y nos faltan las 99. <\/strong><\/li>\n<li><strong><em>\u201cTenemos que salir, tenemos que ir a buscarlas\u2026 salgamos a buscarlas. Pidamos la gracia de salir a anunciar el Evangelio. Porque es m\u00e1s f\u00e1cil quedarse en casa con una sola oveja, peinarla, acariciarla\u2026 Pero a todos nosotros<\/em><\/strong>, dice Francisco, <strong><em>el Se\u00f1or nos quiere pastores y no peinadores\u201d.<\/em><\/strong><\/li>\n<li>Seamos esos pastores de fraternidad. <strong><em>\u201cLa fraternidad es un sue\u00f1o que atraviesa la humanidad entera. No es una utop\u00eda, sino m\u00e1s bien, la oportunidad de realizar la vocaci\u00f3n de cada persona: la llamada al encuentro con los dem\u00e1s\u201d<\/em><\/strong> (D. Base 21).<\/li>\n<li>Les invito a todos ustedes, queridos hermanos, a tener la misma alegr\u00eda de Dios. \u00bfCu\u00e1l es la alegr\u00eda de Dios? <strong><em>\u201cLa alegr\u00eda de Dios es encontrar a la oveja perdida, porque tiene una \u201cdebilidad de amor\u201d por todos los que se han extraviado\u201d<\/em><\/strong> (Francisco). Tengamos esa alegr\u00eda y esa debilidad de amor. Solamente as\u00ed podremos construir la fraternidad.<\/li>\n<li>Que Mar\u00eda sea nuestro modelo y el camino seguro para ser verdaderos \u201cmisioneros de la Eucarist\u00eda\u201d. Ella nos dio a su Hijo, y nosotros debemos ser portadores de su Hijo al hermano concreto, al descartado de hoy.<\/li>\n<li>Esta Bas\u00edlica nos habla de esa profunda relaci\u00f3n entre El Coraz\u00f3n de Jes\u00fas y su Madre Mar\u00eda. Aqu\u00ed est\u00e1, en la parte posterior de la Bas\u00edlica el cuadro del Coraz\u00f3n de Jes\u00fas y al frente en la cumbre de la Loma del Panecillo, est\u00e1 la estatua de la Virgen Mar\u00eda que mira el Coraz\u00f3n del Hijo. Es una mirada de Madre que atraviesa y cobija a todo el pueblo quite\u00f1o hasta llegar al Sagrado Coraz\u00f3n de su Hijo.<\/li>\n<li>Pidamos al Se\u00f1or el poder tener esta mirada de Mar\u00eda, para que Ella, como disc\u00edpula y misionera eucar\u00edstica, nos ayude a abrazar a todo el pueblo y con todo el pueblo podamos llegar con un coraz\u00f3n de hermanos al Coraz\u00f3n de Jes\u00fas, a quien todos los ecuatorianos le dijimos y le seguimos diciendo: \u201c<strong><em>Todo es tuyo, salva al Ecuador\u201d<\/em><\/strong>; y hoy cantamos: <strong><em>\u201cDesde Ecuador, para el mundo entero, anunciamos: T\u00fa eres la vida, Jes\u00fas\u201d.<\/em><\/strong> AS\u00cd SEA.<\/li>\n<\/ul>\n","protected":false},"excerpt":{"rendered":"<p>Quito, 12 de septiembre de 2023 \u00a0 Estamos en la Bas\u00edlica del Voto Nacional dedicada al Sagrado Coraz\u00f3n de Jes\u00fas. Aqu\u00ed han resonado notas de esperanza y de compromiso. En nuestro canto hemos dicho que es el Se\u00f1or el que nos muestra desde la cruz la Fraternidad. Es que es \u00c9l, el \u201cSe\u00f1or amigo, quien [&hellip;]<\/p>\n","protected":false},"author":2,"featured_media":6610,"comment_status":"open","ping_status":"open","sticky":false,"template":"","format":"standard","meta":{"footnotes":""},"categories":[33],"tags":[],"acf":[],"yoast_head":"<!-- This site is optimized with the Yoast SEO plugin v21.1 - https:\/\/yoast.com\/wordpress\/plugins\/seo\/ -->\n<title>Homil\u00eda: Mons. Alfredo Jos\u00e9 Espinoza Mateus, SDB. en la Asamblea Plenaria del Comit\u00e9 Pontificio - IEC 2024<\/title>\n<meta name=\"robots\" content=\"index, follow, max-snippet:-1, max-image-preview:large, max-video-preview:-1\" \/>\n<link rel=\"canonical\" href=\"https:\/\/www.iec2024.ec\/en\/homilia-mons-alfredo-jose-espinoza-mateus-sdb-en-la-asamblea-plenaria-del-comite-pontificio\/\" \/>\n<meta property=\"og:locale\" content=\"en_US\" \/>\n<meta property=\"og:type\" content=\"article\" \/>\n<meta property=\"og:title\" content=\"Homil\u00eda: Mons. Alfredo Jos\u00e9 Espinoza Mateus, SDB. en la Asamblea Plenaria del Comit\u00e9 Pontificio - IEC 2024\" \/>\n<meta property=\"og:description\" content=\"Quito, 12 de septiembre de 2023 \u00a0 Estamos en la Bas\u00edlica del Voto Nacional dedicada al Sagrado Coraz\u00f3n de Jes\u00fas. Aqu\u00ed han resonado notas de esperanza y de compromiso. En nuestro canto hemos dicho que es el Se\u00f1or el que nos muestra desde la cruz la Fraternidad. Es que es \u00c9l, el \u201cSe\u00f1or amigo, quien [&hellip;]\" \/>\n<meta property=\"og:url\" content=\"https:\/\/www.iec2024.ec\/en\/homilia-mons-alfredo-jose-espinoza-mateus-sdb-en-la-asamblea-plenaria-del-comite-pontificio\/\" \/>\n<meta property=\"og:site_name\" content=\"IEC 2024\" \/>\n<meta property=\"article:published_time\" content=\"2023-09-15T19:18:26+00:00\" \/>\n<meta name=\"author\" content=\"Secretario T\u00e9cnico\" \/>\n<meta name=\"twitter:card\" content=\"summary_large_image\" \/>\n<meta name=\"twitter:label1\" content=\"Written by\" \/>\n\t<meta name=\"twitter:data1\" content=\"Secretario T\u00e9cnico\" \/>\n\t<meta name=\"twitter:label2\" content=\"Est. reading time\" \/>\n\t<meta name=\"twitter:data2\" content=\"6 minutes\" \/>\n<script type=\"application\/ld+json\" class=\"yoast-schema-graph\">{\"@context\":\"https:\/\/schema.org\",\"@graph\":[{\"@type\":\"Article\",\"@id\":\"https:\/\/www.iec2024.ec\/en\/homilia-mons-alfredo-jose-espinoza-mateus-sdb-en-la-asamblea-plenaria-del-comite-pontificio\/#article\",\"isPartOf\":{\"@id\":\"https:\/\/www.iec2024.ec\/en\/homilia-mons-alfredo-jose-espinoza-mateus-sdb-en-la-asamblea-plenaria-del-comite-pontificio\/\"},\"author\":{\"name\":\"Secretario T\u00e9cnico\",\"@id\":\"https:\/\/www.iec2024.ec\/en\/#\/schema\/person\/7dc46e27a804fe39ba34935ca5284fe2\"},\"headline\":\"Homil\u00eda: Mons. Alfredo Jos\u00e9 Espinoza Mateus, SDB. en la Asamblea Plenaria del Comit\u00e9 Pontificio\",\"datePublished\":\"2023-09-15T19:18:26+00:00\",\"dateModified\":\"2023-09-15T19:18:26+00:00\",\"mainEntityOfPage\":{\"@id\":\"https:\/\/www.iec2024.ec\/en\/homilia-mons-alfredo-jose-espinoza-mateus-sdb-en-la-asamblea-plenaria-del-comite-pontificio\/\"},\"wordCount\":1269,\"commentCount\":0,\"publisher\":{\"@id\":\"https:\/\/www.iec2024.ec\/en\/#organization\"},\"articleSection\":[\"News\"],\"inLanguage\":\"en-US\",\"potentialAction\":[{\"@type\":\"CommentAction\",\"name\":\"Comment\",\"target\":[\"https:\/\/www.iec2024.ec\/en\/homilia-mons-alfredo-jose-espinoza-mateus-sdb-en-la-asamblea-plenaria-del-comite-pontificio\/#respond\"]}]},{\"@type\":\"WebPage\",\"@id\":\"https:\/\/www.iec2024.ec\/en\/homilia-mons-alfredo-jose-espinoza-mateus-sdb-en-la-asamblea-plenaria-del-comite-pontificio\/\",\"url\":\"https:\/\/www.iec2024.ec\/en\/homilia-mons-alfredo-jose-espinoza-mateus-sdb-en-la-asamblea-plenaria-del-comite-pontificio\/\",\"name\":\"Homil\u00eda: Mons. Alfredo Jos\u00e9 Espinoza Mateus, SDB. en la Asamblea Plenaria del Comit\u00e9 Pontificio - IEC 2024\",\"isPartOf\":{\"@id\":\"https:\/\/www.iec2024.ec\/en\/#website\"},\"datePublished\":\"2023-09-15T19:18:26+00:00\",\"dateModified\":\"2023-09-15T19:18:26+00:00\",\"breadcrumb\":{\"@id\":\"https:\/\/www.iec2024.ec\/en\/homilia-mons-alfredo-jose-espinoza-mateus-sdb-en-la-asamblea-plenaria-del-comite-pontificio\/#breadcrumb\"},\"inLanguage\":\"en-US\",\"potentialAction\":[{\"@type\":\"ReadAction\",\"target\":[\"https:\/\/www.iec2024.ec\/en\/homilia-mons-alfredo-jose-espinoza-mateus-sdb-en-la-asamblea-plenaria-del-comite-pontificio\/\"]}]},{\"@type\":\"BreadcrumbList\",\"@id\":\"https:\/\/www.iec2024.ec\/en\/homilia-mons-alfredo-jose-espinoza-mateus-sdb-en-la-asamblea-plenaria-del-comite-pontificio\/#breadcrumb\",\"itemListElement\":[{\"@type\":\"ListItem\",\"position\":1,\"name\":\"Portada\",\"item\":\"https:\/\/www.iec2024.ec\/en\/\"},{\"@type\":\"ListItem\",\"position\":2,\"name\":\"Homil\u00eda: Mons. Alfredo Jos\u00e9 Espinoza Mateus, SDB. en la Asamblea Plenaria del Comit\u00e9 Pontificio\"}]},{\"@type\":\"WebSite\",\"@id\":\"https:\/\/www.iec2024.ec\/en\/#website\",\"url\":\"https:\/\/www.iec2024.ec\/en\/\",\"name\":\"IEC 2024\",\"description\":\"\",\"publisher\":{\"@id\":\"https:\/\/www.iec2024.ec\/en\/#organization\"},\"potentialAction\":[{\"@type\":\"SearchAction\",\"target\":{\"@type\":\"EntryPoint\",\"urlTemplate\":\"https:\/\/www.iec2024.ec\/en\/?s={search_term_string}\"},\"query-input\":\"required name=search_term_string\"}],\"inLanguage\":\"en-US\"},{\"@type\":\"Organization\",\"@id\":\"https:\/\/www.iec2024.ec\/en\/#organization\",\"name\":\"IEC 2024\",\"url\":\"https:\/\/www.iec2024.ec\/en\/\",\"logo\":{\"@type\":\"ImageObject\",\"inLanguage\":\"en-US\",\"@id\":\"https:\/\/www.iec2024.ec\/en\/#\/schema\/logo\/image\/\",\"url\":\"https:\/\/www.iec2024.ec\/wp-content\/uploads\/2024\/01\/cropped-logo-2024.png\",\"contentUrl\":\"https:\/\/www.iec2024.ec\/wp-content\/uploads\/2024\/01\/cropped-logo-2024.png\",\"width\":1277,\"height\":332,\"caption\":\"IEC 2024\"},\"image\":{\"@id\":\"https:\/\/www.iec2024.ec\/en\/#\/schema\/logo\/image\/\"}},{\"@type\":\"Person\",\"@id\":\"https:\/\/www.iec2024.ec\/en\/#\/schema\/person\/7dc46e27a804fe39ba34935ca5284fe2\",\"name\":\"Secretario T\u00e9cnico\",\"image\":{\"@type\":\"ImageObject\",\"inLanguage\":\"en-US\",\"@id\":\"https:\/\/www.iec2024.ec\/en\/#\/schema\/person\/image\/\",\"url\":\"https:\/\/secure.gravatar.com\/avatar\/67808a21710148ea0645bc85e43e21b6?s=96&d=mm&r=g\",\"contentUrl\":\"https:\/\/secure.gravatar.com\/avatar\/67808a21710148ea0645bc85e43e21b6?s=96&d=mm&r=g\",\"caption\":\"Secretario T\u00e9cnico\"},\"url\":\"https:\/\/www.iec2024.ec\/en\/author\/4dm1ns3cr3t4r10\/\"}]}<\/script>\n<!-- \/ Yoast SEO plugin. -->","yoast_head_json":{"title":"Homil\u00eda: Mons. Alfredo Jos\u00e9 Espinoza Mateus, SDB. en la Asamblea Plenaria del Comit\u00e9 Pontificio - IEC 2024","robots":{"index":"index","follow":"follow","max-snippet":"max-snippet:-1","max-image-preview":"max-image-preview:large","max-video-preview":"max-video-preview:-1"},"canonical":"https:\/\/www.iec2024.ec\/en\/homilia-mons-alfredo-jose-espinoza-mateus-sdb-en-la-asamblea-plenaria-del-comite-pontificio\/","og_locale":"en_US","og_type":"article","og_title":"Homil\u00eda: Mons. Alfredo Jos\u00e9 Espinoza Mateus, SDB. en la Asamblea Plenaria del Comit\u00e9 Pontificio - IEC 2024","og_description":"Quito, 12 de septiembre de 2023 \u00a0 Estamos en la Bas\u00edlica del Voto Nacional dedicada al Sagrado Coraz\u00f3n de Jes\u00fas. Aqu\u00ed han resonado notas de esperanza y de compromiso. En nuestro canto hemos dicho que es el Se\u00f1or el que nos muestra desde la cruz la Fraternidad. Es que es \u00c9l, el \u201cSe\u00f1or amigo, quien [&hellip;]","og_url":"https:\/\/www.iec2024.ec\/en\/homilia-mons-alfredo-jose-espinoza-mateus-sdb-en-la-asamblea-plenaria-del-comite-pontificio\/","og_site_name":"IEC 2024","article_published_time":"2023-09-15T19:18:26+00:00","author":"Secretario T\u00e9cnico","twitter_card":"summary_large_image","twitter_misc":{"Written by":"Secretario T\u00e9cnico","Est. reading time":"6 minutes"},"schema":{"@context":"https:\/\/schema.org","@graph":[{"@type":"Article","@id":"https:\/\/www.iec2024.ec\/en\/homilia-mons-alfredo-jose-espinoza-mateus-sdb-en-la-asamblea-plenaria-del-comite-pontificio\/#article","isPartOf":{"@id":"https:\/\/www.iec2024.ec\/en\/homilia-mons-alfredo-jose-espinoza-mateus-sdb-en-la-asamblea-plenaria-del-comite-pontificio\/"},"author":{"name":"Secretario T\u00e9cnico","@id":"https:\/\/www.iec2024.ec\/en\/#\/schema\/person\/7dc46e27a804fe39ba34935ca5284fe2"},"headline":"Homil\u00eda: Mons. Alfredo Jos\u00e9 Espinoza Mateus, SDB. en la Asamblea Plenaria del Comit\u00e9 Pontificio","datePublished":"2023-09-15T19:18:26+00:00","dateModified":"2023-09-15T19:18:26+00:00","mainEntityOfPage":{"@id":"https:\/\/www.iec2024.ec\/en\/homilia-mons-alfredo-jose-espinoza-mateus-sdb-en-la-asamblea-plenaria-del-comite-pontificio\/"},"wordCount":1269,"commentCount":0,"publisher":{"@id":"https:\/\/www.iec2024.ec\/en\/#organization"},"articleSection":["News"],"inLanguage":"en-US","potentialAction":[{"@type":"CommentAction","name":"Comment","target":["https:\/\/www.iec2024.ec\/en\/homilia-mons-alfredo-jose-espinoza-mateus-sdb-en-la-asamblea-plenaria-del-comite-pontificio\/#respond"]}]},{"@type":"WebPage","@id":"https:\/\/www.iec2024.ec\/en\/homilia-mons-alfredo-jose-espinoza-mateus-sdb-en-la-asamblea-plenaria-del-comite-pontificio\/","url":"https:\/\/www.iec2024.ec\/en\/homilia-mons-alfredo-jose-espinoza-mateus-sdb-en-la-asamblea-plenaria-del-comite-pontificio\/","name":"Homil\u00eda: Mons. Alfredo Jos\u00e9 Espinoza Mateus, SDB. en la Asamblea Plenaria del Comit\u00e9 Pontificio - IEC 2024","isPartOf":{"@id":"https:\/\/www.iec2024.ec\/en\/#website"},"datePublished":"2023-09-15T19:18:26+00:00","dateModified":"2023-09-15T19:18:26+00:00","breadcrumb":{"@id":"https:\/\/www.iec2024.ec\/en\/homilia-mons-alfredo-jose-espinoza-mateus-sdb-en-la-asamblea-plenaria-del-comite-pontificio\/#breadcrumb"},"inLanguage":"en-US","potentialAction":[{"@type":"ReadAction","target":["https:\/\/www.iec2024.ec\/en\/homilia-mons-alfredo-jose-espinoza-mateus-sdb-en-la-asamblea-plenaria-del-comite-pontificio\/"]}]},{"@type":"BreadcrumbList","@id":"https:\/\/www.iec2024.ec\/en\/homilia-mons-alfredo-jose-espinoza-mateus-sdb-en-la-asamblea-plenaria-del-comite-pontificio\/#breadcrumb","itemListElement":[{"@type":"ListItem","position":1,"name":"Portada","item":"https:\/\/www.iec2024.ec\/en\/"},{"@type":"ListItem","position":2,"name":"Homil\u00eda: Mons. Alfredo Jos\u00e9 Espinoza Mateus, SDB. en la Asamblea Plenaria del Comit\u00e9 Pontificio"}]},{"@type":"WebSite","@id":"https:\/\/www.iec2024.ec\/en\/#website","url":"https:\/\/www.iec2024.ec\/en\/","name":"IEC 2024","description":"","publisher":{"@id":"https:\/\/www.iec2024.ec\/en\/#organization"},"potentialAction":[{"@type":"SearchAction","target":{"@type":"EntryPoint","urlTemplate":"https:\/\/www.iec2024.ec\/en\/?s={search_term_string}"},"query-input":"required name=search_term_string"}],"inLanguage":"en-US"},{"@type":"Organization","@id":"https:\/\/www.iec2024.ec\/en\/#organization","name":"IEC 2024","url":"https:\/\/www.iec2024.ec\/en\/","logo":{"@type":"ImageObject","inLanguage":"en-US","@id":"https:\/\/www.iec2024.ec\/en\/#\/schema\/logo\/image\/","url":"https:\/\/www.iec2024.ec\/wp-content\/uploads\/2024\/01\/cropped-logo-2024.png","contentUrl":"https:\/\/www.iec2024.ec\/wp-content\/uploads\/2024\/01\/cropped-logo-2024.png","width":1277,"height":332,"caption":"IEC 2024"},"image":{"@id":"https:\/\/www.iec2024.ec\/en\/#\/schema\/logo\/image\/"}},{"@type":"Person","@id":"https:\/\/www.iec2024.ec\/en\/#\/schema\/person\/7dc46e27a804fe39ba34935ca5284fe2","name":"Secretario T\u00e9cnico","image":{"@type":"ImageObject","inLanguage":"en-US","@id":"https:\/\/www.iec2024.ec\/en\/#\/schema\/person\/image\/","url":"https:\/\/secure.gravatar.com\/avatar\/67808a21710148ea0645bc85e43e21b6?s=96&d=mm&r=g","contentUrl":"https:\/\/secure.gravatar.com\/avatar\/67808a21710148ea0645bc85e43e21b6?s=96&d=mm&r=g","caption":"Secretario T\u00e9cnico"},"url":"https:\/\/www.iec2024.ec\/en\/author\/4dm1ns3cr3t4r10\/"}]}},"_links":{"self":[{"href":"https:\/\/www.iec2024.ec\/en\/wp-json\/wp\/v2\/posts\/7425"}],"collection":[{"href":"https:\/\/www.iec2024.ec\/en\/wp-json\/wp\/v2\/posts"}],"about":[{"href":"https:\/\/www.iec2024.ec\/en\/wp-json\/wp\/v2\/types\/post"}],"author":[{"embeddable":true,"href":"https:\/\/www.iec2024.ec\/en\/wp-json\/wp\/v2\/users\/2"}],"replies":[{"embeddable":true,"href":"https:\/\/www.iec2024.ec\/en\/wp-json\/wp\/v2\/comments?post=7425"}],"version-history":[{"count":0,"href":"https:\/\/www.iec2024.ec\/en\/wp-json\/wp\/v2\/posts\/7425\/revisions"}],"wp:featuredmedia":[{"embeddable":true,"href":"https:\/\/www.iec2024.ec\/en\/wp-json\/wp\/v2\/media\/6610"}],"wp:attachment":[{"href":"https:\/\/www.iec2024.ec\/en\/wp-json\/wp\/v2\/media?parent=7425"}],"wp:term":[{"taxonomy":"category","embeddable":true,"href":"https:\/\/www.iec2024.ec\/en\/wp-json\/wp\/v2\/categories?post=7425"},{"taxonomy":"post_tag","embeddable":true,"href":"https:\/\/www.iec2024.ec\/en\/wp-json\/wp\/v2\/tags?post=7425"}],"curies":[{"name":"wp","href":"https:\/\/api.w.org\/{rel}","templated":true}]}}