{"id":11101,"date":"2024-02-05T13:23:38","date_gmt":"2024-02-05T18:23:38","guid":{"rendered":"https:\/\/www.iec2024.ec\/mensaje-del-arzobispo-de-quito-ruptura-de-la-fraternidad\/"},"modified":"2024-03-04T11:41:09","modified_gmt":"2024-03-04T16:41:09","slug":"mensaje-del-arzobispo-de-quito-ruptura-de-la-fraternidad","status":"publish","type":"post","link":"https:\/\/www.iec2024.ec\/it\/mensaje-del-arzobispo-de-quito-ruptura-de-la-fraternidad\/","title":{"rendered":"Mensaje del Arzobispo de Quito &#8220;Ruptura de la fraternidad&#8221;"},"content":{"rendered":"<p>Quito, 04 de febrero de 2024<\/p>\n<p>He demorado en escribir este mensaje, el mismo que constituye el tercer cap\u00edtulo de esta carta de la Fraternidad que estoy escribiendo como camino de preparaci\u00f3n a la celebraci\u00f3n del 53\u00b0 Congreso Eucar\u00edstico Internacional que celebraremos como un gran don de Dios en nuestra Arquidi\u00f3cesis de Quito.<\/p>\n<p>En mi mensaje de A\u00f1o Nuevo les invitaba a \u201cso\u00f1ar\u201d con la Fraternidad, a creer que debemos hacer una opci\u00f3n clara y decidida por la \u201cFraternidad para sanar el mundo\u201d. Iniciamos el a\u00f1o con gran alegr\u00eda e ilusi\u00f3n, pero a los pocos d\u00edas nos vimos envueltos en una realidad de violencia que parec\u00eda nos despertaba de ese sue\u00f1o y de ese gran horizonte de fraternidad.<\/p>\n<p>Pareciera que las reflexiones recogidas en el Documento Base preparatorio del Congreso se estuvieran escribiendo en el aqu\u00ed y en el ahora. Dicho texto afirma: \u201cLa acci\u00f3n sanadora de Cristo sobre el mundo se enfrenta a las dram\u00e1ticas realidades de nuestra historia, en la que la violencia generalizada nos ha convertido a todos en v\u00edctimas y verdugos al mismo tiempo. En nuestro pa\u00eds, mayoritariamente cat\u00f3lico, por ejemplo, hablar de fraternidad reconciliada puede tener un sabor de incredulidad al recordar lo acontecido en nuestras c\u00e1rceles y en nuestras calles donde inocentes y culpables han perdido la vida sin discriminaci\u00f3n, haciendo, por ejemplo, de los \u00faltimos a\u00f1os los m\u00e1s violentos de nuestra historia reciente\u201d<br \/>\n(D.B.#41).<\/p>\n<p>Im\u00e1genes en la televisi\u00f3n, toque de queda, estado de excepci\u00f3n, un caos vivido por el miedo, la inseguridad que vivimos y que sentimos y muchas situaciones m\u00e1s, nos llevan a pensar en una ruptura real de este sue\u00f1o de fraternidad. No podemos ni debemos caer en este pesimismo. La fraternidad no es una utop\u00eda ni una mera ilusi\u00f3n enga\u00f1osa. Recuerdo lo que ya dec\u00eda en el mensaje anterior: \u201cCreemos que la fraternidad hunde sus ra\u00edces en lo m\u00e1s profundo del ser humano, independientemente de las circunstancias concretas y de las limitaciones hist\u00f3ricas en las que vive\u201d (D.B. # 11). Debemos estar convencidos de que la fraternidad es posible, es una sed y una aspiraci\u00f3n, es al mismo tiempo, un anhelo de plenitud y de vida, que nos lleva a creer en una vida digna y m\u00e1s bella.<\/p>\n<p>Siendo realistas, \u201cSomos conscientes de que la redenci\u00f3n es real, pero \u00e9sta tiene que llegar a su consumaci\u00f3n definitiva. El mundo ha sido sanado en su coraz\u00f3n y en su destino, aunque descubramos realidades donde esta sanaci\u00f3n no se ha manifestado plenamente. La indignaci\u00f3n frente a la violencia y el anhelo de solucionarla nos habla de la realidad cierta de ser sanados\u201d (D.B. # 41).<\/p>\n<p>\u00bfQu\u00e9 hacer? \u00bfA qu\u00e9 me puedo comprometer yo? \u00bfQu\u00e9 me exige la realidad que vivimos? \u00bfC\u00f3mo puedo ser constructor de fraternidad? Estas y muchas otras preguntas m\u00e1s nos podemos hacer, y estoy convencido de que nos las hemos hecho.<\/p>\n<p>\u00bfQu\u00e9 hacer? En primer lugar, creo yo, debemos dejar de quejarnos y lamentarnos. Hay una realidad de un mundo herido que exige nuestra acci\u00f3n concreta. Hay testimonios de cristianos que han hecho una clara opci\u00f3n para responder, \u201cde manera evang\u00e9licamente diferente a la creciente violencia que azota nuestra manera \u201cnatural\u201d de relacionarnos los unos con los otros\u201d (D.B.# 41).<\/p>\n<p>Sabemos que, \u201cEstamos frente a una constataci\u00f3n y una b\u00fasqueda: el mundo est\u00e1 herido, urge encontrar caminos de fraternidad y no dejarnos vencer por la violencia que degrada a la persona humana y a toda la creaci\u00f3n\u201d (D.B. # 42). Me cuestionan profundamente las palabras del Papa Francisco cuando nos dice que, \u201cEl olvido y la negaci\u00f3n de Dios, que llevan al hombre a no reconocer alguna norma<br \/>\npor encima de s\u00ed y a tomar solamente a s\u00ed mismo como norma, han producido crueldad y violencia sin medida\u201d.<\/p>\n<p>Si el olvido de Dios lleva a la violencia, el centrarnos en \u00c9l nos lleva a la reconciliaci\u00f3n. Por eso, el primer paso que debemos dar, ante esta situaci\u00f3n de violencia, ante esta ruptura del sue\u00f1o de fraternidad, es el camino del perd\u00f3n. Traigo aqu\u00ed las palabras orientadoras del Documento Base, que nos se\u00f1ala el camino del perd\u00f3n como el \u00fanico camino posible: \u201cLa revelaci\u00f3n cristiana desarma el enigma del deseo violento, no porque anula el dinamismo de imitaci\u00f3n que construye las sociedades, sino porque lo encauza hacia la verdadera imitaci\u00f3n, a saber: no la imitaci\u00f3n del verdugo, ni tampoco de la v\u00edctima rencorosa, sino la imitaci\u00f3n de la v\u00edctima perdonadora, que es Cristo, el Hijo de Dios, el Cordero de Dios que quita el pecado del mundo\u201d (D.B. # 42).<\/p>\n<p>Como cristianos, como hombres y mujeres de fe, \u201c\u2026 cada domingo en la celebraci\u00f3n eucar\u00edstica ponemos delante de nosotros al Crucificado, a Aquel que ofrenda la vida por Amor. Aquel que se parte y se comparte, Aquel que perdona a sus verdugos. Ni una palabra de venganza, ni un gesto de maldici\u00f3n\u201d (D.B. #42). Asumamos este camino de perd\u00f3n como el camino para restaurar el sue\u00f1o de fraternidad. Y debemos asumirlo desde la fe. Contemplar a Cristo presente en la Eucarist\u00eda, contemplarlo en el hermano que sufre, me debe comprometer a no dejar de<br \/>\nso\u00f1ar con la fraternidad, a unir la voz y la acci\u00f3n para que esta fraternidad sea una realidad. Sabemos que, \u201cLa voz de los vencidos es entonces la condici\u00f3n de posibilidad para que la violencia cese de una vez por todas\u201d (D.B. # 43). Este es, como dije, el primer paso, hay otros pasos que debemos dar y que ir\u00e9 compartiendo en los pr\u00f3ximos mensajes.<\/p>\n<p>Desde la fe, comprometamos y entreguemos nuestras vidas para hacer de la fraternidad una realidad viva y operante. Lo haremos con la fuerza transformadora del Evangelio y de la Eucarist\u00eda. En el comulgar, en la Eucarist\u00eda, como nos dice el Documento Base, \u201c\u2026los creyentes vivencian, experimentan y realizan la acci\u00f3n de comulgar con el camino abierto por Jesucristo, a saber, el acto de amar a costa de la propia vida\u201d(D.B. # 43).<\/p>\n<p>Reconstruyamos el sue\u00f1o de fraternidad, es tarea tuya, tarea m\u00eda, tarea de todos.<\/p>\n<p>Unidos en el Se\u00f1or de la Vida<\/p>\n<p>+ Alfredo Jos\u00e9 Espinoza Mateus, sdb<br \/>\nArzobispo de Quito y Primado del Ecuador<\/p>\n","protected":false},"excerpt":{"rendered":"<p>Quito, 04 de febrero de 2024 He demorado en escribir este mensaje, el mismo que constituye el tercer cap\u00edtulo de esta carta de la Fraternidad que estoy escribiendo como camino de preparaci\u00f3n a la celebraci\u00f3n del 53\u00b0 Congreso Eucar\u00edstico Internacional que celebraremos como un gran don de Dios en nuestra Arquidi\u00f3cesis de Quito. En mi [&hellip;]<\/p>\n","protected":false},"author":2,"featured_media":11087,"comment_status":"closed","ping_status":"closed","sticky":false,"template":"","format":"standard","meta":{"footnotes":""},"categories":[34],"tags":[],"acf":[],"yoast_head":"<!-- This site is optimized with the Yoast SEO plugin v21.1 - https:\/\/yoast.com\/wordpress\/plugins\/seo\/ -->\n<title>Mensaje del Arzobispo de Quito &quot;Ruptura de la fraternidad&quot; - IEC 2024<\/title>\n<meta name=\"robots\" content=\"index, follow, max-snippet:-1, max-image-preview:large, max-video-preview:-1\" \/>\n<link rel=\"canonical\" href=\"https:\/\/www.iec2024.ec\/it\/mensaje-del-arzobispo-de-quito-ruptura-de-la-fraternidad\/\" \/>\n<meta property=\"og:locale\" content=\"it_IT\" \/>\n<meta property=\"og:type\" content=\"article\" \/>\n<meta property=\"og:title\" content=\"Mensaje del Arzobispo de Quito &quot;Ruptura de la fraternidad&quot; - IEC 2024\" \/>\n<meta property=\"og:description\" content=\"Quito, 04 de febrero de 2024 He demorado en escribir este mensaje, el mismo que constituye el tercer cap\u00edtulo de esta carta de la Fraternidad que estoy escribiendo como camino de preparaci\u00f3n a la celebraci\u00f3n del 53\u00b0 Congreso Eucar\u00edstico Internacional que celebraremos como un gran don de Dios en nuestra Arquidi\u00f3cesis de Quito. En mi [&hellip;]\" \/>\n<meta property=\"og:url\" content=\"https:\/\/www.iec2024.ec\/it\/mensaje-del-arzobispo-de-quito-ruptura-de-la-fraternidad\/\" \/>\n<meta property=\"og:site_name\" content=\"IEC 2024\" \/>\n<meta property=\"article:published_time\" content=\"2024-02-05T18:23:38+00:00\" \/>\n<meta property=\"article:modified_time\" content=\"2024-03-04T16:41:09+00:00\" \/>\n<meta property=\"og:image\" content=\"https:\/\/www.iec2024.ec\/wp-content\/uploads\/2024\/02\/Imagen-de-WhatsApp-2024-02-05-a-las-13.14.03_e098a0c7-4.jpg\" \/>\n\t<meta property=\"og:image:width\" content=\"1280\" \/>\n\t<meta property=\"og:image:height\" content=\"853\" \/>\n\t<meta property=\"og:image:type\" content=\"image\/jpeg\" \/>\n<meta name=\"author\" content=\"Secretario T\u00e9cnico\" \/>\n<meta name=\"twitter:card\" content=\"summary_large_image\" \/>\n<meta name=\"twitter:label1\" content=\"Scritto da\" \/>\n\t<meta name=\"twitter:data1\" content=\"Secretario T\u00e9cnico\" \/>\n\t<meta name=\"twitter:label2\" content=\"Tempo di lettura stimato\" \/>\n\t<meta name=\"twitter:data2\" content=\"5 minuti\" \/>\n<script type=\"application\/ld+json\" class=\"yoast-schema-graph\">{\"@context\":\"https:\/\/schema.org\",\"@graph\":[{\"@type\":\"Article\",\"@id\":\"https:\/\/www.iec2024.ec\/it\/mensaje-del-arzobispo-de-quito-ruptura-de-la-fraternidad\/#article\",\"isPartOf\":{\"@id\":\"https:\/\/www.iec2024.ec\/it\/mensaje-del-arzobispo-de-quito-ruptura-de-la-fraternidad\/\"},\"author\":{\"name\":\"Secretario T\u00e9cnico\",\"@id\":\"https:\/\/www.iec2024.ec\/it\/#\/schema\/person\/7dc46e27a804fe39ba34935ca5284fe2\"},\"headline\":\"Mensaje del Arzobispo de Quito &#8220;Ruptura de la fraternidad&#8221;\",\"datePublished\":\"2024-02-05T18:23:38+00:00\",\"dateModified\":\"2024-03-04T16:41:09+00:00\",\"mainEntityOfPage\":{\"@id\":\"https:\/\/www.iec2024.ec\/it\/mensaje-del-arzobispo-de-quito-ruptura-de-la-fraternidad\/\"},\"wordCount\":1094,\"publisher\":{\"@id\":\"https:\/\/www.iec2024.ec\/it\/#organization\"},\"articleSection\":[\"Notizia\"],\"inLanguage\":\"it-IT\"},{\"@type\":\"WebPage\",\"@id\":\"https:\/\/www.iec2024.ec\/it\/mensaje-del-arzobispo-de-quito-ruptura-de-la-fraternidad\/\",\"url\":\"https:\/\/www.iec2024.ec\/it\/mensaje-del-arzobispo-de-quito-ruptura-de-la-fraternidad\/\",\"name\":\"Mensaje del Arzobispo de Quito \\\"Ruptura de la fraternidad\\\" - IEC 2024\",\"isPartOf\":{\"@id\":\"https:\/\/www.iec2024.ec\/it\/#website\"},\"datePublished\":\"2024-02-05T18:23:38+00:00\",\"dateModified\":\"2024-03-04T16:41:09+00:00\",\"breadcrumb\":{\"@id\":\"https:\/\/www.iec2024.ec\/it\/mensaje-del-arzobispo-de-quito-ruptura-de-la-fraternidad\/#breadcrumb\"},\"inLanguage\":\"it-IT\",\"potentialAction\":[{\"@type\":\"ReadAction\",\"target\":[\"https:\/\/www.iec2024.ec\/it\/mensaje-del-arzobispo-de-quito-ruptura-de-la-fraternidad\/\"]}]},{\"@type\":\"BreadcrumbList\",\"@id\":\"https:\/\/www.iec2024.ec\/it\/mensaje-del-arzobispo-de-quito-ruptura-de-la-fraternidad\/#breadcrumb\",\"itemListElement\":[{\"@type\":\"ListItem\",\"position\":1,\"name\":\"Portada\",\"item\":\"https:\/\/www.iec2024.ec\/it\/\"},{\"@type\":\"ListItem\",\"position\":2,\"name\":\"Mensaje del Arzobispo de Quito &#8220;Ruptura de la fraternidad&#8221;\"}]},{\"@type\":\"WebSite\",\"@id\":\"https:\/\/www.iec2024.ec\/it\/#website\",\"url\":\"https:\/\/www.iec2024.ec\/it\/\",\"name\":\"IEC 2024\",\"description\":\"\",\"publisher\":{\"@id\":\"https:\/\/www.iec2024.ec\/it\/#organization\"},\"potentialAction\":[{\"@type\":\"SearchAction\",\"target\":{\"@type\":\"EntryPoint\",\"urlTemplate\":\"https:\/\/www.iec2024.ec\/it\/?s={search_term_string}\"},\"query-input\":\"required name=search_term_string\"}],\"inLanguage\":\"it-IT\"},{\"@type\":\"Organization\",\"@id\":\"https:\/\/www.iec2024.ec\/it\/#organization\",\"name\":\"IEC 2024\",\"url\":\"https:\/\/www.iec2024.ec\/it\/\",\"logo\":{\"@type\":\"ImageObject\",\"inLanguage\":\"it-IT\",\"@id\":\"https:\/\/www.iec2024.ec\/it\/#\/schema\/logo\/image\/\",\"url\":\"https:\/\/www.iec2024.ec\/wp-content\/uploads\/2024\/01\/cropped-logo-2024.png\",\"contentUrl\":\"https:\/\/www.iec2024.ec\/wp-content\/uploads\/2024\/01\/cropped-logo-2024.png\",\"width\":1277,\"height\":332,\"caption\":\"IEC 2024\"},\"image\":{\"@id\":\"https:\/\/www.iec2024.ec\/it\/#\/schema\/logo\/image\/\"}},{\"@type\":\"Person\",\"@id\":\"https:\/\/www.iec2024.ec\/it\/#\/schema\/person\/7dc46e27a804fe39ba34935ca5284fe2\",\"name\":\"Secretario T\u00e9cnico\",\"image\":{\"@type\":\"ImageObject\",\"inLanguage\":\"it-IT\",\"@id\":\"https:\/\/www.iec2024.ec\/it\/#\/schema\/person\/image\/\",\"url\":\"https:\/\/secure.gravatar.com\/avatar\/67808a21710148ea0645bc85e43e21b6?s=96&d=mm&r=g\",\"contentUrl\":\"https:\/\/secure.gravatar.com\/avatar\/67808a21710148ea0645bc85e43e21b6?s=96&d=mm&r=g\",\"caption\":\"Secretario T\u00e9cnico\"},\"url\":\"https:\/\/www.iec2024.ec\/it\/author\/4dm1ns3cr3t4r10\/\"}]}<\/script>\n<!-- \/ Yoast SEO plugin. -->","yoast_head_json":{"title":"Mensaje del Arzobispo de Quito \"Ruptura de la fraternidad\" - IEC 2024","robots":{"index":"index","follow":"follow","max-snippet":"max-snippet:-1","max-image-preview":"max-image-preview:large","max-video-preview":"max-video-preview:-1"},"canonical":"https:\/\/www.iec2024.ec\/it\/mensaje-del-arzobispo-de-quito-ruptura-de-la-fraternidad\/","og_locale":"it_IT","og_type":"article","og_title":"Mensaje del Arzobispo de Quito \"Ruptura de la fraternidad\" - IEC 2024","og_description":"Quito, 04 de febrero de 2024 He demorado en escribir este mensaje, el mismo que constituye el tercer cap\u00edtulo de esta carta de la Fraternidad que estoy escribiendo como camino de preparaci\u00f3n a la celebraci\u00f3n del 53\u00b0 Congreso Eucar\u00edstico Internacional que celebraremos como un gran don de Dios en nuestra Arquidi\u00f3cesis de Quito. En mi [&hellip;]","og_url":"https:\/\/www.iec2024.ec\/it\/mensaje-del-arzobispo-de-quito-ruptura-de-la-fraternidad\/","og_site_name":"IEC 2024","article_published_time":"2024-02-05T18:23:38+00:00","article_modified_time":"2024-03-04T16:41:09+00:00","og_image":[{"width":1280,"height":853,"url":"https:\/\/www.iec2024.ec\/wp-content\/uploads\/2024\/02\/Imagen-de-WhatsApp-2024-02-05-a-las-13.14.03_e098a0c7-4.jpg","type":"image\/jpeg"}],"author":"Secretario T\u00e9cnico","twitter_card":"summary_large_image","twitter_misc":{"Scritto da":"Secretario T\u00e9cnico","Tempo di lettura stimato":"5 minuti"},"schema":{"@context":"https:\/\/schema.org","@graph":[{"@type":"Article","@id":"https:\/\/www.iec2024.ec\/it\/mensaje-del-arzobispo-de-quito-ruptura-de-la-fraternidad\/#article","isPartOf":{"@id":"https:\/\/www.iec2024.ec\/it\/mensaje-del-arzobispo-de-quito-ruptura-de-la-fraternidad\/"},"author":{"name":"Secretario T\u00e9cnico","@id":"https:\/\/www.iec2024.ec\/it\/#\/schema\/person\/7dc46e27a804fe39ba34935ca5284fe2"},"headline":"Mensaje del Arzobispo de Quito &#8220;Ruptura de la fraternidad&#8221;","datePublished":"2024-02-05T18:23:38+00:00","dateModified":"2024-03-04T16:41:09+00:00","mainEntityOfPage":{"@id":"https:\/\/www.iec2024.ec\/it\/mensaje-del-arzobispo-de-quito-ruptura-de-la-fraternidad\/"},"wordCount":1094,"publisher":{"@id":"https:\/\/www.iec2024.ec\/it\/#organization"},"articleSection":["Notizia"],"inLanguage":"it-IT"},{"@type":"WebPage","@id":"https:\/\/www.iec2024.ec\/it\/mensaje-del-arzobispo-de-quito-ruptura-de-la-fraternidad\/","url":"https:\/\/www.iec2024.ec\/it\/mensaje-del-arzobispo-de-quito-ruptura-de-la-fraternidad\/","name":"Mensaje del Arzobispo de Quito \"Ruptura de la fraternidad\" - IEC 2024","isPartOf":{"@id":"https:\/\/www.iec2024.ec\/it\/#website"},"datePublished":"2024-02-05T18:23:38+00:00","dateModified":"2024-03-04T16:41:09+00:00","breadcrumb":{"@id":"https:\/\/www.iec2024.ec\/it\/mensaje-del-arzobispo-de-quito-ruptura-de-la-fraternidad\/#breadcrumb"},"inLanguage":"it-IT","potentialAction":[{"@type":"ReadAction","target":["https:\/\/www.iec2024.ec\/it\/mensaje-del-arzobispo-de-quito-ruptura-de-la-fraternidad\/"]}]},{"@type":"BreadcrumbList","@id":"https:\/\/www.iec2024.ec\/it\/mensaje-del-arzobispo-de-quito-ruptura-de-la-fraternidad\/#breadcrumb","itemListElement":[{"@type":"ListItem","position":1,"name":"Portada","item":"https:\/\/www.iec2024.ec\/it\/"},{"@type":"ListItem","position":2,"name":"Mensaje del Arzobispo de Quito &#8220;Ruptura de la fraternidad&#8221;"}]},{"@type":"WebSite","@id":"https:\/\/www.iec2024.ec\/it\/#website","url":"https:\/\/www.iec2024.ec\/it\/","name":"IEC 2024","description":"","publisher":{"@id":"https:\/\/www.iec2024.ec\/it\/#organization"},"potentialAction":[{"@type":"SearchAction","target":{"@type":"EntryPoint","urlTemplate":"https:\/\/www.iec2024.ec\/it\/?s={search_term_string}"},"query-input":"required name=search_term_string"}],"inLanguage":"it-IT"},{"@type":"Organization","@id":"https:\/\/www.iec2024.ec\/it\/#organization","name":"IEC 2024","url":"https:\/\/www.iec2024.ec\/it\/","logo":{"@type":"ImageObject","inLanguage":"it-IT","@id":"https:\/\/www.iec2024.ec\/it\/#\/schema\/logo\/image\/","url":"https:\/\/www.iec2024.ec\/wp-content\/uploads\/2024\/01\/cropped-logo-2024.png","contentUrl":"https:\/\/www.iec2024.ec\/wp-content\/uploads\/2024\/01\/cropped-logo-2024.png","width":1277,"height":332,"caption":"IEC 2024"},"image":{"@id":"https:\/\/www.iec2024.ec\/it\/#\/schema\/logo\/image\/"}},{"@type":"Person","@id":"https:\/\/www.iec2024.ec\/it\/#\/schema\/person\/7dc46e27a804fe39ba34935ca5284fe2","name":"Secretario T\u00e9cnico","image":{"@type":"ImageObject","inLanguage":"it-IT","@id":"https:\/\/www.iec2024.ec\/it\/#\/schema\/person\/image\/","url":"https:\/\/secure.gravatar.com\/avatar\/67808a21710148ea0645bc85e43e21b6?s=96&d=mm&r=g","contentUrl":"https:\/\/secure.gravatar.com\/avatar\/67808a21710148ea0645bc85e43e21b6?s=96&d=mm&r=g","caption":"Secretario T\u00e9cnico"},"url":"https:\/\/www.iec2024.ec\/it\/author\/4dm1ns3cr3t4r10\/"}]}},"_links":{"self":[{"href":"https:\/\/www.iec2024.ec\/it\/wp-json\/wp\/v2\/posts\/11101"}],"collection":[{"href":"https:\/\/www.iec2024.ec\/it\/wp-json\/wp\/v2\/posts"}],"about":[{"href":"https:\/\/www.iec2024.ec\/it\/wp-json\/wp\/v2\/types\/post"}],"author":[{"embeddable":true,"href":"https:\/\/www.iec2024.ec\/it\/wp-json\/wp\/v2\/users\/2"}],"replies":[{"embeddable":true,"href":"https:\/\/www.iec2024.ec\/it\/wp-json\/wp\/v2\/comments?post=11101"}],"version-history":[{"count":2,"href":"https:\/\/www.iec2024.ec\/it\/wp-json\/wp\/v2\/posts\/11101\/revisions"}],"predecessor-version":[{"id":12736,"href":"https:\/\/www.iec2024.ec\/it\/wp-json\/wp\/v2\/posts\/11101\/revisions\/12736"}],"wp:featuredmedia":[{"embeddable":true,"href":"https:\/\/www.iec2024.ec\/it\/wp-json\/wp\/v2\/media\/11087"}],"wp:attachment":[{"href":"https:\/\/www.iec2024.ec\/it\/wp-json\/wp\/v2\/media?parent=11101"}],"wp:term":[{"taxonomy":"category","embeddable":true,"href":"https:\/\/www.iec2024.ec\/it\/wp-json\/wp\/v2\/categories?post=11101"},{"taxonomy":"post_tag","embeddable":true,"href":"https:\/\/www.iec2024.ec\/it\/wp-json\/wp\/v2\/tags?post=11101"}],"curies":[{"name":"wp","href":"https:\/\/api.w.org\/{rel}","templated":true}]}}