{"id":11122,"date":"2024-01-19T16:36:59","date_gmt":"2024-01-19T21:36:59","guid":{"rendered":"https:\/\/www.iec2024.ec\/espana-se-prepara-delegados-listos-para-iec2024\/"},"modified":"2024-02-08T12:13:44","modified_gmt":"2024-02-08T17:13:44","slug":"espana-se-prepara-delegados-listos-para-iec2024","status":"publish","type":"post","link":"https:\/\/www.iec2024.ec\/it\/espana-se-prepara-delegados-listos-para-iec2024\/","title":{"rendered":"La Spagna si prepara: delegati pronti per IEC2024"},"content":{"rendered":"<p><em>Quito, 19 de enero de 2024<\/em><\/p>\n<p>En una reuni\u00f3n crucial celebrada el 17 de enero en Madrid &#8211; Espa\u00f1a, los delegados diocesanos para el IEC2024 se congregaron para prepararse ante este evento eclesial que se desarrollar\u00e1 en Quito \u2013 Ecuador en septiembre de 2024. Un total de 25 delegados ya han sido nombrados, con la expectativa de que el resto de las di\u00f3cesis anuncie sus nombramientos en breve.<\/p>\n<p>La jornada se estructur\u00f3 en tres segmentos significativos:<\/p>\n<ol>\n<li><strong>Presentaci\u00f3n Hist\u00f3rica y Significado de los Congresos Eucar\u00edsticos:<\/strong><\/li>\n<\/ol>\n<p>Mons. J. Leonardo Lemos, Obispo de Orense y presidente de la Comisi\u00f3n Episcopal para la Liturgia, as\u00ed como delegado nacional para los Congresos Eucar\u00edsticos Internacionales, introdujo el encuentro con una exposici\u00f3n sobre la historia y el prop\u00f3sito de los Congresos Eucar\u00edsticos, proporcionando un marco esencial para el trabajo de los delegados.<\/p>\n<ol start=\"2\">\n<li><strong>Introducci\u00f3n al Documento Base del IEC2024:<\/strong><\/li>\n<\/ol>\n<p>Ram\u00f3n Navarro, director del Secretariado de la Comisi\u00f3n Episcopal para la Liturgia, present\u00f3 el contenido del documento para el pr\u00f3ximo Congreso de Quito. Este documento ser\u00e1 fundamental en la gu\u00eda y preparaci\u00f3n de las actividades y temas a tratarse en el Congreso.<\/p>\n<ol start=\"3\">\n<li><strong>Promoci\u00f3n de la Participaci\u00f3n y Sensibilizaci\u00f3n Eucar\u00edstica:<\/strong><\/li>\n<\/ol>\n<p>El P. Lino Emilio D\u00edez, SSS, destac\u00f3 la importancia de la labor de los delegados diocesanos en uni\u00f3n con el delegado nacional. Enfatiz\u00f3 la necesidad de sensibilizaci\u00f3n y animaci\u00f3n eucar\u00edstica de cara al Congreso, alentando a desarrollar iniciativas a nivel local en di\u00f3cesis, parroquias, movimientos y asociaciones eucar\u00edsticas, especialmente durante la Pascua y la celebraci\u00f3n del Corpus.<\/p>\n<p>Adem\u00e1s, se entreg\u00f3 a cada uno de los delegados una copia de la edici\u00f3n especial espa\u00f1ola del Documento Base del IEC2024, herramienta importante para su labor.<\/p>\n<p>Finalmente, se anim\u00f3 a los participantes a asistir al Congreso junto con fieles de sus respectivas di\u00f3cesis, promoviendo as\u00ed una participaci\u00f3n m\u00e1s amplia y representativa de la Iglesia en Espa\u00f1a.<\/p>\n<p>Este encuentro marca un paso significativo en la preparaci\u00f3n para el IEC2024, subrayando el compromiso y la colaboraci\u00f3n de la Iglesia en Espa\u00f1a hacia un exitoso Congreso Eucar\u00edstico Internacional.<\/p>\n<p>Oficina de comunicaci\u00f3n<\/p>\n","protected":false},"excerpt":{"rendered":"<p>Quito, 19 de enero de 2024 En una reuni\u00f3n crucial celebrada el 17 de enero en Madrid &#8211; Espa\u00f1a, los delegados diocesanos para el IEC2024 se congregaron para prepararse ante este evento eclesial que se desarrollar\u00e1 en Quito \u2013 Ecuador en septiembre de 2024. Un total de 25 delegados ya han sido nombrados, con la [&hellip;]<\/p>\n","protected":false},"author":2,"featured_media":9722,"comment_status":"open","ping_status":"open","sticky":false,"template":"","format":"standard","meta":{"footnotes":""},"categories":[34],"tags":[],"acf":[],"yoast_head":"<!-- This site is optimized with the Yoast SEO plugin v21.1 - https:\/\/yoast.com\/wordpress\/plugins\/seo\/ -->\n<title>La Spagna si prepara: delegati pronti per IEC2024 - IEC 2024<\/title>\n<meta name=\"robots\" content=\"index, follow, max-snippet:-1, max-image-preview:large, max-video-preview:-1\" \/>\n<link rel=\"canonical\" href=\"https:\/\/www.iec2024.ec\/it\/espana-se-prepara-delegados-listos-para-iec2024\/\" \/>\n<meta property=\"og:locale\" content=\"it_IT\" \/>\n<meta property=\"og:type\" content=\"article\" \/>\n<meta property=\"og:title\" content=\"La Spagna si prepara: delegati pronti per IEC2024 - IEC 2024\" \/>\n<meta property=\"og:description\" content=\"Quito, 19 de enero de 2024 En una reuni\u00f3n crucial celebrada el 17 de enero en Madrid &#8211; Espa\u00f1a, los delegados diocesanos para el IEC2024 se congregaron para prepararse ante este evento eclesial que se desarrollar\u00e1 en Quito \u2013 Ecuador en septiembre de 2024. Un total de 25 delegados ya han sido nombrados, con la [&hellip;]\" \/>\n<meta property=\"og:url\" content=\"https:\/\/www.iec2024.ec\/it\/espana-se-prepara-delegados-listos-para-iec2024\/\" \/>\n<meta property=\"og:site_name\" content=\"IEC 2024\" \/>\n<meta property=\"article:published_time\" content=\"2024-01-19T21:36:59+00:00\" \/>\n<meta property=\"article:modified_time\" content=\"2024-02-08T17:13:44+00:00\" \/>\n<meta property=\"og:image\" content=\"https:\/\/www.iec2024.ec\/wp-content\/uploads\/2024\/01\/20240117_124219-scaled.jpg\" \/>\n\t<meta property=\"og:image:width\" content=\"2560\" \/>\n\t<meta property=\"og:image:height\" content=\"1441\" \/>\n\t<meta property=\"og:image:type\" content=\"image\/jpeg\" \/>\n<meta name=\"author\" content=\"Secretario T\u00e9cnico\" \/>\n<meta name=\"twitter:card\" content=\"summary_large_image\" \/>\n<meta name=\"twitter:label1\" content=\"Scritto da\" \/>\n\t<meta name=\"twitter:data1\" content=\"Secretario T\u00e9cnico\" \/>\n\t<meta name=\"twitter:label2\" content=\"Tempo di lettura stimato\" \/>\n\t<meta name=\"twitter:data2\" content=\"2 minuti\" \/>\n<script type=\"application\/ld+json\" class=\"yoast-schema-graph\">{\"@context\":\"https:\/\/schema.org\",\"@graph\":[{\"@type\":\"Article\",\"@id\":\"https:\/\/www.iec2024.ec\/it\/espana-se-prepara-delegados-listos-para-iec2024\/#article\",\"isPartOf\":{\"@id\":\"https:\/\/www.iec2024.ec\/it\/espana-se-prepara-delegados-listos-para-iec2024\/\"},\"author\":{\"name\":\"Secretario T\u00e9cnico\",\"@id\":\"https:\/\/www.iec2024.ec\/it\/#\/schema\/person\/7dc46e27a804fe39ba34935ca5284fe2\"},\"headline\":\"La Spagna si prepara: delegati pronti per IEC2024\",\"datePublished\":\"2024-01-19T21:36:59+00:00\",\"dateModified\":\"2024-02-08T17:13:44+00:00\",\"mainEntityOfPage\":{\"@id\":\"https:\/\/www.iec2024.ec\/it\/espana-se-prepara-delegados-listos-para-iec2024\/\"},\"wordCount\":378,\"commentCount\":0,\"publisher\":{\"@id\":\"https:\/\/www.iec2024.ec\/it\/#organization\"},\"articleSection\":[\"Notizia\"],\"inLanguage\":\"it-IT\",\"potentialAction\":[{\"@type\":\"CommentAction\",\"name\":\"Comment\",\"target\":[\"https:\/\/www.iec2024.ec\/it\/espana-se-prepara-delegados-listos-para-iec2024\/#respond\"]}]},{\"@type\":\"WebPage\",\"@id\":\"https:\/\/www.iec2024.ec\/it\/espana-se-prepara-delegados-listos-para-iec2024\/\",\"url\":\"https:\/\/www.iec2024.ec\/it\/espana-se-prepara-delegados-listos-para-iec2024\/\",\"name\":\"La Spagna si prepara: delegati pronti per IEC2024 - IEC 2024\",\"isPartOf\":{\"@id\":\"https:\/\/www.iec2024.ec\/it\/#website\"},\"datePublished\":\"2024-01-19T21:36:59+00:00\",\"dateModified\":\"2024-02-08T17:13:44+00:00\",\"breadcrumb\":{\"@id\":\"https:\/\/www.iec2024.ec\/it\/espana-se-prepara-delegados-listos-para-iec2024\/#breadcrumb\"},\"inLanguage\":\"it-IT\",\"potentialAction\":[{\"@type\":\"ReadAction\",\"target\":[\"https:\/\/www.iec2024.ec\/it\/espana-se-prepara-delegados-listos-para-iec2024\/\"]}]},{\"@type\":\"BreadcrumbList\",\"@id\":\"https:\/\/www.iec2024.ec\/it\/espana-se-prepara-delegados-listos-para-iec2024\/#breadcrumb\",\"itemListElement\":[{\"@type\":\"ListItem\",\"position\":1,\"name\":\"Portada\",\"item\":\"https:\/\/www.iec2024.ec\/it\/\"},{\"@type\":\"ListItem\",\"position\":2,\"name\":\"La Spagna si prepara: delegati pronti per IEC2024\"}]},{\"@type\":\"WebSite\",\"@id\":\"https:\/\/www.iec2024.ec\/it\/#website\",\"url\":\"https:\/\/www.iec2024.ec\/it\/\",\"name\":\"IEC 2024\",\"description\":\"\",\"publisher\":{\"@id\":\"https:\/\/www.iec2024.ec\/it\/#organization\"},\"potentialAction\":[{\"@type\":\"SearchAction\",\"target\":{\"@type\":\"EntryPoint\",\"urlTemplate\":\"https:\/\/www.iec2024.ec\/it\/?s={search_term_string}\"},\"query-input\":\"required name=search_term_string\"}],\"inLanguage\":\"it-IT\"},{\"@type\":\"Organization\",\"@id\":\"https:\/\/www.iec2024.ec\/it\/#organization\",\"name\":\"IEC 2024\",\"url\":\"https:\/\/www.iec2024.ec\/it\/\",\"logo\":{\"@type\":\"ImageObject\",\"inLanguage\":\"it-IT\",\"@id\":\"https:\/\/www.iec2024.ec\/it\/#\/schema\/logo\/image\/\",\"url\":\"https:\/\/www.iec2024.ec\/wp-content\/uploads\/2024\/01\/cropped-logo-2024.png\",\"contentUrl\":\"https:\/\/www.iec2024.ec\/wp-content\/uploads\/2024\/01\/cropped-logo-2024.png\",\"width\":1277,\"height\":332,\"caption\":\"IEC 2024\"},\"image\":{\"@id\":\"https:\/\/www.iec2024.ec\/it\/#\/schema\/logo\/image\/\"}},{\"@type\":\"Person\",\"@id\":\"https:\/\/www.iec2024.ec\/it\/#\/schema\/person\/7dc46e27a804fe39ba34935ca5284fe2\",\"name\":\"Secretario T\u00e9cnico\",\"image\":{\"@type\":\"ImageObject\",\"inLanguage\":\"it-IT\",\"@id\":\"https:\/\/www.iec2024.ec\/it\/#\/schema\/person\/image\/\",\"url\":\"https:\/\/secure.gravatar.com\/avatar\/67808a21710148ea0645bc85e43e21b6?s=96&d=mm&r=g\",\"contentUrl\":\"https:\/\/secure.gravatar.com\/avatar\/67808a21710148ea0645bc85e43e21b6?s=96&d=mm&r=g\",\"caption\":\"Secretario T\u00e9cnico\"},\"url\":\"https:\/\/www.iec2024.ec\/it\/author\/4dm1ns3cr3t4r10\/\"}]}<\/script>\n<!-- \/ Yoast SEO plugin. -->","yoast_head_json":{"title":"La Spagna si prepara: delegati pronti per IEC2024 - IEC 2024","robots":{"index":"index","follow":"follow","max-snippet":"max-snippet:-1","max-image-preview":"max-image-preview:large","max-video-preview":"max-video-preview:-1"},"canonical":"https:\/\/www.iec2024.ec\/it\/espana-se-prepara-delegados-listos-para-iec2024\/","og_locale":"it_IT","og_type":"article","og_title":"La Spagna si prepara: delegati pronti per IEC2024 - IEC 2024","og_description":"Quito, 19 de enero de 2024 En una reuni\u00f3n crucial celebrada el 17 de enero en Madrid &#8211; Espa\u00f1a, los delegados diocesanos para el IEC2024 se congregaron para prepararse ante este evento eclesial que se desarrollar\u00e1 en Quito \u2013 Ecuador en septiembre de 2024. Un total de 25 delegados ya han sido nombrados, con la [&hellip;]","og_url":"https:\/\/www.iec2024.ec\/it\/espana-se-prepara-delegados-listos-para-iec2024\/","og_site_name":"IEC 2024","article_published_time":"2024-01-19T21:36:59+00:00","article_modified_time":"2024-02-08T17:13:44+00:00","og_image":[{"width":2560,"height":1441,"url":"https:\/\/www.iec2024.ec\/wp-content\/uploads\/2024\/01\/20240117_124219-scaled.jpg","type":"image\/jpeg"}],"author":"Secretario T\u00e9cnico","twitter_card":"summary_large_image","twitter_misc":{"Scritto da":"Secretario T\u00e9cnico","Tempo di lettura stimato":"2 minuti"},"schema":{"@context":"https:\/\/schema.org","@graph":[{"@type":"Article","@id":"https:\/\/www.iec2024.ec\/it\/espana-se-prepara-delegados-listos-para-iec2024\/#article","isPartOf":{"@id":"https:\/\/www.iec2024.ec\/it\/espana-se-prepara-delegados-listos-para-iec2024\/"},"author":{"name":"Secretario T\u00e9cnico","@id":"https:\/\/www.iec2024.ec\/it\/#\/schema\/person\/7dc46e27a804fe39ba34935ca5284fe2"},"headline":"La Spagna si prepara: delegati pronti per IEC2024","datePublished":"2024-01-19T21:36:59+00:00","dateModified":"2024-02-08T17:13:44+00:00","mainEntityOfPage":{"@id":"https:\/\/www.iec2024.ec\/it\/espana-se-prepara-delegados-listos-para-iec2024\/"},"wordCount":378,"commentCount":0,"publisher":{"@id":"https:\/\/www.iec2024.ec\/it\/#organization"},"articleSection":["Notizia"],"inLanguage":"it-IT","potentialAction":[{"@type":"CommentAction","name":"Comment","target":["https:\/\/www.iec2024.ec\/it\/espana-se-prepara-delegados-listos-para-iec2024\/#respond"]}]},{"@type":"WebPage","@id":"https:\/\/www.iec2024.ec\/it\/espana-se-prepara-delegados-listos-para-iec2024\/","url":"https:\/\/www.iec2024.ec\/it\/espana-se-prepara-delegados-listos-para-iec2024\/","name":"La Spagna si prepara: delegati pronti per IEC2024 - IEC 2024","isPartOf":{"@id":"https:\/\/www.iec2024.ec\/it\/#website"},"datePublished":"2024-01-19T21:36:59+00:00","dateModified":"2024-02-08T17:13:44+00:00","breadcrumb":{"@id":"https:\/\/www.iec2024.ec\/it\/espana-se-prepara-delegados-listos-para-iec2024\/#breadcrumb"},"inLanguage":"it-IT","potentialAction":[{"@type":"ReadAction","target":["https:\/\/www.iec2024.ec\/it\/espana-se-prepara-delegados-listos-para-iec2024\/"]}]},{"@type":"BreadcrumbList","@id":"https:\/\/www.iec2024.ec\/it\/espana-se-prepara-delegados-listos-para-iec2024\/#breadcrumb","itemListElement":[{"@type":"ListItem","position":1,"name":"Portada","item":"https:\/\/www.iec2024.ec\/it\/"},{"@type":"ListItem","position":2,"name":"La Spagna si prepara: delegati pronti per IEC2024"}]},{"@type":"WebSite","@id":"https:\/\/www.iec2024.ec\/it\/#website","url":"https:\/\/www.iec2024.ec\/it\/","name":"IEC 2024","description":"","publisher":{"@id":"https:\/\/www.iec2024.ec\/it\/#organization"},"potentialAction":[{"@type":"SearchAction","target":{"@type":"EntryPoint","urlTemplate":"https:\/\/www.iec2024.ec\/it\/?s={search_term_string}"},"query-input":"required name=search_term_string"}],"inLanguage":"it-IT"},{"@type":"Organization","@id":"https:\/\/www.iec2024.ec\/it\/#organization","name":"IEC 2024","url":"https:\/\/www.iec2024.ec\/it\/","logo":{"@type":"ImageObject","inLanguage":"it-IT","@id":"https:\/\/www.iec2024.ec\/it\/#\/schema\/logo\/image\/","url":"https:\/\/www.iec2024.ec\/wp-content\/uploads\/2024\/01\/cropped-logo-2024.png","contentUrl":"https:\/\/www.iec2024.ec\/wp-content\/uploads\/2024\/01\/cropped-logo-2024.png","width":1277,"height":332,"caption":"IEC 2024"},"image":{"@id":"https:\/\/www.iec2024.ec\/it\/#\/schema\/logo\/image\/"}},{"@type":"Person","@id":"https:\/\/www.iec2024.ec\/it\/#\/schema\/person\/7dc46e27a804fe39ba34935ca5284fe2","name":"Secretario T\u00e9cnico","image":{"@type":"ImageObject","inLanguage":"it-IT","@id":"https:\/\/www.iec2024.ec\/it\/#\/schema\/person\/image\/","url":"https:\/\/secure.gravatar.com\/avatar\/67808a21710148ea0645bc85e43e21b6?s=96&d=mm&r=g","contentUrl":"https:\/\/secure.gravatar.com\/avatar\/67808a21710148ea0645bc85e43e21b6?s=96&d=mm&r=g","caption":"Secretario T\u00e9cnico"},"url":"https:\/\/www.iec2024.ec\/it\/author\/4dm1ns3cr3t4r10\/"}]}},"_links":{"self":[{"href":"https:\/\/www.iec2024.ec\/it\/wp-json\/wp\/v2\/posts\/11122"}],"collection":[{"href":"https:\/\/www.iec2024.ec\/it\/wp-json\/wp\/v2\/posts"}],"about":[{"href":"https:\/\/www.iec2024.ec\/it\/wp-json\/wp\/v2\/types\/post"}],"author":[{"embeddable":true,"href":"https:\/\/www.iec2024.ec\/it\/wp-json\/wp\/v2\/users\/2"}],"replies":[{"embeddable":true,"href":"https:\/\/www.iec2024.ec\/it\/wp-json\/wp\/v2\/comments?post=11122"}],"version-history":[{"count":1,"href":"https:\/\/www.iec2024.ec\/it\/wp-json\/wp\/v2\/posts\/11122\/revisions"}],"predecessor-version":[{"id":11123,"href":"https:\/\/www.iec2024.ec\/it\/wp-json\/wp\/v2\/posts\/11122\/revisions\/11123"}],"wp:featuredmedia":[{"embeddable":true,"href":"https:\/\/www.iec2024.ec\/it\/wp-json\/wp\/v2\/media\/9722"}],"wp:attachment":[{"href":"https:\/\/www.iec2024.ec\/it\/wp-json\/wp\/v2\/media?parent=11122"}],"wp:term":[{"taxonomy":"category","embeddable":true,"href":"https:\/\/www.iec2024.ec\/it\/wp-json\/wp\/v2\/categories?post=11122"},{"taxonomy":"post_tag","embeddable":true,"href":"https:\/\/www.iec2024.ec\/it\/wp-json\/wp\/v2\/tags?post=11122"}],"curies":[{"name":"wp","href":"https:\/\/api.w.org\/{rel}","templated":true}]}}