{"id":11131,"date":"2024-01-29T16:55:23","date_gmt":"2024-01-29T21:55:23","guid":{"rendered":"https:\/\/www.iec2024.ec\/2024-encuentro-clave-de-delegados\/"},"modified":"2024-02-08T12:16:03","modified_gmt":"2024-02-08T17:16:03","slug":"2024-encuentro-clave-de-delegados","status":"publish","type":"post","link":"https:\/\/www.iec2024.ec\/it\/2024-encuentro-clave-de-delegados\/","title":{"rendered":"Verso IEC 2024: Key Meeting dei delegati delle Giurisdizioni Ecclesiastiche e della Comunicazione"},"content":{"rendered":"<p>Quito, 29 de enero de 2024<\/p>\n<p>En un importante encuentro realizado este lunes en la capital ecuatoriana, los delegados de diferentes jurisdicciones eclesi\u00e1sticas y de comunicaci\u00f3n del IEC2024 se reunieron para avanzar en los preparativos del pr\u00f3ximo Congreso Eucar\u00edstico Internacional 2024. La reuni\u00f3n tuvo como eje central la socializaci\u00f3n del cronograma y hoja de ruta pastoral hacia el Congreso, delineando los pasos esenciales para su c\u00e9lebre realizaci\u00f3n.<\/p>\n<p>Durante la reuni\u00f3n, cada delegado comparti\u00f3 los progresos y experiencias acumuladas en sus respectivas Arquidi\u00f3cesis, Di\u00f3cesis y Vicariatos, aportando una rica variedad de perspectivas y enriqueciendo el camino hacia el IEC. Esta diversidad de voces refleja el esp\u00edritu sinodal y colaborativo que caracteriza al Congreso Eucar\u00edstico.<\/p>\n<p>Los presidentes de las comisiones tuvieron un papel destacado, exponiendo en detalle los avances y actividades de sus respectivos grupos. De especial inter\u00e9s fue la presentaci\u00f3n de la Comisi\u00f3n de Comunicaci\u00f3n, que present\u00f3 el nuevo rostro de la p\u00e1gina web del IEC2024 y actualiz\u00f3 sobre el proceso de inscripciones. Tambi\u00e9n la comisi\u00f3n musical hizo un llamado a las jurisdicciones para la preparaci\u00f3n del coro y la orquesta, destacando su conformaci\u00f3n por talentosos participantes de varias regiones del pa\u00eds.<\/p>\n<p>Por otro lado, la Comisi\u00f3n de Log\u00edstica desempe\u00f1\u00f3 un papel crucial al presentar el Centro de Convenciones Bicentenario, sede principal del IEC. Los delegados tuvieron la oportunidad de visitar y conocer de cerca los diferentes espacios e instalaciones que acoger\u00e1n las ponencias y las ceremonias eucar\u00edsticas de apertura y clausura del Congreso. Esta visita permiti\u00f3 a los participantes visualizar m\u00e1s concretamente el desarrollo del Congreso Eucar\u00edstico, asegurando que cada detalle est\u00e9 meticulosamente organizado.<\/p>\n<p>Esta reuni\u00f3n marca un paso significativo en el camino hacia el IEC 2024, reafirmando el compromiso y la unidad de la comunidad eclesial en la preparaci\u00f3n del Congreso que promete ser un hito en la vida de la Iglesia en Ecuador y en el mundo. Con la colaboraci\u00f3n continua y el esfuerzo conjunto de todas las jurisdicciones y comisiones, el Congreso Eucar\u00edstico Internacional 2024 se perfila como un encuentro de profunda espiritualidad y comuni\u00f3n.<\/p>\n<p>Oficina de comunicaci\u00f3n<\/p>\n","protected":false},"excerpt":{"rendered":"<p>Quito, 29 de enero de 2024 En un importante encuentro realizado este lunes en la capital ecuatoriana, los delegados de diferentes jurisdicciones eclesi\u00e1sticas y de comunicaci\u00f3n del IEC2024 se reunieron para avanzar en los preparativos del pr\u00f3ximo Congreso Eucar\u00edstico Internacional 2024. La reuni\u00f3n tuvo como eje central la socializaci\u00f3n del cronograma y hoja de ruta [&hellip;]<\/p>\n","protected":false},"author":2,"featured_media":10314,"comment_status":"open","ping_status":"open","sticky":false,"template":"","format":"standard","meta":{"footnotes":""},"categories":[34],"tags":[],"acf":[],"yoast_head":"<!-- This site is optimized with the Yoast SEO plugin v21.1 - https:\/\/yoast.com\/wordpress\/plugins\/seo\/ -->\n<title>Verso IEC 2024: Key Meeting dei delegati delle Giurisdizioni Ecclesiastiche e della Comunicazione - IEC 2024<\/title>\n<meta name=\"robots\" content=\"index, follow, max-snippet:-1, max-image-preview:large, max-video-preview:-1\" \/>\n<link rel=\"canonical\" href=\"https:\/\/www.iec2024.ec\/it\/2024-encuentro-clave-de-delegados\/\" \/>\n<meta property=\"og:locale\" content=\"it_IT\" \/>\n<meta property=\"og:type\" content=\"article\" \/>\n<meta property=\"og:title\" content=\"Verso IEC 2024: Key Meeting dei delegati delle Giurisdizioni Ecclesiastiche e della Comunicazione - IEC 2024\" \/>\n<meta property=\"og:description\" content=\"Quito, 29 de enero de 2024 En un importante encuentro realizado este lunes en la capital ecuatoriana, los delegados de diferentes jurisdicciones eclesi\u00e1sticas y de comunicaci\u00f3n del IEC2024 se reunieron para avanzar en los preparativos del pr\u00f3ximo Congreso Eucar\u00edstico Internacional 2024. La reuni\u00f3n tuvo como eje central la socializaci\u00f3n del cronograma y hoja de ruta [&hellip;]\" \/>\n<meta property=\"og:url\" content=\"https:\/\/www.iec2024.ec\/it\/2024-encuentro-clave-de-delegados\/\" \/>\n<meta property=\"og:site_name\" content=\"IEC 2024\" \/>\n<meta property=\"article:published_time\" content=\"2024-01-29T21:55:23+00:00\" \/>\n<meta property=\"article:modified_time\" content=\"2024-02-08T17:16:03+00:00\" \/>\n<meta property=\"og:image\" content=\"https:\/\/www.iec2024.ec\/wp-content\/uploads\/2024\/01\/IMG_1765-scaled-e1706564940342.jpg\" \/>\n\t<meta property=\"og:image:width\" content=\"2560\" \/>\n\t<meta property=\"og:image:height\" content=\"1707\" \/>\n\t<meta property=\"og:image:type\" content=\"image\/jpeg\" \/>\n<meta name=\"author\" content=\"Secretario T\u00e9cnico\" \/>\n<meta name=\"twitter:card\" content=\"summary_large_image\" \/>\n<meta name=\"twitter:label1\" content=\"Scritto da\" \/>\n\t<meta name=\"twitter:data1\" content=\"Secretario T\u00e9cnico\" \/>\n\t<meta name=\"twitter:label2\" content=\"Tempo di lettura stimato\" \/>\n\t<meta name=\"twitter:data2\" content=\"2 minuti\" \/>\n<script type=\"application\/ld+json\" class=\"yoast-schema-graph\">{\"@context\":\"https:\/\/schema.org\",\"@graph\":[{\"@type\":\"Article\",\"@id\":\"https:\/\/www.iec2024.ec\/it\/2024-encuentro-clave-de-delegados\/#article\",\"isPartOf\":{\"@id\":\"https:\/\/www.iec2024.ec\/it\/2024-encuentro-clave-de-delegados\/\"},\"author\":{\"name\":\"Secretario T\u00e9cnico\",\"@id\":\"https:\/\/www.iec2024.ec\/it\/#\/schema\/person\/7dc46e27a804fe39ba34935ca5284fe2\"},\"headline\":\"Verso IEC 2024: Key Meeting dei delegati delle Giurisdizioni Ecclesiastiche e della Comunicazione\",\"datePublished\":\"2024-01-29T21:55:23+00:00\",\"dateModified\":\"2024-02-08T17:16:03+00:00\",\"mainEntityOfPage\":{\"@id\":\"https:\/\/www.iec2024.ec\/it\/2024-encuentro-clave-de-delegados\/\"},\"wordCount\":383,\"commentCount\":0,\"publisher\":{\"@id\":\"https:\/\/www.iec2024.ec\/it\/#organization\"},\"articleSection\":[\"Notizia\"],\"inLanguage\":\"it-IT\",\"potentialAction\":[{\"@type\":\"CommentAction\",\"name\":\"Comment\",\"target\":[\"https:\/\/www.iec2024.ec\/it\/2024-encuentro-clave-de-delegados\/#respond\"]}]},{\"@type\":\"WebPage\",\"@id\":\"https:\/\/www.iec2024.ec\/it\/2024-encuentro-clave-de-delegados\/\",\"url\":\"https:\/\/www.iec2024.ec\/it\/2024-encuentro-clave-de-delegados\/\",\"name\":\"Verso IEC 2024: Key Meeting dei delegati delle Giurisdizioni Ecclesiastiche e della Comunicazione - IEC 2024\",\"isPartOf\":{\"@id\":\"https:\/\/www.iec2024.ec\/it\/#website\"},\"datePublished\":\"2024-01-29T21:55:23+00:00\",\"dateModified\":\"2024-02-08T17:16:03+00:00\",\"breadcrumb\":{\"@id\":\"https:\/\/www.iec2024.ec\/it\/2024-encuentro-clave-de-delegados\/#breadcrumb\"},\"inLanguage\":\"it-IT\",\"potentialAction\":[{\"@type\":\"ReadAction\",\"target\":[\"https:\/\/www.iec2024.ec\/it\/2024-encuentro-clave-de-delegados\/\"]}]},{\"@type\":\"BreadcrumbList\",\"@id\":\"https:\/\/www.iec2024.ec\/it\/2024-encuentro-clave-de-delegados\/#breadcrumb\",\"itemListElement\":[{\"@type\":\"ListItem\",\"position\":1,\"name\":\"Portada\",\"item\":\"https:\/\/www.iec2024.ec\/it\/\"},{\"@type\":\"ListItem\",\"position\":2,\"name\":\"Verso IEC 2024: Key Meeting dei delegati delle Giurisdizioni Ecclesiastiche e della Comunicazione\"}]},{\"@type\":\"WebSite\",\"@id\":\"https:\/\/www.iec2024.ec\/it\/#website\",\"url\":\"https:\/\/www.iec2024.ec\/it\/\",\"name\":\"IEC 2024\",\"description\":\"\",\"publisher\":{\"@id\":\"https:\/\/www.iec2024.ec\/it\/#organization\"},\"potentialAction\":[{\"@type\":\"SearchAction\",\"target\":{\"@type\":\"EntryPoint\",\"urlTemplate\":\"https:\/\/www.iec2024.ec\/it\/?s={search_term_string}\"},\"query-input\":\"required name=search_term_string\"}],\"inLanguage\":\"it-IT\"},{\"@type\":\"Organization\",\"@id\":\"https:\/\/www.iec2024.ec\/it\/#organization\",\"name\":\"IEC 2024\",\"url\":\"https:\/\/www.iec2024.ec\/it\/\",\"logo\":{\"@type\":\"ImageObject\",\"inLanguage\":\"it-IT\",\"@id\":\"https:\/\/www.iec2024.ec\/it\/#\/schema\/logo\/image\/\",\"url\":\"https:\/\/www.iec2024.ec\/wp-content\/uploads\/2024\/01\/cropped-logo-2024.png\",\"contentUrl\":\"https:\/\/www.iec2024.ec\/wp-content\/uploads\/2024\/01\/cropped-logo-2024.png\",\"width\":1277,\"height\":332,\"caption\":\"IEC 2024\"},\"image\":{\"@id\":\"https:\/\/www.iec2024.ec\/it\/#\/schema\/logo\/image\/\"}},{\"@type\":\"Person\",\"@id\":\"https:\/\/www.iec2024.ec\/it\/#\/schema\/person\/7dc46e27a804fe39ba34935ca5284fe2\",\"name\":\"Secretario T\u00e9cnico\",\"image\":{\"@type\":\"ImageObject\",\"inLanguage\":\"it-IT\",\"@id\":\"https:\/\/www.iec2024.ec\/it\/#\/schema\/person\/image\/\",\"url\":\"https:\/\/secure.gravatar.com\/avatar\/67808a21710148ea0645bc85e43e21b6?s=96&d=mm&r=g\",\"contentUrl\":\"https:\/\/secure.gravatar.com\/avatar\/67808a21710148ea0645bc85e43e21b6?s=96&d=mm&r=g\",\"caption\":\"Secretario T\u00e9cnico\"},\"url\":\"https:\/\/www.iec2024.ec\/it\/author\/4dm1ns3cr3t4r10\/\"}]}<\/script>\n<!-- \/ Yoast SEO plugin. -->","yoast_head_json":{"title":"Verso IEC 2024: Key Meeting dei delegati delle Giurisdizioni Ecclesiastiche e della Comunicazione - IEC 2024","robots":{"index":"index","follow":"follow","max-snippet":"max-snippet:-1","max-image-preview":"max-image-preview:large","max-video-preview":"max-video-preview:-1"},"canonical":"https:\/\/www.iec2024.ec\/it\/2024-encuentro-clave-de-delegados\/","og_locale":"it_IT","og_type":"article","og_title":"Verso IEC 2024: Key Meeting dei delegati delle Giurisdizioni Ecclesiastiche e della Comunicazione - IEC 2024","og_description":"Quito, 29 de enero de 2024 En un importante encuentro realizado este lunes en la capital ecuatoriana, los delegados de diferentes jurisdicciones eclesi\u00e1sticas y de comunicaci\u00f3n del IEC2024 se reunieron para avanzar en los preparativos del pr\u00f3ximo Congreso Eucar\u00edstico Internacional 2024. La reuni\u00f3n tuvo como eje central la socializaci\u00f3n del cronograma y hoja de ruta [&hellip;]","og_url":"https:\/\/www.iec2024.ec\/it\/2024-encuentro-clave-de-delegados\/","og_site_name":"IEC 2024","article_published_time":"2024-01-29T21:55:23+00:00","article_modified_time":"2024-02-08T17:16:03+00:00","og_image":[{"width":2560,"height":1707,"url":"https:\/\/www.iec2024.ec\/wp-content\/uploads\/2024\/01\/IMG_1765-scaled-e1706564940342.jpg","type":"image\/jpeg"}],"author":"Secretario T\u00e9cnico","twitter_card":"summary_large_image","twitter_misc":{"Scritto da":"Secretario T\u00e9cnico","Tempo di lettura stimato":"2 minuti"},"schema":{"@context":"https:\/\/schema.org","@graph":[{"@type":"Article","@id":"https:\/\/www.iec2024.ec\/it\/2024-encuentro-clave-de-delegados\/#article","isPartOf":{"@id":"https:\/\/www.iec2024.ec\/it\/2024-encuentro-clave-de-delegados\/"},"author":{"name":"Secretario T\u00e9cnico","@id":"https:\/\/www.iec2024.ec\/it\/#\/schema\/person\/7dc46e27a804fe39ba34935ca5284fe2"},"headline":"Verso IEC 2024: Key Meeting dei delegati delle Giurisdizioni Ecclesiastiche e della Comunicazione","datePublished":"2024-01-29T21:55:23+00:00","dateModified":"2024-02-08T17:16:03+00:00","mainEntityOfPage":{"@id":"https:\/\/www.iec2024.ec\/it\/2024-encuentro-clave-de-delegados\/"},"wordCount":383,"commentCount":0,"publisher":{"@id":"https:\/\/www.iec2024.ec\/it\/#organization"},"articleSection":["Notizia"],"inLanguage":"it-IT","potentialAction":[{"@type":"CommentAction","name":"Comment","target":["https:\/\/www.iec2024.ec\/it\/2024-encuentro-clave-de-delegados\/#respond"]}]},{"@type":"WebPage","@id":"https:\/\/www.iec2024.ec\/it\/2024-encuentro-clave-de-delegados\/","url":"https:\/\/www.iec2024.ec\/it\/2024-encuentro-clave-de-delegados\/","name":"Verso IEC 2024: Key Meeting dei delegati delle Giurisdizioni Ecclesiastiche e della Comunicazione - IEC 2024","isPartOf":{"@id":"https:\/\/www.iec2024.ec\/it\/#website"},"datePublished":"2024-01-29T21:55:23+00:00","dateModified":"2024-02-08T17:16:03+00:00","breadcrumb":{"@id":"https:\/\/www.iec2024.ec\/it\/2024-encuentro-clave-de-delegados\/#breadcrumb"},"inLanguage":"it-IT","potentialAction":[{"@type":"ReadAction","target":["https:\/\/www.iec2024.ec\/it\/2024-encuentro-clave-de-delegados\/"]}]},{"@type":"BreadcrumbList","@id":"https:\/\/www.iec2024.ec\/it\/2024-encuentro-clave-de-delegados\/#breadcrumb","itemListElement":[{"@type":"ListItem","position":1,"name":"Portada","item":"https:\/\/www.iec2024.ec\/it\/"},{"@type":"ListItem","position":2,"name":"Verso IEC 2024: Key Meeting dei delegati delle Giurisdizioni Ecclesiastiche e della Comunicazione"}]},{"@type":"WebSite","@id":"https:\/\/www.iec2024.ec\/it\/#website","url":"https:\/\/www.iec2024.ec\/it\/","name":"IEC 2024","description":"","publisher":{"@id":"https:\/\/www.iec2024.ec\/it\/#organization"},"potentialAction":[{"@type":"SearchAction","target":{"@type":"EntryPoint","urlTemplate":"https:\/\/www.iec2024.ec\/it\/?s={search_term_string}"},"query-input":"required name=search_term_string"}],"inLanguage":"it-IT"},{"@type":"Organization","@id":"https:\/\/www.iec2024.ec\/it\/#organization","name":"IEC 2024","url":"https:\/\/www.iec2024.ec\/it\/","logo":{"@type":"ImageObject","inLanguage":"it-IT","@id":"https:\/\/www.iec2024.ec\/it\/#\/schema\/logo\/image\/","url":"https:\/\/www.iec2024.ec\/wp-content\/uploads\/2024\/01\/cropped-logo-2024.png","contentUrl":"https:\/\/www.iec2024.ec\/wp-content\/uploads\/2024\/01\/cropped-logo-2024.png","width":1277,"height":332,"caption":"IEC 2024"},"image":{"@id":"https:\/\/www.iec2024.ec\/it\/#\/schema\/logo\/image\/"}},{"@type":"Person","@id":"https:\/\/www.iec2024.ec\/it\/#\/schema\/person\/7dc46e27a804fe39ba34935ca5284fe2","name":"Secretario T\u00e9cnico","image":{"@type":"ImageObject","inLanguage":"it-IT","@id":"https:\/\/www.iec2024.ec\/it\/#\/schema\/person\/image\/","url":"https:\/\/secure.gravatar.com\/avatar\/67808a21710148ea0645bc85e43e21b6?s=96&d=mm&r=g","contentUrl":"https:\/\/secure.gravatar.com\/avatar\/67808a21710148ea0645bc85e43e21b6?s=96&d=mm&r=g","caption":"Secretario T\u00e9cnico"},"url":"https:\/\/www.iec2024.ec\/it\/author\/4dm1ns3cr3t4r10\/"}]}},"_links":{"self":[{"href":"https:\/\/www.iec2024.ec\/it\/wp-json\/wp\/v2\/posts\/11131"}],"collection":[{"href":"https:\/\/www.iec2024.ec\/it\/wp-json\/wp\/v2\/posts"}],"about":[{"href":"https:\/\/www.iec2024.ec\/it\/wp-json\/wp\/v2\/types\/post"}],"author":[{"embeddable":true,"href":"https:\/\/www.iec2024.ec\/it\/wp-json\/wp\/v2\/users\/2"}],"replies":[{"embeddable":true,"href":"https:\/\/www.iec2024.ec\/it\/wp-json\/wp\/v2\/comments?post=11131"}],"version-history":[{"count":1,"href":"https:\/\/www.iec2024.ec\/it\/wp-json\/wp\/v2\/posts\/11131\/revisions"}],"predecessor-version":[{"id":11132,"href":"https:\/\/www.iec2024.ec\/it\/wp-json\/wp\/v2\/posts\/11131\/revisions\/11132"}],"wp:featuredmedia":[{"embeddable":true,"href":"https:\/\/www.iec2024.ec\/it\/wp-json\/wp\/v2\/media\/10314"}],"wp:attachment":[{"href":"https:\/\/www.iec2024.ec\/it\/wp-json\/wp\/v2\/media?parent=11131"}],"wp:term":[{"taxonomy":"category","embeddable":true,"href":"https:\/\/www.iec2024.ec\/it\/wp-json\/wp\/v2\/categories?post=11131"},{"taxonomy":"post_tag","embeddable":true,"href":"https:\/\/www.iec2024.ec\/it\/wp-json\/wp\/v2\/tags?post=11131"}],"curies":[{"name":"wp","href":"https:\/\/api.w.org\/{rel}","templated":true}]}}