{"id":11146,"date":"2024-01-14T15:37:41","date_gmt":"2024-01-14T20:37:41","guid":{"rendered":"https:\/\/www.iec2024.ec\/pesebre-pan-vivo\/"},"modified":"2024-02-08T14:12:21","modified_gmt":"2024-02-08T19:12:21","slug":"pesebre-pan-vivo","status":"publish","type":"post","link":"https:\/\/www.iec2024.ec\/it\/pesebre-pan-vivo\/","title":{"rendered":"Presepe Il Pane Vivo Calato dal Cielo riceve il riconoscimento a Quito"},"content":{"rendered":"<p>Quito, 14 de enero de 2023<\/p>\n<p>La Parroquia San Jos\u00e9 de Calder\u00f3n ha demostrado un compromiso excepcional con la preparaci\u00f3n espiritual y art\u00edstica para el IEC2024. Con la orientaci\u00f3n del P. Dar\u00edo Ar\u00e9valo, la comunidad ha creado un pesebre impactante que capturan la esencia del camino hac\u00eda el Congreso Eucar\u00edstico: &#8220;Jes\u00fas Pan Vivo Bajado del Cielo&#8221;.<\/p>\n<p>El reconocimiento no solo celebra la creatividad art\u00edstica, sino tambi\u00e9n el profundo mensaje espiritual transmitido a trav\u00e9s de estos pesebres. La elecci\u00f3n de la tem\u00e1tica demuestra la conexi\u00f3n directa con la esencia del IEC2024 y su llamado a comprender la Eucarist\u00eda como fuente de vida y unidad para la Iglesia y el mundo.<\/p>\n<p>Bajo la direcci\u00f3n pastoral del P. Dar\u00edo Ar\u00e9valo, la Parroquia San Jos\u00e9 de Calder\u00f3n ha destacado por su compromiso pastoral y su capacidad para fusionar la tradici\u00f3n con la creatividad contempor\u00e1nea. El reconocimiento otorgado no solo celebra la calidad art\u00edstica, sino tambi\u00e9n la dedicaci\u00f3n de la comunidad en compartir el mensaje central hac\u00eda el IEC2024.<\/p>\n<p>Este reconocimiento se suma al compromiso continuo de la parroquia en la preparaci\u00f3n espiritual y pastoral para el Congreso Eucar\u00edstico Internacional. La contribuci\u00f3n de la Parroquia San Jos\u00e9 de Calder\u00f3n es un ejemplo inspirador para otras comunidades que buscan profundizar en la comprensi\u00f3n de la Eucarist\u00eda y su impacto en la vida de la Iglesia y la sociedad.<\/p>\n<p>Oficina de comunicaci\u00f3n<\/p>\n","protected":false},"excerpt":{"rendered":"<p>Quito, 14 de enero de 2023 La Parroquia San Jos\u00e9 de Calder\u00f3n ha demostrado un compromiso excepcional con la preparaci\u00f3n espiritual y art\u00edstica para el IEC2024. Con la orientaci\u00f3n del P. Dar\u00edo Ar\u00e9valo, la comunidad ha creado un pesebre impactante que capturan la esencia del camino hac\u00eda el Congreso Eucar\u00edstico: &#8220;Jes\u00fas Pan Vivo Bajado del [&hellip;]<\/p>\n","protected":false},"author":2,"featured_media":9502,"comment_status":"open","ping_status":"open","sticky":false,"template":"","format":"standard","meta":{"footnotes":""},"categories":[34],"tags":[],"acf":[],"yoast_head":"<!-- This site is optimized with the Yoast SEO plugin v21.1 - https:\/\/yoast.com\/wordpress\/plugins\/seo\/ -->\n<title>Presepe Il Pane Vivo Calato dal Cielo riceve il riconoscimento a Quito - IEC 2024<\/title>\n<meta name=\"robots\" content=\"index, follow, max-snippet:-1, max-image-preview:large, max-video-preview:-1\" \/>\n<link rel=\"canonical\" href=\"https:\/\/www.iec2024.ec\/it\/pesebre-pan-vivo\/\" \/>\n<meta property=\"og:locale\" content=\"it_IT\" \/>\n<meta property=\"og:type\" content=\"article\" \/>\n<meta property=\"og:title\" content=\"Presepe Il Pane Vivo Calato dal Cielo riceve il riconoscimento a Quito - IEC 2024\" \/>\n<meta property=\"og:description\" content=\"Quito, 14 de enero de 2023 La Parroquia San Jos\u00e9 de Calder\u00f3n ha demostrado un compromiso excepcional con la preparaci\u00f3n espiritual y art\u00edstica para el IEC2024. Con la orientaci\u00f3n del P. Dar\u00edo Ar\u00e9valo, la comunidad ha creado un pesebre impactante que capturan la esencia del camino hac\u00eda el Congreso Eucar\u00edstico: &#8220;Jes\u00fas Pan Vivo Bajado del [&hellip;]\" \/>\n<meta property=\"og:url\" content=\"https:\/\/www.iec2024.ec\/it\/pesebre-pan-vivo\/\" \/>\n<meta property=\"og:site_name\" content=\"IEC 2024\" \/>\n<meta property=\"article:published_time\" content=\"2024-01-14T20:37:41+00:00\" \/>\n<meta property=\"article:modified_time\" content=\"2024-02-08T19:12:21+00:00\" \/>\n<meta property=\"og:image\" content=\"https:\/\/www.iec2024.ec\/wp-content\/uploads\/2024\/01\/IMG-20240114-WA0009-scaled.jpg\" \/>\n\t<meta property=\"og:image:width\" content=\"2560\" \/>\n\t<meta property=\"og:image:height\" content=\"1707\" \/>\n\t<meta property=\"og:image:type\" content=\"image\/jpeg\" \/>\n<meta name=\"author\" content=\"Secretario T\u00e9cnico\" \/>\n<meta name=\"twitter:card\" content=\"summary_large_image\" \/>\n<meta name=\"twitter:label1\" content=\"Scritto da\" \/>\n\t<meta name=\"twitter:data1\" content=\"Secretario T\u00e9cnico\" \/>\n\t<meta name=\"twitter:label2\" content=\"Tempo di lettura stimato\" \/>\n\t<meta name=\"twitter:data2\" content=\"2 minuti\" \/>\n<script type=\"application\/ld+json\" class=\"yoast-schema-graph\">{\"@context\":\"https:\/\/schema.org\",\"@graph\":[{\"@type\":\"Article\",\"@id\":\"https:\/\/www.iec2024.ec\/it\/pesebre-pan-vivo\/#article\",\"isPartOf\":{\"@id\":\"https:\/\/www.iec2024.ec\/it\/pesebre-pan-vivo\/\"},\"author\":{\"name\":\"Secretario T\u00e9cnico\",\"@id\":\"https:\/\/www.iec2024.ec\/it\/#\/schema\/person\/7dc46e27a804fe39ba34935ca5284fe2\"},\"headline\":\"Presepe Il Pane Vivo Calato dal Cielo riceve il riconoscimento a Quito\",\"datePublished\":\"2024-01-14T20:37:41+00:00\",\"dateModified\":\"2024-02-08T19:12:21+00:00\",\"mainEntityOfPage\":{\"@id\":\"https:\/\/www.iec2024.ec\/it\/pesebre-pan-vivo\/\"},\"wordCount\":268,\"commentCount\":0,\"publisher\":{\"@id\":\"https:\/\/www.iec2024.ec\/it\/#organization\"},\"articleSection\":[\"Notizia\"],\"inLanguage\":\"it-IT\",\"potentialAction\":[{\"@type\":\"CommentAction\",\"name\":\"Comment\",\"target\":[\"https:\/\/www.iec2024.ec\/it\/pesebre-pan-vivo\/#respond\"]}]},{\"@type\":\"WebPage\",\"@id\":\"https:\/\/www.iec2024.ec\/it\/pesebre-pan-vivo\/\",\"url\":\"https:\/\/www.iec2024.ec\/it\/pesebre-pan-vivo\/\",\"name\":\"Presepe Il Pane Vivo Calato dal Cielo riceve il riconoscimento a Quito - IEC 2024\",\"isPartOf\":{\"@id\":\"https:\/\/www.iec2024.ec\/it\/#website\"},\"datePublished\":\"2024-01-14T20:37:41+00:00\",\"dateModified\":\"2024-02-08T19:12:21+00:00\",\"breadcrumb\":{\"@id\":\"https:\/\/www.iec2024.ec\/it\/pesebre-pan-vivo\/#breadcrumb\"},\"inLanguage\":\"it-IT\",\"potentialAction\":[{\"@type\":\"ReadAction\",\"target\":[\"https:\/\/www.iec2024.ec\/it\/pesebre-pan-vivo\/\"]}]},{\"@type\":\"BreadcrumbList\",\"@id\":\"https:\/\/www.iec2024.ec\/it\/pesebre-pan-vivo\/#breadcrumb\",\"itemListElement\":[{\"@type\":\"ListItem\",\"position\":1,\"name\":\"Portada\",\"item\":\"https:\/\/www.iec2024.ec\/it\/\"},{\"@type\":\"ListItem\",\"position\":2,\"name\":\"Presepe Il Pane Vivo Calato dal Cielo riceve il riconoscimento a Quito\"}]},{\"@type\":\"WebSite\",\"@id\":\"https:\/\/www.iec2024.ec\/it\/#website\",\"url\":\"https:\/\/www.iec2024.ec\/it\/\",\"name\":\"IEC 2024\",\"description\":\"\",\"publisher\":{\"@id\":\"https:\/\/www.iec2024.ec\/it\/#organization\"},\"potentialAction\":[{\"@type\":\"SearchAction\",\"target\":{\"@type\":\"EntryPoint\",\"urlTemplate\":\"https:\/\/www.iec2024.ec\/it\/?s={search_term_string}\"},\"query-input\":\"required name=search_term_string\"}],\"inLanguage\":\"it-IT\"},{\"@type\":\"Organization\",\"@id\":\"https:\/\/www.iec2024.ec\/it\/#organization\",\"name\":\"IEC 2024\",\"url\":\"https:\/\/www.iec2024.ec\/it\/\",\"logo\":{\"@type\":\"ImageObject\",\"inLanguage\":\"it-IT\",\"@id\":\"https:\/\/www.iec2024.ec\/it\/#\/schema\/logo\/image\/\",\"url\":\"https:\/\/www.iec2024.ec\/wp-content\/uploads\/2024\/01\/cropped-logo-2024.png\",\"contentUrl\":\"https:\/\/www.iec2024.ec\/wp-content\/uploads\/2024\/01\/cropped-logo-2024.png\",\"width\":1277,\"height\":332,\"caption\":\"IEC 2024\"},\"image\":{\"@id\":\"https:\/\/www.iec2024.ec\/it\/#\/schema\/logo\/image\/\"}},{\"@type\":\"Person\",\"@id\":\"https:\/\/www.iec2024.ec\/it\/#\/schema\/person\/7dc46e27a804fe39ba34935ca5284fe2\",\"name\":\"Secretario T\u00e9cnico\",\"image\":{\"@type\":\"ImageObject\",\"inLanguage\":\"it-IT\",\"@id\":\"https:\/\/www.iec2024.ec\/it\/#\/schema\/person\/image\/\",\"url\":\"https:\/\/secure.gravatar.com\/avatar\/67808a21710148ea0645bc85e43e21b6?s=96&d=mm&r=g\",\"contentUrl\":\"https:\/\/secure.gravatar.com\/avatar\/67808a21710148ea0645bc85e43e21b6?s=96&d=mm&r=g\",\"caption\":\"Secretario T\u00e9cnico\"},\"url\":\"https:\/\/www.iec2024.ec\/it\/author\/4dm1ns3cr3t4r10\/\"}]}<\/script>\n<!-- \/ Yoast SEO plugin. -->","yoast_head_json":{"title":"Presepe Il Pane Vivo Calato dal Cielo riceve il riconoscimento a Quito - IEC 2024","robots":{"index":"index","follow":"follow","max-snippet":"max-snippet:-1","max-image-preview":"max-image-preview:large","max-video-preview":"max-video-preview:-1"},"canonical":"https:\/\/www.iec2024.ec\/it\/pesebre-pan-vivo\/","og_locale":"it_IT","og_type":"article","og_title":"Presepe Il Pane Vivo Calato dal Cielo riceve il riconoscimento a Quito - IEC 2024","og_description":"Quito, 14 de enero de 2023 La Parroquia San Jos\u00e9 de Calder\u00f3n ha demostrado un compromiso excepcional con la preparaci\u00f3n espiritual y art\u00edstica para el IEC2024. Con la orientaci\u00f3n del P. Dar\u00edo Ar\u00e9valo, la comunidad ha creado un pesebre impactante que capturan la esencia del camino hac\u00eda el Congreso Eucar\u00edstico: &#8220;Jes\u00fas Pan Vivo Bajado del [&hellip;]","og_url":"https:\/\/www.iec2024.ec\/it\/pesebre-pan-vivo\/","og_site_name":"IEC 2024","article_published_time":"2024-01-14T20:37:41+00:00","article_modified_time":"2024-02-08T19:12:21+00:00","og_image":[{"width":2560,"height":1707,"url":"https:\/\/www.iec2024.ec\/wp-content\/uploads\/2024\/01\/IMG-20240114-WA0009-scaled.jpg","type":"image\/jpeg"}],"author":"Secretario T\u00e9cnico","twitter_card":"summary_large_image","twitter_misc":{"Scritto da":"Secretario T\u00e9cnico","Tempo di lettura stimato":"2 minuti"},"schema":{"@context":"https:\/\/schema.org","@graph":[{"@type":"Article","@id":"https:\/\/www.iec2024.ec\/it\/pesebre-pan-vivo\/#article","isPartOf":{"@id":"https:\/\/www.iec2024.ec\/it\/pesebre-pan-vivo\/"},"author":{"name":"Secretario T\u00e9cnico","@id":"https:\/\/www.iec2024.ec\/it\/#\/schema\/person\/7dc46e27a804fe39ba34935ca5284fe2"},"headline":"Presepe Il Pane Vivo Calato dal Cielo riceve il riconoscimento a Quito","datePublished":"2024-01-14T20:37:41+00:00","dateModified":"2024-02-08T19:12:21+00:00","mainEntityOfPage":{"@id":"https:\/\/www.iec2024.ec\/it\/pesebre-pan-vivo\/"},"wordCount":268,"commentCount":0,"publisher":{"@id":"https:\/\/www.iec2024.ec\/it\/#organization"},"articleSection":["Notizia"],"inLanguage":"it-IT","potentialAction":[{"@type":"CommentAction","name":"Comment","target":["https:\/\/www.iec2024.ec\/it\/pesebre-pan-vivo\/#respond"]}]},{"@type":"WebPage","@id":"https:\/\/www.iec2024.ec\/it\/pesebre-pan-vivo\/","url":"https:\/\/www.iec2024.ec\/it\/pesebre-pan-vivo\/","name":"Presepe Il Pane Vivo Calato dal Cielo riceve il riconoscimento a Quito - IEC 2024","isPartOf":{"@id":"https:\/\/www.iec2024.ec\/it\/#website"},"datePublished":"2024-01-14T20:37:41+00:00","dateModified":"2024-02-08T19:12:21+00:00","breadcrumb":{"@id":"https:\/\/www.iec2024.ec\/it\/pesebre-pan-vivo\/#breadcrumb"},"inLanguage":"it-IT","potentialAction":[{"@type":"ReadAction","target":["https:\/\/www.iec2024.ec\/it\/pesebre-pan-vivo\/"]}]},{"@type":"BreadcrumbList","@id":"https:\/\/www.iec2024.ec\/it\/pesebre-pan-vivo\/#breadcrumb","itemListElement":[{"@type":"ListItem","position":1,"name":"Portada","item":"https:\/\/www.iec2024.ec\/it\/"},{"@type":"ListItem","position":2,"name":"Presepe Il Pane Vivo Calato dal Cielo riceve il riconoscimento a Quito"}]},{"@type":"WebSite","@id":"https:\/\/www.iec2024.ec\/it\/#website","url":"https:\/\/www.iec2024.ec\/it\/","name":"IEC 2024","description":"","publisher":{"@id":"https:\/\/www.iec2024.ec\/it\/#organization"},"potentialAction":[{"@type":"SearchAction","target":{"@type":"EntryPoint","urlTemplate":"https:\/\/www.iec2024.ec\/it\/?s={search_term_string}"},"query-input":"required name=search_term_string"}],"inLanguage":"it-IT"},{"@type":"Organization","@id":"https:\/\/www.iec2024.ec\/it\/#organization","name":"IEC 2024","url":"https:\/\/www.iec2024.ec\/it\/","logo":{"@type":"ImageObject","inLanguage":"it-IT","@id":"https:\/\/www.iec2024.ec\/it\/#\/schema\/logo\/image\/","url":"https:\/\/www.iec2024.ec\/wp-content\/uploads\/2024\/01\/cropped-logo-2024.png","contentUrl":"https:\/\/www.iec2024.ec\/wp-content\/uploads\/2024\/01\/cropped-logo-2024.png","width":1277,"height":332,"caption":"IEC 2024"},"image":{"@id":"https:\/\/www.iec2024.ec\/it\/#\/schema\/logo\/image\/"}},{"@type":"Person","@id":"https:\/\/www.iec2024.ec\/it\/#\/schema\/person\/7dc46e27a804fe39ba34935ca5284fe2","name":"Secretario T\u00e9cnico","image":{"@type":"ImageObject","inLanguage":"it-IT","@id":"https:\/\/www.iec2024.ec\/it\/#\/schema\/person\/image\/","url":"https:\/\/secure.gravatar.com\/avatar\/67808a21710148ea0645bc85e43e21b6?s=96&d=mm&r=g","contentUrl":"https:\/\/secure.gravatar.com\/avatar\/67808a21710148ea0645bc85e43e21b6?s=96&d=mm&r=g","caption":"Secretario T\u00e9cnico"},"url":"https:\/\/www.iec2024.ec\/it\/author\/4dm1ns3cr3t4r10\/"}]}},"_links":{"self":[{"href":"https:\/\/www.iec2024.ec\/it\/wp-json\/wp\/v2\/posts\/11146"}],"collection":[{"href":"https:\/\/www.iec2024.ec\/it\/wp-json\/wp\/v2\/posts"}],"about":[{"href":"https:\/\/www.iec2024.ec\/it\/wp-json\/wp\/v2\/types\/post"}],"author":[{"embeddable":true,"href":"https:\/\/www.iec2024.ec\/it\/wp-json\/wp\/v2\/users\/2"}],"replies":[{"embeddable":true,"href":"https:\/\/www.iec2024.ec\/it\/wp-json\/wp\/v2\/comments?post=11146"}],"version-history":[{"count":1,"href":"https:\/\/www.iec2024.ec\/it\/wp-json\/wp\/v2\/posts\/11146\/revisions"}],"predecessor-version":[{"id":11147,"href":"https:\/\/www.iec2024.ec\/it\/wp-json\/wp\/v2\/posts\/11146\/revisions\/11147"}],"wp:featuredmedia":[{"embeddable":true,"href":"https:\/\/www.iec2024.ec\/it\/wp-json\/wp\/v2\/media\/9502"}],"wp:attachment":[{"href":"https:\/\/www.iec2024.ec\/it\/wp-json\/wp\/v2\/media?parent=11146"}],"wp:term":[{"taxonomy":"category","embeddable":true,"href":"https:\/\/www.iec2024.ec\/it\/wp-json\/wp\/v2\/categories?post=11146"},{"taxonomy":"post_tag","embeddable":true,"href":"https:\/\/www.iec2024.ec\/it\/wp-json\/wp\/v2\/tags?post=11146"}],"curies":[{"name":"wp","href":"https:\/\/api.w.org\/{rel}","templated":true}]}}