{"id":12078,"date":"2024-02-09T16:36:04","date_gmt":"2024-02-09T21:36:04","guid":{"rendered":"https:\/\/www.iec2024.ec\/delegacion-de-mexico\/"},"modified":"2024-02-09T16:36:04","modified_gmt":"2024-02-09T21:36:04","slug":"delegacion-de-mexico","status":"publish","type":"post","link":"https:\/\/www.iec2024.ec\/it\/delegacion-de-mexico\/","title":{"rendered":"Delegaci\u00f3n de M\u00e9xico se prepara para asistir al  53\u00b0Congreso Eucar\u00edstico Internacional"},"content":{"rendered":"<p><b><i>Quito, 9 de febrero de 2024<\/i><\/b><\/p>\n<p>Este viernes, Monse\u00f1or Alonso Gerardo Garza Trevi\u00f1o, obispo de la Di\u00f3cesis de Piedras Negras en M\u00e9xico, junto con otros obispos, sacerdotes, religiosos y laicos del pa\u00eds, participaron en una reuni\u00f3n virtual con el Secretario General y los delegados de las diversas Comisiones del 53\u00b0 Congreso Eucar\u00edstico Internacional (CEI). El prop\u00f3sito de este encuentro fue recibir informaci\u00f3n sobre los preparativos para dicho Congreso, programado para llevarse a cabo del 8 al 15 de septiembre\u00a0de\u00a02024.<\/p>\n<p><span style=\"font-weight: 400;\">El Padre Juan Carlos Garz\u00f3n, Secretario General del CEI 2024, resalt\u00f3 el objetivo principal del Congreso: revitalizar el significado de la Eucarist\u00eda, colocando la fraternidad como eje fundamental y convirti\u00e9ndolo en un acontecimiento central para la Iglesia.<\/span><\/p>\n<p><span style=\"font-weight: 400;\">Ver\u00f3nica Sevilla, presidenta de la Comisi\u00f3n de Log\u00edstica, proporcion\u00f3 detalles sobre las actividades planificadas durante el Congreso, incluido el Simposio Teol\u00f3gico en la Pontificia Universidad Cat\u00f3lica del Ecuador, donde te\u00f3logos, religiosos y laicos de todo el mundo se reunir\u00e1n para profundizar en el tema propuesto por el Papa Francisco: &#8220;Fraternidad para sanar el mundo&#8221;. <\/span><span style=\"font-weight: 400;\">Explic\u00f3 que el Congreso se llevar\u00e1 a cabo en el Centro de Convenciones Metropolitano de Quito, del 8 al 15 de septiembre de 2024. Durante la misa inaugural, se espera que 5000 ni\u00f1os y ni\u00f1as reciban su Primera Comuni\u00f3n, marcando un momento especial en el encuentro.<\/span><\/p>\n<p><span style=\"font-weight: 400;\">Adem\u00e1s, se anunci\u00f3 una procesi\u00f3n eucar\u00edstica en las calles del centro hist\u00f3rico de Quito, desde la Bas\u00edlica del Voto Nacional hasta la Plaza de San Francisco, como parte de las actividades programadas.<\/span><\/p>\n<p><span style=\"font-weight: 400;\">Pa\u00fal Lami\u00f1a, Secretario T\u00e9cnico del IEC 2024, proporcion\u00f3 detalles sobre el proceso de inscripci\u00f3n, destacando que las inscripciones est\u00e1n abiertas desde el 31 de enero para este Congreso que congrega fieles de todo el mundo en un encuentro de fe, amor y comuni\u00f3n. La inscripci\u00f3n en l\u00ednea facilita la participaci\u00f3n de personas de cualquier pa\u00eds en esta experiencia significativa.<\/span><\/p>\n<p>Los delegados expresaron sus inquietudes, inter\u00e9s y entusiasmo por participar en el IEC 2024 e indicaron que iniciar\u00e1n el proceso de inscripci\u00f3n con el fin de llegar a Quito con una representaci\u00f3n de la Iglesia Mexicana muy\u00a0significativa.<\/p>\n","protected":false},"excerpt":{"rendered":"<p>Quito, 9 de febrero de 2024 Este viernes, Monse\u00f1or Alonso Gerardo Garza Trevi\u00f1o, obispo de la Di\u00f3cesis de Piedras Negras en M\u00e9xico, junto con otros obispos, sacerdotes, religiosos y laicos del pa\u00eds, participaron en una reuni\u00f3n virtual con el Secretario General y los delegados de las diversas Comisiones del 53\u00b0 Congreso Eucar\u00edstico Internacional (CEI). El [&hellip;]<\/p>\n","protected":false},"author":2,"featured_media":11230,"comment_status":"closed","ping_status":"closed","sticky":false,"template":"","format":"standard","meta":{"footnotes":""},"categories":[34],"tags":[],"acf":[],"yoast_head":"<!-- This site is optimized with the Yoast SEO plugin v21.1 - https:\/\/yoast.com\/wordpress\/plugins\/seo\/ -->\n<title>Delegaci\u00f3n de M\u00e9xico se prepara para asistir al 53\u00b0Congreso Eucar\u00edstico Internacional - IEC 2024<\/title>\n<meta name=\"robots\" content=\"index, follow, max-snippet:-1, max-image-preview:large, max-video-preview:-1\" \/>\n<link rel=\"canonical\" href=\"https:\/\/www.iec2024.ec\/it\/delegacion-de-mexico\/\" \/>\n<meta property=\"og:locale\" content=\"it_IT\" \/>\n<meta property=\"og:type\" content=\"article\" \/>\n<meta property=\"og:title\" content=\"Delegaci\u00f3n de M\u00e9xico se prepara para asistir al 53\u00b0Congreso Eucar\u00edstico Internacional - IEC 2024\" \/>\n<meta property=\"og:description\" content=\"Quito, 9 de febrero de 2024 Este viernes, Monse\u00f1or Alonso Gerardo Garza Trevi\u00f1o, obispo de la Di\u00f3cesis de Piedras Negras en M\u00e9xico, junto con otros obispos, sacerdotes, religiosos y laicos del pa\u00eds, participaron en una reuni\u00f3n virtual con el Secretario General y los delegados de las diversas Comisiones del 53\u00b0 Congreso Eucar\u00edstico Internacional (CEI). El [&hellip;]\" \/>\n<meta property=\"og:url\" content=\"https:\/\/www.iec2024.ec\/it\/delegacion-de-mexico\/\" \/>\n<meta property=\"og:site_name\" content=\"IEC 2024\" \/>\n<meta property=\"article:published_time\" content=\"2024-02-09T21:36:04+00:00\" \/>\n<meta name=\"author\" content=\"Secretario T\u00e9cnico\" \/>\n<meta name=\"twitter:card\" content=\"summary_large_image\" \/>\n<meta name=\"twitter:label1\" content=\"Scritto da\" \/>\n\t<meta name=\"twitter:data1\" content=\"Secretario T\u00e9cnico\" \/>\n\t<meta name=\"twitter:label2\" content=\"Tempo di lettura stimato\" \/>\n\t<meta name=\"twitter:data2\" content=\"2 minuti\" \/>\n<script type=\"application\/ld+json\" class=\"yoast-schema-graph\">{\"@context\":\"https:\/\/schema.org\",\"@graph\":[{\"@type\":\"Article\",\"@id\":\"https:\/\/www.iec2024.ec\/it\/delegacion-de-mexico\/#article\",\"isPartOf\":{\"@id\":\"https:\/\/www.iec2024.ec\/it\/delegacion-de-mexico\/\"},\"author\":{\"name\":\"Secretario T\u00e9cnico\",\"@id\":\"https:\/\/www.iec2024.ec\/it\/#\/schema\/person\/7dc46e27a804fe39ba34935ca5284fe2\"},\"headline\":\"Delegaci\u00f3n de M\u00e9xico se prepara para asistir al 53\u00b0Congreso Eucar\u00edstico Internacional\",\"datePublished\":\"2024-02-09T21:36:04+00:00\",\"dateModified\":\"2024-02-09T21:36:04+00:00\",\"mainEntityOfPage\":{\"@id\":\"https:\/\/www.iec2024.ec\/it\/delegacion-de-mexico\/\"},\"wordCount\":388,\"publisher\":{\"@id\":\"https:\/\/www.iec2024.ec\/it\/#organization\"},\"articleSection\":[\"Notizia\"],\"inLanguage\":\"it-IT\"},{\"@type\":\"WebPage\",\"@id\":\"https:\/\/www.iec2024.ec\/it\/delegacion-de-mexico\/\",\"url\":\"https:\/\/www.iec2024.ec\/it\/delegacion-de-mexico\/\",\"name\":\"Delegaci\u00f3n de M\u00e9xico se prepara para asistir al 53\u00b0Congreso Eucar\u00edstico Internacional - IEC 2024\",\"isPartOf\":{\"@id\":\"https:\/\/www.iec2024.ec\/it\/#website\"},\"datePublished\":\"2024-02-09T21:36:04+00:00\",\"dateModified\":\"2024-02-09T21:36:04+00:00\",\"breadcrumb\":{\"@id\":\"https:\/\/www.iec2024.ec\/it\/delegacion-de-mexico\/#breadcrumb\"},\"inLanguage\":\"it-IT\",\"potentialAction\":[{\"@type\":\"ReadAction\",\"target\":[\"https:\/\/www.iec2024.ec\/it\/delegacion-de-mexico\/\"]}]},{\"@type\":\"BreadcrumbList\",\"@id\":\"https:\/\/www.iec2024.ec\/it\/delegacion-de-mexico\/#breadcrumb\",\"itemListElement\":[{\"@type\":\"ListItem\",\"position\":1,\"name\":\"Portada\",\"item\":\"https:\/\/www.iec2024.ec\/it\/\"},{\"@type\":\"ListItem\",\"position\":2,\"name\":\"Delegaci\u00f3n de M\u00e9xico se prepara para asistir al 53\u00b0Congreso Eucar\u00edstico Internacional\"}]},{\"@type\":\"WebSite\",\"@id\":\"https:\/\/www.iec2024.ec\/it\/#website\",\"url\":\"https:\/\/www.iec2024.ec\/it\/\",\"name\":\"IEC 2024\",\"description\":\"\",\"publisher\":{\"@id\":\"https:\/\/www.iec2024.ec\/it\/#organization\"},\"potentialAction\":[{\"@type\":\"SearchAction\",\"target\":{\"@type\":\"EntryPoint\",\"urlTemplate\":\"https:\/\/www.iec2024.ec\/it\/?s={search_term_string}\"},\"query-input\":\"required name=search_term_string\"}],\"inLanguage\":\"it-IT\"},{\"@type\":\"Organization\",\"@id\":\"https:\/\/www.iec2024.ec\/it\/#organization\",\"name\":\"IEC 2024\",\"url\":\"https:\/\/www.iec2024.ec\/it\/\",\"logo\":{\"@type\":\"ImageObject\",\"inLanguage\":\"it-IT\",\"@id\":\"https:\/\/www.iec2024.ec\/it\/#\/schema\/logo\/image\/\",\"url\":\"https:\/\/www.iec2024.ec\/wp-content\/uploads\/2024\/01\/cropped-logo-2024.png\",\"contentUrl\":\"https:\/\/www.iec2024.ec\/wp-content\/uploads\/2024\/01\/cropped-logo-2024.png\",\"width\":1277,\"height\":332,\"caption\":\"IEC 2024\"},\"image\":{\"@id\":\"https:\/\/www.iec2024.ec\/it\/#\/schema\/logo\/image\/\"}},{\"@type\":\"Person\",\"@id\":\"https:\/\/www.iec2024.ec\/it\/#\/schema\/person\/7dc46e27a804fe39ba34935ca5284fe2\",\"name\":\"Secretario T\u00e9cnico\",\"image\":{\"@type\":\"ImageObject\",\"inLanguage\":\"it-IT\",\"@id\":\"https:\/\/www.iec2024.ec\/it\/#\/schema\/person\/image\/\",\"url\":\"https:\/\/secure.gravatar.com\/avatar\/67808a21710148ea0645bc85e43e21b6?s=96&d=mm&r=g\",\"contentUrl\":\"https:\/\/secure.gravatar.com\/avatar\/67808a21710148ea0645bc85e43e21b6?s=96&d=mm&r=g\",\"caption\":\"Secretario T\u00e9cnico\"},\"url\":\"https:\/\/www.iec2024.ec\/it\/author\/4dm1ns3cr3t4r10\/\"}]}<\/script>\n<!-- \/ Yoast SEO plugin. -->","yoast_head_json":{"title":"Delegaci\u00f3n de M\u00e9xico se prepara para asistir al 53\u00b0Congreso Eucar\u00edstico Internacional - IEC 2024","robots":{"index":"index","follow":"follow","max-snippet":"max-snippet:-1","max-image-preview":"max-image-preview:large","max-video-preview":"max-video-preview:-1"},"canonical":"https:\/\/www.iec2024.ec\/it\/delegacion-de-mexico\/","og_locale":"it_IT","og_type":"article","og_title":"Delegaci\u00f3n de M\u00e9xico se prepara para asistir al 53\u00b0Congreso Eucar\u00edstico Internacional - IEC 2024","og_description":"Quito, 9 de febrero de 2024 Este viernes, Monse\u00f1or Alonso Gerardo Garza Trevi\u00f1o, obispo de la Di\u00f3cesis de Piedras Negras en M\u00e9xico, junto con otros obispos, sacerdotes, religiosos y laicos del pa\u00eds, participaron en una reuni\u00f3n virtual con el Secretario General y los delegados de las diversas Comisiones del 53\u00b0 Congreso Eucar\u00edstico Internacional (CEI). El [&hellip;]","og_url":"https:\/\/www.iec2024.ec\/it\/delegacion-de-mexico\/","og_site_name":"IEC 2024","article_published_time":"2024-02-09T21:36:04+00:00","author":"Secretario T\u00e9cnico","twitter_card":"summary_large_image","twitter_misc":{"Scritto da":"Secretario T\u00e9cnico","Tempo di lettura stimato":"2 minuti"},"schema":{"@context":"https:\/\/schema.org","@graph":[{"@type":"Article","@id":"https:\/\/www.iec2024.ec\/it\/delegacion-de-mexico\/#article","isPartOf":{"@id":"https:\/\/www.iec2024.ec\/it\/delegacion-de-mexico\/"},"author":{"name":"Secretario T\u00e9cnico","@id":"https:\/\/www.iec2024.ec\/it\/#\/schema\/person\/7dc46e27a804fe39ba34935ca5284fe2"},"headline":"Delegaci\u00f3n de M\u00e9xico se prepara para asistir al 53\u00b0Congreso Eucar\u00edstico Internacional","datePublished":"2024-02-09T21:36:04+00:00","dateModified":"2024-02-09T21:36:04+00:00","mainEntityOfPage":{"@id":"https:\/\/www.iec2024.ec\/it\/delegacion-de-mexico\/"},"wordCount":388,"publisher":{"@id":"https:\/\/www.iec2024.ec\/it\/#organization"},"articleSection":["Notizia"],"inLanguage":"it-IT"},{"@type":"WebPage","@id":"https:\/\/www.iec2024.ec\/it\/delegacion-de-mexico\/","url":"https:\/\/www.iec2024.ec\/it\/delegacion-de-mexico\/","name":"Delegaci\u00f3n de M\u00e9xico se prepara para asistir al 53\u00b0Congreso Eucar\u00edstico Internacional - IEC 2024","isPartOf":{"@id":"https:\/\/www.iec2024.ec\/it\/#website"},"datePublished":"2024-02-09T21:36:04+00:00","dateModified":"2024-02-09T21:36:04+00:00","breadcrumb":{"@id":"https:\/\/www.iec2024.ec\/it\/delegacion-de-mexico\/#breadcrumb"},"inLanguage":"it-IT","potentialAction":[{"@type":"ReadAction","target":["https:\/\/www.iec2024.ec\/it\/delegacion-de-mexico\/"]}]},{"@type":"BreadcrumbList","@id":"https:\/\/www.iec2024.ec\/it\/delegacion-de-mexico\/#breadcrumb","itemListElement":[{"@type":"ListItem","position":1,"name":"Portada","item":"https:\/\/www.iec2024.ec\/it\/"},{"@type":"ListItem","position":2,"name":"Delegaci\u00f3n de M\u00e9xico se prepara para asistir al 53\u00b0Congreso Eucar\u00edstico Internacional"}]},{"@type":"WebSite","@id":"https:\/\/www.iec2024.ec\/it\/#website","url":"https:\/\/www.iec2024.ec\/it\/","name":"IEC 2024","description":"","publisher":{"@id":"https:\/\/www.iec2024.ec\/it\/#organization"},"potentialAction":[{"@type":"SearchAction","target":{"@type":"EntryPoint","urlTemplate":"https:\/\/www.iec2024.ec\/it\/?s={search_term_string}"},"query-input":"required name=search_term_string"}],"inLanguage":"it-IT"},{"@type":"Organization","@id":"https:\/\/www.iec2024.ec\/it\/#organization","name":"IEC 2024","url":"https:\/\/www.iec2024.ec\/it\/","logo":{"@type":"ImageObject","inLanguage":"it-IT","@id":"https:\/\/www.iec2024.ec\/it\/#\/schema\/logo\/image\/","url":"https:\/\/www.iec2024.ec\/wp-content\/uploads\/2024\/01\/cropped-logo-2024.png","contentUrl":"https:\/\/www.iec2024.ec\/wp-content\/uploads\/2024\/01\/cropped-logo-2024.png","width":1277,"height":332,"caption":"IEC 2024"},"image":{"@id":"https:\/\/www.iec2024.ec\/it\/#\/schema\/logo\/image\/"}},{"@type":"Person","@id":"https:\/\/www.iec2024.ec\/it\/#\/schema\/person\/7dc46e27a804fe39ba34935ca5284fe2","name":"Secretario T\u00e9cnico","image":{"@type":"ImageObject","inLanguage":"it-IT","@id":"https:\/\/www.iec2024.ec\/it\/#\/schema\/person\/image\/","url":"https:\/\/secure.gravatar.com\/avatar\/67808a21710148ea0645bc85e43e21b6?s=96&d=mm&r=g","contentUrl":"https:\/\/secure.gravatar.com\/avatar\/67808a21710148ea0645bc85e43e21b6?s=96&d=mm&r=g","caption":"Secretario T\u00e9cnico"},"url":"https:\/\/www.iec2024.ec\/it\/author\/4dm1ns3cr3t4r10\/"}]}},"_links":{"self":[{"href":"https:\/\/www.iec2024.ec\/it\/wp-json\/wp\/v2\/posts\/12078"}],"collection":[{"href":"https:\/\/www.iec2024.ec\/it\/wp-json\/wp\/v2\/posts"}],"about":[{"href":"https:\/\/www.iec2024.ec\/it\/wp-json\/wp\/v2\/types\/post"}],"author":[{"embeddable":true,"href":"https:\/\/www.iec2024.ec\/it\/wp-json\/wp\/v2\/users\/2"}],"replies":[{"embeddable":true,"href":"https:\/\/www.iec2024.ec\/it\/wp-json\/wp\/v2\/comments?post=12078"}],"version-history":[{"count":0,"href":"https:\/\/www.iec2024.ec\/it\/wp-json\/wp\/v2\/posts\/12078\/revisions"}],"wp:featuredmedia":[{"embeddable":true,"href":"https:\/\/www.iec2024.ec\/it\/wp-json\/wp\/v2\/media\/11230"}],"wp:attachment":[{"href":"https:\/\/www.iec2024.ec\/it\/wp-json\/wp\/v2\/media?parent=12078"}],"wp:term":[{"taxonomy":"category","embeddable":true,"href":"https:\/\/www.iec2024.ec\/it\/wp-json\/wp\/v2\/categories?post=12078"},{"taxonomy":"post_tag","embeddable":true,"href":"https:\/\/www.iec2024.ec\/it\/wp-json\/wp\/v2\/tags?post=12078"}],"curies":[{"name":"wp","href":"https:\/\/api.w.org\/{rel}","templated":true}]}}