{"id":21035,"date":"2024-09-02T18:02:51","date_gmt":"2024-09-02T23:02:51","guid":{"rendered":"https:\/\/www.iec2024.ec\/la-revista-phase-se-pronuncia-con-informacion-refrente-al-iec2024\/"},"modified":"2024-09-02T23:12:16","modified_gmt":"2024-09-03T04:12:16","slug":"la-revista-phase-se-pronuncia-con-informacion-refrente-al-iec2024","status":"publish","type":"post","link":"https:\/\/www.iec2024.ec\/it\/la-revista-phase-se-pronuncia-con-informacion-refrente-al-iec2024\/","title":{"rendered":"La revista &#8220;phase&#8221; se hace eco del IEC2024"},"content":{"rendered":"<p>Te invitamos a revisar los art\u00edculos de:<\/p>\n<ul>\n<li>P.Lino Emilio D\u00edez Valladares &#8211; Un ritual desconocido (\u00bfo ignorado?): Ritual de la sagrada Comuni\u00f3n y del culto a la Eucarist\u00eda fuera de la misa, p\u00e1gina 281.<\/li>\n<li>P.Vittore Boccardi &#8211; Un itinerario espiritual para nuestro tiempo. El sentido del culto eucar\u00edstico fuera de misa, p\u00e1gina 303.<\/li>\n<li>P.Corrado Maggioni \u00abFraternidad para sanar el mundo\u00bb. La luz eucar\u00edstica del Congreso Quito 2024, p\u00e1gina 319.<\/li>\n<li>P.Juan Carlos Garz\u00f3n Ochoa Camino hacia el 53 Congreso Eucar\u00edstico Internacional, Quito 2024, p\u00e1gina 333.<\/li>\n<\/ul>\n<p>Publicados en la revista <a href=\"file:\/\/\/C:\/Users\/IEC%20SEC%20TEC\/Downloads\/373%20phase%20web.pdf\">phase &#8211; Culto eucar\u00edsitico: celebraci\u00f3n vs. adoraci\u00f3n. num 373\u00a0<\/a><\/p>\n","protected":false},"excerpt":{"rendered":"<p>Te invitamos a revisar los art\u00edculos de: P.Lino Emilio D\u00edez Valladares &#8211; Un ritual desconocido (\u00bfo ignorado?): Ritual de la sagrada Comuni\u00f3n y del culto a la Eucarist\u00eda fuera de la misa, p\u00e1gina 281. P.Vittore Boccardi &#8211; Un itinerario espiritual para nuestro tiempo. El sentido del culto eucar\u00edstico fuera de misa, p\u00e1gina 303. P.Corrado Maggioni [&hellip;]<\/p>\n","protected":false},"author":2,"featured_media":21019,"comment_status":"closed","ping_status":"closed","sticky":false,"template":"","format":"standard","meta":{"footnotes":""},"categories":[119],"tags":[],"acf":[],"yoast_head":"<!-- This site is optimized with the Yoast SEO plugin v21.1 - https:\/\/yoast.com\/wordpress\/plugins\/seo\/ -->\n<title>La revista &quot;phase&quot; se hace eco del IEC2024 - IEC 2024<\/title>\n<meta name=\"robots\" content=\"index, follow, max-snippet:-1, max-image-preview:large, max-video-preview:-1\" \/>\n<link rel=\"canonical\" href=\"https:\/\/www.iec2024.ec\/it\/la-revista-phase-se-pronuncia-con-informacion-refrente-al-iec2024\/\" \/>\n<meta property=\"og:locale\" content=\"it_IT\" \/>\n<meta property=\"og:type\" content=\"article\" \/>\n<meta property=\"og:title\" content=\"La revista &quot;phase&quot; se hace eco del IEC2024 - IEC 2024\" \/>\n<meta property=\"og:description\" content=\"Te invitamos a revisar los art\u00edculos de: P.Lino Emilio D\u00edez Valladares &#8211; Un ritual desconocido (\u00bfo ignorado?): Ritual de la sagrada Comuni\u00f3n y del culto a la Eucarist\u00eda fuera de la misa, p\u00e1gina 281. P.Vittore Boccardi &#8211; Un itinerario espiritual para nuestro tiempo. El sentido del culto eucar\u00edstico fuera de misa, p\u00e1gina 303. P.Corrado Maggioni [&hellip;]\" \/>\n<meta property=\"og:url\" content=\"https:\/\/www.iec2024.ec\/it\/la-revista-phase-se-pronuncia-con-informacion-refrente-al-iec2024\/\" \/>\n<meta property=\"og:site_name\" content=\"IEC 2024\" \/>\n<meta property=\"article:published_time\" content=\"2024-09-02T23:02:51+00:00\" \/>\n<meta property=\"article:modified_time\" content=\"2024-09-03T04:12:16+00:00\" \/>\n<meta property=\"og:image\" content=\"https:\/\/www.iec2024.ec\/wp-content\/uploads\/2024\/09\/Revista_Phase_CPL-1.jpg\" \/>\n\t<meta property=\"og:image:width\" content=\"1280\" \/>\n\t<meta property=\"og:image:height\" content=\"720\" \/>\n\t<meta property=\"og:image:type\" content=\"image\/jpeg\" \/>\n<meta name=\"author\" content=\"Secretario T\u00e9cnico\" \/>\n<meta name=\"twitter:card\" content=\"summary_large_image\" \/>\n<meta name=\"twitter:label1\" content=\"Scritto da\" \/>\n\t<meta name=\"twitter:data1\" content=\"Secretario T\u00e9cnico\" \/>\n\t<meta name=\"twitter:label2\" content=\"Tempo di lettura stimato\" \/>\n\t<meta name=\"twitter:data2\" content=\"1 minuto\" \/>\n<script type=\"application\/ld+json\" class=\"yoast-schema-graph\">{\"@context\":\"https:\/\/schema.org\",\"@graph\":[{\"@type\":\"Article\",\"@id\":\"https:\/\/www.iec2024.ec\/it\/la-revista-phase-se-pronuncia-con-informacion-refrente-al-iec2024\/#article\",\"isPartOf\":{\"@id\":\"https:\/\/www.iec2024.ec\/it\/la-revista-phase-se-pronuncia-con-informacion-refrente-al-iec2024\/\"},\"author\":{\"name\":\"Secretario T\u00e9cnico\",\"@id\":\"https:\/\/www.iec2024.ec\/it\/#\/schema\/person\/7dc46e27a804fe39ba34935ca5284fe2\"},\"headline\":\"La revista &#8220;phase&#8221; se hace eco del IEC2024\",\"datePublished\":\"2024-09-02T23:02:51+00:00\",\"dateModified\":\"2024-09-03T04:12:16+00:00\",\"mainEntityOfPage\":{\"@id\":\"https:\/\/www.iec2024.ec\/it\/la-revista-phase-se-pronuncia-con-informacion-refrente-al-iec2024\/\"},\"wordCount\":116,\"publisher\":{\"@id\":\"https:\/\/www.iec2024.ec\/it\/#organization\"},\"articleSection\":[\"Notas de Prensa\"],\"inLanguage\":\"it-IT\"},{\"@type\":\"WebPage\",\"@id\":\"https:\/\/www.iec2024.ec\/it\/la-revista-phase-se-pronuncia-con-informacion-refrente-al-iec2024\/\",\"url\":\"https:\/\/www.iec2024.ec\/it\/la-revista-phase-se-pronuncia-con-informacion-refrente-al-iec2024\/\",\"name\":\"La revista \\\"phase\\\" se hace eco del IEC2024 - IEC 2024\",\"isPartOf\":{\"@id\":\"https:\/\/www.iec2024.ec\/it\/#website\"},\"datePublished\":\"2024-09-02T23:02:51+00:00\",\"dateModified\":\"2024-09-03T04:12:16+00:00\",\"breadcrumb\":{\"@id\":\"https:\/\/www.iec2024.ec\/it\/la-revista-phase-se-pronuncia-con-informacion-refrente-al-iec2024\/#breadcrumb\"},\"inLanguage\":\"it-IT\",\"potentialAction\":[{\"@type\":\"ReadAction\",\"target\":[\"https:\/\/www.iec2024.ec\/it\/la-revista-phase-se-pronuncia-con-informacion-refrente-al-iec2024\/\"]}]},{\"@type\":\"BreadcrumbList\",\"@id\":\"https:\/\/www.iec2024.ec\/it\/la-revista-phase-se-pronuncia-con-informacion-refrente-al-iec2024\/#breadcrumb\",\"itemListElement\":[{\"@type\":\"ListItem\",\"position\":1,\"name\":\"Portada\",\"item\":\"https:\/\/www.iec2024.ec\/it\/\"},{\"@type\":\"ListItem\",\"position\":2,\"name\":\"La revista \u00abphase\u00bb se hace eco del IEC2024\"}]},{\"@type\":\"WebSite\",\"@id\":\"https:\/\/www.iec2024.ec\/it\/#website\",\"url\":\"https:\/\/www.iec2024.ec\/it\/\",\"name\":\"IEC 2024\",\"description\":\"\",\"publisher\":{\"@id\":\"https:\/\/www.iec2024.ec\/it\/#organization\"},\"potentialAction\":[{\"@type\":\"SearchAction\",\"target\":{\"@type\":\"EntryPoint\",\"urlTemplate\":\"https:\/\/www.iec2024.ec\/it\/?s={search_term_string}\"},\"query-input\":\"required name=search_term_string\"}],\"inLanguage\":\"it-IT\"},{\"@type\":\"Organization\",\"@id\":\"https:\/\/www.iec2024.ec\/it\/#organization\",\"name\":\"IEC 2024\",\"url\":\"https:\/\/www.iec2024.ec\/it\/\",\"logo\":{\"@type\":\"ImageObject\",\"inLanguage\":\"it-IT\",\"@id\":\"https:\/\/www.iec2024.ec\/it\/#\/schema\/logo\/image\/\",\"url\":\"https:\/\/www.iec2024.ec\/wp-content\/uploads\/2024\/01\/cropped-logo-2024.png\",\"contentUrl\":\"https:\/\/www.iec2024.ec\/wp-content\/uploads\/2024\/01\/cropped-logo-2024.png\",\"width\":1277,\"height\":332,\"caption\":\"IEC 2024\"},\"image\":{\"@id\":\"https:\/\/www.iec2024.ec\/it\/#\/schema\/logo\/image\/\"}},{\"@type\":\"Person\",\"@id\":\"https:\/\/www.iec2024.ec\/it\/#\/schema\/person\/7dc46e27a804fe39ba34935ca5284fe2\",\"name\":\"Secretario T\u00e9cnico\",\"image\":{\"@type\":\"ImageObject\",\"inLanguage\":\"it-IT\",\"@id\":\"https:\/\/www.iec2024.ec\/it\/#\/schema\/person\/image\/\",\"url\":\"https:\/\/secure.gravatar.com\/avatar\/67808a21710148ea0645bc85e43e21b6?s=96&d=mm&r=g\",\"contentUrl\":\"https:\/\/secure.gravatar.com\/avatar\/67808a21710148ea0645bc85e43e21b6?s=96&d=mm&r=g\",\"caption\":\"Secretario T\u00e9cnico\"},\"url\":\"https:\/\/www.iec2024.ec\/it\/author\/4dm1ns3cr3t4r10\/\"}]}<\/script>\n<!-- \/ Yoast SEO plugin. -->","yoast_head_json":{"title":"La revista \"phase\" se hace eco del IEC2024 - IEC 2024","robots":{"index":"index","follow":"follow","max-snippet":"max-snippet:-1","max-image-preview":"max-image-preview:large","max-video-preview":"max-video-preview:-1"},"canonical":"https:\/\/www.iec2024.ec\/it\/la-revista-phase-se-pronuncia-con-informacion-refrente-al-iec2024\/","og_locale":"it_IT","og_type":"article","og_title":"La revista \"phase\" se hace eco del IEC2024 - IEC 2024","og_description":"Te invitamos a revisar los art\u00edculos de: P.Lino Emilio D\u00edez Valladares &#8211; Un ritual desconocido (\u00bfo ignorado?): Ritual de la sagrada Comuni\u00f3n y del culto a la Eucarist\u00eda fuera de la misa, p\u00e1gina 281. P.Vittore Boccardi &#8211; Un itinerario espiritual para nuestro tiempo. El sentido del culto eucar\u00edstico fuera de misa, p\u00e1gina 303. P.Corrado Maggioni [&hellip;]","og_url":"https:\/\/www.iec2024.ec\/it\/la-revista-phase-se-pronuncia-con-informacion-refrente-al-iec2024\/","og_site_name":"IEC 2024","article_published_time":"2024-09-02T23:02:51+00:00","article_modified_time":"2024-09-03T04:12:16+00:00","og_image":[{"width":1280,"height":720,"url":"https:\/\/www.iec2024.ec\/wp-content\/uploads\/2024\/09\/Revista_Phase_CPL-1.jpg","type":"image\/jpeg"}],"author":"Secretario T\u00e9cnico","twitter_card":"summary_large_image","twitter_misc":{"Scritto da":"Secretario T\u00e9cnico","Tempo di lettura stimato":"1 minuto"},"schema":{"@context":"https:\/\/schema.org","@graph":[{"@type":"Article","@id":"https:\/\/www.iec2024.ec\/it\/la-revista-phase-se-pronuncia-con-informacion-refrente-al-iec2024\/#article","isPartOf":{"@id":"https:\/\/www.iec2024.ec\/it\/la-revista-phase-se-pronuncia-con-informacion-refrente-al-iec2024\/"},"author":{"name":"Secretario T\u00e9cnico","@id":"https:\/\/www.iec2024.ec\/it\/#\/schema\/person\/7dc46e27a804fe39ba34935ca5284fe2"},"headline":"La revista &#8220;phase&#8221; se hace eco del IEC2024","datePublished":"2024-09-02T23:02:51+00:00","dateModified":"2024-09-03T04:12:16+00:00","mainEntityOfPage":{"@id":"https:\/\/www.iec2024.ec\/it\/la-revista-phase-se-pronuncia-con-informacion-refrente-al-iec2024\/"},"wordCount":116,"publisher":{"@id":"https:\/\/www.iec2024.ec\/it\/#organization"},"articleSection":["Notas de Prensa"],"inLanguage":"it-IT"},{"@type":"WebPage","@id":"https:\/\/www.iec2024.ec\/it\/la-revista-phase-se-pronuncia-con-informacion-refrente-al-iec2024\/","url":"https:\/\/www.iec2024.ec\/it\/la-revista-phase-se-pronuncia-con-informacion-refrente-al-iec2024\/","name":"La revista \"phase\" se hace eco del IEC2024 - IEC 2024","isPartOf":{"@id":"https:\/\/www.iec2024.ec\/it\/#website"},"datePublished":"2024-09-02T23:02:51+00:00","dateModified":"2024-09-03T04:12:16+00:00","breadcrumb":{"@id":"https:\/\/www.iec2024.ec\/it\/la-revista-phase-se-pronuncia-con-informacion-refrente-al-iec2024\/#breadcrumb"},"inLanguage":"it-IT","potentialAction":[{"@type":"ReadAction","target":["https:\/\/www.iec2024.ec\/it\/la-revista-phase-se-pronuncia-con-informacion-refrente-al-iec2024\/"]}]},{"@type":"BreadcrumbList","@id":"https:\/\/www.iec2024.ec\/it\/la-revista-phase-se-pronuncia-con-informacion-refrente-al-iec2024\/#breadcrumb","itemListElement":[{"@type":"ListItem","position":1,"name":"Portada","item":"https:\/\/www.iec2024.ec\/it\/"},{"@type":"ListItem","position":2,"name":"La revista \u00abphase\u00bb se hace eco del IEC2024"}]},{"@type":"WebSite","@id":"https:\/\/www.iec2024.ec\/it\/#website","url":"https:\/\/www.iec2024.ec\/it\/","name":"IEC 2024","description":"","publisher":{"@id":"https:\/\/www.iec2024.ec\/it\/#organization"},"potentialAction":[{"@type":"SearchAction","target":{"@type":"EntryPoint","urlTemplate":"https:\/\/www.iec2024.ec\/it\/?s={search_term_string}"},"query-input":"required name=search_term_string"}],"inLanguage":"it-IT"},{"@type":"Organization","@id":"https:\/\/www.iec2024.ec\/it\/#organization","name":"IEC 2024","url":"https:\/\/www.iec2024.ec\/it\/","logo":{"@type":"ImageObject","inLanguage":"it-IT","@id":"https:\/\/www.iec2024.ec\/it\/#\/schema\/logo\/image\/","url":"https:\/\/www.iec2024.ec\/wp-content\/uploads\/2024\/01\/cropped-logo-2024.png","contentUrl":"https:\/\/www.iec2024.ec\/wp-content\/uploads\/2024\/01\/cropped-logo-2024.png","width":1277,"height":332,"caption":"IEC 2024"},"image":{"@id":"https:\/\/www.iec2024.ec\/it\/#\/schema\/logo\/image\/"}},{"@type":"Person","@id":"https:\/\/www.iec2024.ec\/it\/#\/schema\/person\/7dc46e27a804fe39ba34935ca5284fe2","name":"Secretario T\u00e9cnico","image":{"@type":"ImageObject","inLanguage":"it-IT","@id":"https:\/\/www.iec2024.ec\/it\/#\/schema\/person\/image\/","url":"https:\/\/secure.gravatar.com\/avatar\/67808a21710148ea0645bc85e43e21b6?s=96&d=mm&r=g","contentUrl":"https:\/\/secure.gravatar.com\/avatar\/67808a21710148ea0645bc85e43e21b6?s=96&d=mm&r=g","caption":"Secretario T\u00e9cnico"},"url":"https:\/\/www.iec2024.ec\/it\/author\/4dm1ns3cr3t4r10\/"}]}},"_links":{"self":[{"href":"https:\/\/www.iec2024.ec\/it\/wp-json\/wp\/v2\/posts\/21035"}],"collection":[{"href":"https:\/\/www.iec2024.ec\/it\/wp-json\/wp\/v2\/posts"}],"about":[{"href":"https:\/\/www.iec2024.ec\/it\/wp-json\/wp\/v2\/types\/post"}],"author":[{"embeddable":true,"href":"https:\/\/www.iec2024.ec\/it\/wp-json\/wp\/v2\/users\/2"}],"replies":[{"embeddable":true,"href":"https:\/\/www.iec2024.ec\/it\/wp-json\/wp\/v2\/comments?post=21035"}],"version-history":[{"count":1,"href":"https:\/\/www.iec2024.ec\/it\/wp-json\/wp\/v2\/posts\/21035\/revisions"}],"predecessor-version":[{"id":21079,"href":"https:\/\/www.iec2024.ec\/it\/wp-json\/wp\/v2\/posts\/21035\/revisions\/21079"}],"wp:featuredmedia":[{"embeddable":true,"href":"https:\/\/www.iec2024.ec\/it\/wp-json\/wp\/v2\/media\/21019"}],"wp:attachment":[{"href":"https:\/\/www.iec2024.ec\/it\/wp-json\/wp\/v2\/media?parent=21035"}],"wp:term":[{"taxonomy":"category","embeddable":true,"href":"https:\/\/www.iec2024.ec\/it\/wp-json\/wp\/v2\/categories?post=21035"},{"taxonomy":"post_tag","embeddable":true,"href":"https:\/\/www.iec2024.ec\/it\/wp-json\/wp\/v2\/tags?post=21035"}],"curies":[{"name":"wp","href":"https:\/\/api.w.org\/{rel}","templated":true}]}}