{"id":21042,"date":"2024-09-01T19:24:10","date_gmt":"2024-09-02T00:24:10","guid":{"rendered":"https:\/\/www.iec2024.ec\/eucaristia-y-sagrado-corazon\/"},"modified":"2024-09-01T19:24:10","modified_gmt":"2024-09-02T00:24:10","slug":"eucaristia-y-sagrado-corazon","status":"publish","type":"post","link":"https:\/\/www.iec2024.ec\/it\/eucaristia-y-sagrado-corazon\/","title":{"rendered":"Eucarist\u00eda y Coraz\u00f3n de Jes\u00fas"},"content":{"rendered":"<p><strong>Cr\u00f3nica desde el \u00c1vila<\/strong><\/p>\n<p>Cardenal Baltazar Porras Cardozo<\/p>\n<p>Quito se ha ganado el ser sede del 53\u00b0 Congreso Eucar\u00edstico Internacional no como una concesi\u00f3n graciosa, sino fruto de preparaci\u00f3n remota y reciente que enaltece el tes\u00f3n misionero de la iglesia que peregrina en Ecuador. Desde 1881 cuando en Lille, Francia se celebr\u00f3 el primer congreso, ha peregrinado por el mundo entero en cincuenta y dos ocasiones. El \u00faltimo tuvo lugar en Budapest (2021) en medio de la pandemia que azot\u00f3 el mundo. Han sido una de las experiencias pastorales exitosas en torno a la centralidad de la eucarist\u00eda, motor de la vida del cristiano en el mundo secularizado y laico. Tiene sentido redescubrir el valor de lo trascendente y el sentido m\u00e1s profundo de Dios hecho hombre como uno de nosotros, Jes\u00fas de Nazaret, convirti\u00e9ndose en comida y bebida no f\u00e1cil de tragar. As\u00ed fue desde los inicios como nos lo recuerda el evangelio de San Juan en su cap\u00edtulo sexto.<\/p>\n<p>Am\u00e9rica Latina ha sido sede en cuatro ocasiones. La primera en 1934 en Buenos Aires, siendo el Cardenal Eugenio Pacelli Secretario de Estado el legado pontificio del Papa P\u00edo XI. Lleg\u00f3 a bordo del nav\u00edo italiano Conte Grande, escoltado por seis buques de la Armada argentina. La visita de Pacelli fue interpretada como una reafirmaci\u00f3n de Roma dentro del catolicismo argentino. En la misa de clausura P\u00edo XI se dirigi\u00f3 por radiomensaje, invocando a la Virgen de Luj\u00e1n y a los m\u00e1rtires jesuitas del Paraguay. El Congreso Eucar\u00edstico gener\u00f3 una gran aceptaci\u00f3n tanto en los sectores populares como en la \u00e9lite y la clase gobernante.<\/p>\n<p>Habr\u00e1 que esperar hasta 1955 para que volviera Am\u00e9rica Latina a ser sede de los Congresos Eucar\u00edsticos. Esta vez ser\u00eda en R\u00edo de Janeiro, y presidi\u00f3 como legado pontificio de P\u00edo XII el Cardenal Adeodato Giovanni Piazza, OCD, Secretario de la Sagrada Congregaci\u00f3n Consistorial y Presidente de la Conferencia Episcopal Italiana. A ra\u00edz de dicho evento surgi\u00f3 la creaci\u00f3n del CELAM y la CAL, Comisi\u00f3n para Am\u00e9rica Latina en el Vaticano, hito importante en la vida eclesial de nuestro continente.<\/p>\n<p>1968, a\u00f1o singular para el mundo, marc\u00f3 el primer viaje de un Papa al nuevo continente. Pablo VI lleg\u00f3 a Bogot\u00e1 e inaugur\u00f3 el Congreso Eucar\u00edstico Internacional y la Segunda Conferencia General del Episcopado Latinoamericano que se desarroll\u00f3 en Medell\u00edn y tuvo como punto central asumir el Concilio Vaticano II desde nuestra realidad, siendo pionera en el mundo y ofreciendo al mundo las luces y sombras de la vivencia eclesial en momentos en los que se ense\u00f1oreaban reg\u00edmenes dictatoriales. El Legado Pontificio fue el Cardenal Giacomo Lercaro, Arzobispo de Bolonia y uno de los padres conciliares abanderado del aggiornamento de la Iglesia.<\/p>\n<p>Habr\u00e1 esperar hasta los inicios del presente siglo para que volviera AL a ser sede del 48\u00b0 Congreso Eucar\u00edstico Internacional. Fue Guadalajara, M\u00e9xico (2004), la encargada de promover \u201cla eucarist\u00eda luz y vida del nuevo milenio\u201d. El Legado Pontificio del anciano Juan Pablo II fue el Cardenal Josef Tomko, eslovaco, Presidente del Comit\u00e9 Pontificio para los Congresos Eucar\u00edsticos Internacionales. El actual, el 53\u00b0 Congreso Eucar\u00edstico Internacional se celebrar\u00e1 en Quito del 8 al 15 de septiembre 2004, bajo el lema \u201cFraternidad para salvar al mundo\u201d. Quien suscribe estas l\u00edneas ha sido nombrado Legado Pontificio.<\/p>\n<p>Ecuador tiene larga historia en torno a la eucarist\u00eda y a la devoci\u00f3n al Coraz\u00f3n de Jes\u00fas. Cinco a\u00f1os despu\u00e9s del primer congreso internacional en Lille (1881) se celebr\u00f3 el primer congreso eucar\u00edstico nacional en Quito, en ocasi\u00f3n del segundo centenario del culto al Coraz\u00f3n de Jes\u00fas, bajo bajo el patrocinio del Coraz\u00f3n Inmaculado de Mar\u00eda, del patriarca San Jos\u00e9 y de Santa Rosa de Lima, bajo el pontificado del sexto arzobispo de Quito Mons. Jos\u00e9 Ignacio Ord\u00f3\u00f1ez.<\/p>\n<p>El segundo Congreso Eucar\u00edstico Nacional, tuvo tambi\u00e9n como sede a Quito (1949), con motivo del primer centenario de la creaci\u00f3n de la Arquidi\u00f3cesis de Quito y los 75 a\u00f1os de la consagraci\u00f3n de Ecuador al Coraz\u00f3n de Jes\u00fas. Presidido por el Arzobispo Carlos Mar\u00eda Javier de la Torre y Nieto, quien fuera a partir de 1953 el primer cardenal ecuatoriano. El Legado Pontificio fue Mons. Efr\u00e9n Forni, Nuncio Apost\u00f3lico en Ecuador. En la clausura se escuch\u00f3 el radiomensaje del Papa P\u00edo XII.<\/p>\n<p>El tercer Congreso Eucar\u00edstico Nacional tuvo como sede a Guayaquil (1958), siendo legado pontificio el anciano cardenal Carlos Mar\u00eda De la Torre, en ocasi\u00f3n de la elevaci\u00f3n de Guayaquil a arquidi\u00f3cesis. La eucarist\u00eda y la familia, la eucarist\u00eda fuente de energ\u00eda en la formaci\u00f3n cristiana y patri\u00f3tica de la juventud, y, la eucarist\u00eda y los problemas sociales, fueron los temas centrales; estuvieron presentes obispos de varios pa\u00edses del continente. De nuevo, pocos d\u00edas antes de la muerte del Papa P\u00edo XII se escuch\u00f3 el radiomensaje que envi\u00f3 el Sumo Pont\u00edfice.<\/p>\n<p>Cuenca fue la sede del cuarto Congreso Eucar\u00edstico Nacional (1967), con la presencia del Cardenal alem\u00e1n Julius August D\u00f6pfner, Arzobispo de Munich, como Legado Pontificio. El Arzobispo de la ciudad, Manuel de Jes\u00fas Serrano Abad, promovi\u00f3 en todo el pa\u00eds una gran Misi\u00f3n eucar\u00edstica y la renovaci\u00f3n total de vida en Cristo y por Cristo. El Papa Pablo VI dirigi\u00f3 un radiomensaje animando y felicitando a los participantes por las intensas jornadas preparatorias. En la clausura se consagr\u00f3 la catedral a la Virgen Mar\u00eda Inmaculada.<\/p>\n<p>Guayaquil fue de nuevo la sede del Quinto Congreso Eucar\u00edstico Nacional (1988), bajo el lema \u201ccon Mar\u00eda a Cristo, pan de vida bajado del cielo\u201d. El enviado del Papa Juan Pablo II fue el cardenal Eduardo Mart\u00ednez Somalo, Prefecto de la Congregaci\u00f3n para el culto divino. El arzobispo, Mons. Bernardino Echeverr\u00eda Ruiz, ofm., a\u00f1os m\u00e1s tarde promovido al cardenalato fue el entusiasta propulsor del congreso. En el mensaje del Papa Juan Pablo II pidi\u00f3 que la Iglesia en Ecuador \u201cse confirme como Iglesia comprometida en la nueva evangelizaci\u00f3n a la que toda Am\u00e9rica Latina est\u00e1 llamada de cara al V Centenario de la llegada del mensaje salvador al nuevo mundo\u201d.<\/p>\n<p>Con tan larga experiencia eclesial, Ecuador pa\u00eds eucar\u00edstico consagrado al Sagrado Coraz\u00f3n de Jes\u00fas desde 1874, se viste de gala para ser la sede del 53\u00b0 Congreso Eucar\u00edstico Internacional del 8 al 15 de septiembre pr\u00f3ximo. Desde el centro del mundo en nuestro continente latinoamericano nos uniremos al viaje apost\u00f3lico del Papa Francisco a las ant\u00edpodas, el extremo oriente, donde el catolicismo est\u00e1 presente en minor\u00eda y en condiciones nada f\u00e1ciles, para predicar que la fraternidad en Cristo es oferta de salvaci\u00f3n para el mundo entero.<\/p>\n<p>33.- 31-8-24 (6598)<\/p>\n","protected":false},"excerpt":{"rendered":"<p>Cr\u00f3nica desde el \u00c1vila Cardenal Baltazar Porras Cardozo Quito se ha ganado el ser sede del 53\u00b0 Congreso Eucar\u00edstico Internacional no como una concesi\u00f3n graciosa, sino fruto de preparaci\u00f3n remota y reciente que enaltece el tes\u00f3n misionero de la iglesia que peregrina en Ecuador. Desde 1881 cuando en Lille, Francia se celebr\u00f3 el primer congreso, [&hellip;]<\/p>\n","protected":false},"author":7,"featured_media":20936,"comment_status":"closed","ping_status":"closed","sticky":false,"template":"","format":"standard","meta":{"footnotes":""},"categories":[34],"tags":[],"acf":[],"yoast_head":"<!-- This site is optimized with the Yoast SEO plugin v21.1 - https:\/\/yoast.com\/wordpress\/plugins\/seo\/ -->\n<title>Eucarist\u00eda y Coraz\u00f3n de Jes\u00fas - IEC 2024<\/title>\n<meta name=\"robots\" content=\"index, follow, max-snippet:-1, max-image-preview:large, max-video-preview:-1\" \/>\n<link rel=\"canonical\" href=\"https:\/\/www.iec2024.ec\/it\/eucaristia-y-sagrado-corazon\/\" \/>\n<meta property=\"og:locale\" content=\"it_IT\" \/>\n<meta property=\"og:type\" content=\"article\" \/>\n<meta property=\"og:title\" content=\"Eucarist\u00eda y Coraz\u00f3n de Jes\u00fas - IEC 2024\" \/>\n<meta property=\"og:description\" content=\"Cr\u00f3nica desde el \u00c1vila Cardenal Baltazar Porras Cardozo Quito se ha ganado el ser sede del 53\u00b0 Congreso Eucar\u00edstico Internacional no como una concesi\u00f3n graciosa, sino fruto de preparaci\u00f3n remota y reciente que enaltece el tes\u00f3n misionero de la iglesia que peregrina en Ecuador. Desde 1881 cuando en Lille, Francia se celebr\u00f3 el primer congreso, [&hellip;]\" \/>\n<meta property=\"og:url\" content=\"https:\/\/www.iec2024.ec\/it\/eucaristia-y-sagrado-corazon\/\" \/>\n<meta property=\"og:site_name\" content=\"IEC 2024\" \/>\n<meta property=\"article:published_time\" content=\"2024-09-02T00:24:10+00:00\" \/>\n<meta name=\"author\" content=\"J Marmol\" \/>\n<meta name=\"twitter:card\" content=\"summary_large_image\" \/>\n<meta name=\"twitter:label1\" content=\"Scritto da\" \/>\n\t<meta name=\"twitter:data1\" content=\"J Marmol\" \/>\n\t<meta name=\"twitter:label2\" content=\"Tempo di lettura stimato\" \/>\n\t<meta name=\"twitter:data2\" content=\"6 minuti\" \/>\n<script type=\"application\/ld+json\" class=\"yoast-schema-graph\">{\"@context\":\"https:\/\/schema.org\",\"@graph\":[{\"@type\":\"Article\",\"@id\":\"https:\/\/www.iec2024.ec\/it\/eucaristia-y-sagrado-corazon\/#article\",\"isPartOf\":{\"@id\":\"https:\/\/www.iec2024.ec\/it\/eucaristia-y-sagrado-corazon\/\"},\"author\":{\"name\":\"J Marmol\",\"@id\":\"https:\/\/www.iec2024.ec\/it\/#\/schema\/person\/4a909b0744c848e07c246ad3068fce1a\"},\"headline\":\"Eucarist\u00eda y Coraz\u00f3n de Jes\u00fas\",\"datePublished\":\"2024-09-02T00:24:10+00:00\",\"dateModified\":\"2024-09-02T00:24:10+00:00\",\"mainEntityOfPage\":{\"@id\":\"https:\/\/www.iec2024.ec\/it\/eucaristia-y-sagrado-corazon\/\"},\"wordCount\":1171,\"publisher\":{\"@id\":\"https:\/\/www.iec2024.ec\/it\/#organization\"},\"articleSection\":[\"Notizia\"],\"inLanguage\":\"it-IT\"},{\"@type\":\"WebPage\",\"@id\":\"https:\/\/www.iec2024.ec\/it\/eucaristia-y-sagrado-corazon\/\",\"url\":\"https:\/\/www.iec2024.ec\/it\/eucaristia-y-sagrado-corazon\/\",\"name\":\"Eucarist\u00eda y Coraz\u00f3n de Jes\u00fas - IEC 2024\",\"isPartOf\":{\"@id\":\"https:\/\/www.iec2024.ec\/it\/#website\"},\"datePublished\":\"2024-09-02T00:24:10+00:00\",\"dateModified\":\"2024-09-02T00:24:10+00:00\",\"breadcrumb\":{\"@id\":\"https:\/\/www.iec2024.ec\/it\/eucaristia-y-sagrado-corazon\/#breadcrumb\"},\"inLanguage\":\"it-IT\",\"potentialAction\":[{\"@type\":\"ReadAction\",\"target\":[\"https:\/\/www.iec2024.ec\/it\/eucaristia-y-sagrado-corazon\/\"]}]},{\"@type\":\"BreadcrumbList\",\"@id\":\"https:\/\/www.iec2024.ec\/it\/eucaristia-y-sagrado-corazon\/#breadcrumb\",\"itemListElement\":[{\"@type\":\"ListItem\",\"position\":1,\"name\":\"Portada\",\"item\":\"https:\/\/www.iec2024.ec\/it\/\"},{\"@type\":\"ListItem\",\"position\":2,\"name\":\"Eucarist\u00eda y Coraz\u00f3n de Jes\u00fas\"}]},{\"@type\":\"WebSite\",\"@id\":\"https:\/\/www.iec2024.ec\/it\/#website\",\"url\":\"https:\/\/www.iec2024.ec\/it\/\",\"name\":\"IEC 2024\",\"description\":\"\",\"publisher\":{\"@id\":\"https:\/\/www.iec2024.ec\/it\/#organization\"},\"potentialAction\":[{\"@type\":\"SearchAction\",\"target\":{\"@type\":\"EntryPoint\",\"urlTemplate\":\"https:\/\/www.iec2024.ec\/it\/?s={search_term_string}\"},\"query-input\":\"required name=search_term_string\"}],\"inLanguage\":\"it-IT\"},{\"@type\":\"Organization\",\"@id\":\"https:\/\/www.iec2024.ec\/it\/#organization\",\"name\":\"IEC 2024\",\"url\":\"https:\/\/www.iec2024.ec\/it\/\",\"logo\":{\"@type\":\"ImageObject\",\"inLanguage\":\"it-IT\",\"@id\":\"https:\/\/www.iec2024.ec\/it\/#\/schema\/logo\/image\/\",\"url\":\"https:\/\/www.iec2024.ec\/wp-content\/uploads\/2024\/01\/cropped-logo-2024.png\",\"contentUrl\":\"https:\/\/www.iec2024.ec\/wp-content\/uploads\/2024\/01\/cropped-logo-2024.png\",\"width\":1277,\"height\":332,\"caption\":\"IEC 2024\"},\"image\":{\"@id\":\"https:\/\/www.iec2024.ec\/it\/#\/schema\/logo\/image\/\"}},{\"@type\":\"Person\",\"@id\":\"https:\/\/www.iec2024.ec\/it\/#\/schema\/person\/4a909b0744c848e07c246ad3068fce1a\",\"name\":\"J Marmol\",\"image\":{\"@type\":\"ImageObject\",\"inLanguage\":\"it-IT\",\"@id\":\"https:\/\/www.iec2024.ec\/it\/#\/schema\/person\/image\/\",\"url\":\"https:\/\/secure.gravatar.com\/avatar\/0ffa1380326faa52bdc3089d469efedc?s=96&d=mm&r=g\",\"contentUrl\":\"https:\/\/secure.gravatar.com\/avatar\/0ffa1380326faa52bdc3089d469efedc?s=96&d=mm&r=g\",\"caption\":\"J Marmol\"},\"url\":\"https:\/\/www.iec2024.ec\/it\/author\/jmarmol\/\"}]}<\/script>\n<!-- \/ Yoast SEO plugin. -->","yoast_head_json":{"title":"Eucarist\u00eda y Coraz\u00f3n de Jes\u00fas - IEC 2024","robots":{"index":"index","follow":"follow","max-snippet":"max-snippet:-1","max-image-preview":"max-image-preview:large","max-video-preview":"max-video-preview:-1"},"canonical":"https:\/\/www.iec2024.ec\/it\/eucaristia-y-sagrado-corazon\/","og_locale":"it_IT","og_type":"article","og_title":"Eucarist\u00eda y Coraz\u00f3n de Jes\u00fas - IEC 2024","og_description":"Cr\u00f3nica desde el \u00c1vila Cardenal Baltazar Porras Cardozo Quito se ha ganado el ser sede del 53\u00b0 Congreso Eucar\u00edstico Internacional no como una concesi\u00f3n graciosa, sino fruto de preparaci\u00f3n remota y reciente que enaltece el tes\u00f3n misionero de la iglesia que peregrina en Ecuador. Desde 1881 cuando en Lille, Francia se celebr\u00f3 el primer congreso, [&hellip;]","og_url":"https:\/\/www.iec2024.ec\/it\/eucaristia-y-sagrado-corazon\/","og_site_name":"IEC 2024","article_published_time":"2024-09-02T00:24:10+00:00","author":"J Marmol","twitter_card":"summary_large_image","twitter_misc":{"Scritto da":"J Marmol","Tempo di lettura stimato":"6 minuti"},"schema":{"@context":"https:\/\/schema.org","@graph":[{"@type":"Article","@id":"https:\/\/www.iec2024.ec\/it\/eucaristia-y-sagrado-corazon\/#article","isPartOf":{"@id":"https:\/\/www.iec2024.ec\/it\/eucaristia-y-sagrado-corazon\/"},"author":{"name":"J Marmol","@id":"https:\/\/www.iec2024.ec\/it\/#\/schema\/person\/4a909b0744c848e07c246ad3068fce1a"},"headline":"Eucarist\u00eda y Coraz\u00f3n de Jes\u00fas","datePublished":"2024-09-02T00:24:10+00:00","dateModified":"2024-09-02T00:24:10+00:00","mainEntityOfPage":{"@id":"https:\/\/www.iec2024.ec\/it\/eucaristia-y-sagrado-corazon\/"},"wordCount":1171,"publisher":{"@id":"https:\/\/www.iec2024.ec\/it\/#organization"},"articleSection":["Notizia"],"inLanguage":"it-IT"},{"@type":"WebPage","@id":"https:\/\/www.iec2024.ec\/it\/eucaristia-y-sagrado-corazon\/","url":"https:\/\/www.iec2024.ec\/it\/eucaristia-y-sagrado-corazon\/","name":"Eucarist\u00eda y Coraz\u00f3n de Jes\u00fas - IEC 2024","isPartOf":{"@id":"https:\/\/www.iec2024.ec\/it\/#website"},"datePublished":"2024-09-02T00:24:10+00:00","dateModified":"2024-09-02T00:24:10+00:00","breadcrumb":{"@id":"https:\/\/www.iec2024.ec\/it\/eucaristia-y-sagrado-corazon\/#breadcrumb"},"inLanguage":"it-IT","potentialAction":[{"@type":"ReadAction","target":["https:\/\/www.iec2024.ec\/it\/eucaristia-y-sagrado-corazon\/"]}]},{"@type":"BreadcrumbList","@id":"https:\/\/www.iec2024.ec\/it\/eucaristia-y-sagrado-corazon\/#breadcrumb","itemListElement":[{"@type":"ListItem","position":1,"name":"Portada","item":"https:\/\/www.iec2024.ec\/it\/"},{"@type":"ListItem","position":2,"name":"Eucarist\u00eda y Coraz\u00f3n de Jes\u00fas"}]},{"@type":"WebSite","@id":"https:\/\/www.iec2024.ec\/it\/#website","url":"https:\/\/www.iec2024.ec\/it\/","name":"IEC 2024","description":"","publisher":{"@id":"https:\/\/www.iec2024.ec\/it\/#organization"},"potentialAction":[{"@type":"SearchAction","target":{"@type":"EntryPoint","urlTemplate":"https:\/\/www.iec2024.ec\/it\/?s={search_term_string}"},"query-input":"required name=search_term_string"}],"inLanguage":"it-IT"},{"@type":"Organization","@id":"https:\/\/www.iec2024.ec\/it\/#organization","name":"IEC 2024","url":"https:\/\/www.iec2024.ec\/it\/","logo":{"@type":"ImageObject","inLanguage":"it-IT","@id":"https:\/\/www.iec2024.ec\/it\/#\/schema\/logo\/image\/","url":"https:\/\/www.iec2024.ec\/wp-content\/uploads\/2024\/01\/cropped-logo-2024.png","contentUrl":"https:\/\/www.iec2024.ec\/wp-content\/uploads\/2024\/01\/cropped-logo-2024.png","width":1277,"height":332,"caption":"IEC 2024"},"image":{"@id":"https:\/\/www.iec2024.ec\/it\/#\/schema\/logo\/image\/"}},{"@type":"Person","@id":"https:\/\/www.iec2024.ec\/it\/#\/schema\/person\/4a909b0744c848e07c246ad3068fce1a","name":"J Marmol","image":{"@type":"ImageObject","inLanguage":"it-IT","@id":"https:\/\/www.iec2024.ec\/it\/#\/schema\/person\/image\/","url":"https:\/\/secure.gravatar.com\/avatar\/0ffa1380326faa52bdc3089d469efedc?s=96&d=mm&r=g","contentUrl":"https:\/\/secure.gravatar.com\/avatar\/0ffa1380326faa52bdc3089d469efedc?s=96&d=mm&r=g","caption":"J Marmol"},"url":"https:\/\/www.iec2024.ec\/it\/author\/jmarmol\/"}]}},"_links":{"self":[{"href":"https:\/\/www.iec2024.ec\/it\/wp-json\/wp\/v2\/posts\/21042"}],"collection":[{"href":"https:\/\/www.iec2024.ec\/it\/wp-json\/wp\/v2\/posts"}],"about":[{"href":"https:\/\/www.iec2024.ec\/it\/wp-json\/wp\/v2\/types\/post"}],"author":[{"embeddable":true,"href":"https:\/\/www.iec2024.ec\/it\/wp-json\/wp\/v2\/users\/7"}],"replies":[{"embeddable":true,"href":"https:\/\/www.iec2024.ec\/it\/wp-json\/wp\/v2\/comments?post=21042"}],"version-history":[{"count":0,"href":"https:\/\/www.iec2024.ec\/it\/wp-json\/wp\/v2\/posts\/21042\/revisions"}],"wp:featuredmedia":[{"embeddable":true,"href":"https:\/\/www.iec2024.ec\/it\/wp-json\/wp\/v2\/media\/20936"}],"wp:attachment":[{"href":"https:\/\/www.iec2024.ec\/it\/wp-json\/wp\/v2\/media?parent=21042"}],"wp:term":[{"taxonomy":"category","embeddable":true,"href":"https:\/\/www.iec2024.ec\/it\/wp-json\/wp\/v2\/categories?post=21042"},{"taxonomy":"post_tag","embeddable":true,"href":"https:\/\/www.iec2024.ec\/it\/wp-json\/wp\/v2\/tags?post=21042"}],"curies":[{"name":"wp","href":"https:\/\/api.w.org\/{rel}","templated":true}]}}