{"id":21050,"date":"2024-08-29T16:18:59","date_gmt":"2024-08-29T21:18:59","guid":{"rendered":"https:\/\/www.iec2024.ec\/todo-listo-para-vivir-el-iec2024\/"},"modified":"2024-08-29T16:18:59","modified_gmt":"2024-08-29T21:18:59","slug":"todo-listo-para-vivir-el-iec2024","status":"publish","type":"post","link":"https:\/\/www.iec2024.ec\/it\/todo-listo-para-vivir-el-iec2024\/","title":{"rendered":"Todo listo para vivir el 53 \u00b0 Congreso Eucar\u00edstico Internacional en Quito"},"content":{"rendered":"<p><strong>Todo se encuentra listo para vivir en Quito la mayor experiencia de fe en torno a la Eucarist\u00eda<\/strong>, en un ambiente de fraterna unidad de la iglesia Universal.\u00a0 As\u00ed expres\u00f3 el <strong>Arzobispo Metropolitano de Quito y Primado del Ecuador, Monse\u00f1or Alfredo Espinoza Mateus, SDB<\/strong>, durante una rueda de prensa que se cumpli\u00f3 la ma\u00f1ana de este jueves 29 de agosto, en la sede de la Conferencia Episcopal Ecuatoriana.<\/p>\n<p>Monse\u00f1or Espinoza Mateus explic\u00f3 que, <strong>previo al Congreso Eucar\u00edstico se llevar\u00e1 a cabo un Simposio Teol\u00f3gico<\/strong>, en la sede de la Pontificia Universidad Cat\u00f3lica del Ecuador, que contar\u00e1 con la presencia de destacadas personalidades y acad\u00e9micos de varios pa\u00edses del mundo, para reflexionar sobre el tema <strong>&#8220;Fraternidad para sanar el mundo&#8221;<\/strong>.<\/p>\n<p>Destac\u00f3 que, para participar en el Congreso, llegar\u00e1n delegaciones de 53 pa\u00edses de mundo \u201cpor lo que <strong>es un gran privilegio, pero un gran desaf\u00edo para la iglesia en Ecuador y la ciudad de Quito\u201d recibir a miles de participantes<\/strong> que llegar\u00e1n para profundizar el tema del Congreso: \u201cFraternidad para sanar el mundo\u201d.<\/p>\n<p>El Arzobispo de Quito, quien preside el Comit\u00e9 organizador del 53\u00b0 Congreso Eucar\u00edstico Internacional, inform\u00f3 tambi\u00e9n que <strong>el domingo 8 y el 15 de septiembre no se celebrar\u00e1n las misas de la ma\u00f1ana, en las distintas parroquias de la Arquidi\u00f3cesis de Quito<\/strong>, para facilitar que los fieles puedan participar en las misas de inauguraci\u00f3n y de clausura del Congreso, que se realizar\u00e1n a las 10h00, y que constituir\u00e1n acontecimientos hist\u00f3ricos para la iglesia en Quito y en Ecuador.<\/p>\n<p><strong>El Congreso Eucar\u00edstico es el encuentro m\u00e1s importante de la iglesia<\/strong><\/p>\n<p>En su intervenci\u00f3n, el <strong>Nuncio Apost\u00f3lico en Ecuador, Monse\u00f1or Andr\u00e9s Carrascosa Coso<\/strong>, destac\u00f3 que <strong>un Congreso Eucar\u00edstico es el encuentro m\u00e1s importante de la Iglesia y que, regresa a Am\u00e9rica Latina a los 20 a\u00f1os<\/strong>, luego de que el anterior Congreso se llev\u00f3 a cabo en la ciudad de Guadalajara, M\u00e9xico, en 2004.<\/p>\n<p>Explic\u00f3 tambi\u00e9n que <strong>el Legado del Papa Francisco para el Congreso ser\u00e1 el Cardenal Baltazar Porras Cardozo<\/strong>, Arzobispo em\u00e9rito de Caracas, en reemplazo del Cardenal Kevin Farrel, quien no podr\u00e1 venir por que sufri\u00f3 un \u201cquebranto en su estado de salud, por lo que tuvo que ser hospitalizado\u201d.<\/p>\n<p>Seg\u00fan dijo, <strong>el nuevo Legado Pontificio \u201cconoce muy bien Am\u00e9rica Latina, Ecuador y -de manera particular- Quito<\/strong>, quien llegar\u00e1 el s\u00e1bado 7 de septiembre y en una celebraci\u00f3n de V\u00edsperas que se llevar\u00e1 a cabo en la Catedral Metropolitana de Quito, a las 17h00, presentar\u00e1 la carta de delegaci\u00f3n del Santo Padre, momento desde el cual iniciar\u00e1 su misi\u00f3n de presidir el Congreso y la misa de clausura o Statio Orbis, el domingo 15 de septiembre.<\/p>\n<p>El representante de la Santa Sede en Ecuador dio a conocer tambi\u00e9n que el Papa Francisco no podr\u00e1 venir a presidir la solemne Statio Orbis, en raz\u00f3n del viaje pastoral que realizar\u00e1 por varios pa\u00edses de Asia, Indonesia, Timor Oriental, Pap\u00faa, Nueva Guinea y Singapur.<\/p>\n<p><strong>Quito se siente orgullosa de ser sede del Congreso Eucar\u00edstico<\/strong><\/p>\n<p>De su lado, el alcalde de Quito, Pabel Mu\u00f1oz, destac\u00f3 que <strong>la capital de los ecuatorianos se siente feliz y orgullosa de ser sede del 53\u00b0 Congreso Eucar\u00edstico Internacional<\/strong> y que por ello se ha venido trabajando, juntamente con la comisi\u00f3n organizadora, para recibir con la hospitalidad que le caracteriza al pueblo quite\u00f1o a las delegaciones internacionales y nacionales que participar\u00e1n en este gran encuentro eclesial.<\/p>\n<p><strong>\u201cQuito se convierte en la sede mundial y en la sede para Am\u00e9rica Latina de este evento muy importante\u201d<\/strong>, dijo el burgomaestre quite\u00f1o, quien enfatiz\u00f3 que la ciudad est\u00e1 preparada para recibir con mucho afecto a todos los visitantes.\u00a0 <strong>\u201cEl \u00fanico riesgo que existe es que la gente quiera quedarse o que quiera regresar lo m\u00e1s pronto a Quito\u201d<\/strong>, destac\u00f3, dejando entrever que la ciudad ofrecer\u00e1 todas las medidas de seguridad.<\/p>\n<p>El alcalde capitalino remarc\u00f3 tambi\u00e9n que <strong>el tema escogido para este Congreso es de fundamental importancia, porque la fraternidad puede sanar las heridas que sufre el pa\u00eds y el mundo<\/strong>, por la fragmentaci\u00f3n social, la polarizaci\u00f3n y por la masa de excluidos que sigue generando la sociedad.<\/p>\n<p>As\u00ed tambi\u00e9n, anunci\u00f3 que el tema del Congreso, <strong>\u201cFraternidad para sanar el mundo\u201d ser\u00e1 socializado tambi\u00e9n en el \u00e1mbito laical desde la municipalidad quite\u00f1a.<\/strong><\/p>\n<p>Adem\u00e1s, inform\u00f3 que, con ocasi\u00f3n de este gran encuentro internacional, la Empresa Metropolitana de Movilidad y la Empresa Metro de Quito pondr\u00e1n a disposici\u00f3n de los miles de visitantes una tarjeta prepagada, con diferentes montos, para que puedan movilizarse en el Metro de Quito.<\/p>\n<p><strong>Quito, ciudad eucar\u00edstica, en la Mitad del Mundo <\/strong><\/p>\n<p>En la rueda de prensa participaron tambi\u00e9n Jos\u00e9 Luis \u00c1lvarez y Mar\u00eda Elena Alsina, fieles laicos, quienes a su turno destacaron que este encuentro est\u00e1 abierto para todos los fieles cat\u00f3licos, as\u00ed como para quienes no compartan la fe, porque la fraternidad es universal.<\/p>\n<p>Entre tanto, el <strong>P. Juan Carlos Garz\u00f3n, Secretario General del IEC 2024, dio a conocer los detalles de la programaci\u00f3n del Congreso<\/strong> y destac\u00f3 que en la misa inaugural, programada para el domingo 8 de septiembre, desde las 10h00, alrededor de 1700 ni\u00f1os y ni\u00f1as de varias parroquias de la Arquidi\u00f3cesis de Quito recibir\u00e1n su Primera Comuni\u00f3n. Entre tanto que, la misa de clausura o Statio Orbis, que se celebrar\u00e1 el domingo 15 de septiembre, a la misma hora, ser\u00e1 presidida por el Legado Pontificio, el Cardenal Baltazar Porras Cardozo, Arzobispo em\u00e9rito de Caracas, Venezuela.<\/p>\n<p><strong>El d\u00eda a d\u00eda del IEC 2024<\/strong><\/p>\n<p>El Congreso Eucar\u00edstico Internacional ofrecer\u00e1 una nutrida agenda de conferencias, testimonios, di\u00e1logos, actividades culturales, art\u00edsticas en torno al tema central <strong>\u201cFraternidad para sanar el mundo\u201d. <\/strong><\/p>\n<p><strong>Lunes 09 de septiembre: Mundo Herido <\/strong><\/p>\n<p>El Congreso Eucar\u00edstico Internacional abre sus reflexiones sobre las <strong>heridas personales y del mundo, que la sociedad enfrenta cada d\u00eda<\/strong>. Este tema ser\u00e1 abordado por Juan Manuel Cotelo, cineasta cat\u00f3lico espa\u00f1ol. Luego se realizar\u00e1 un conversatorio, con la intervenci\u00f3n del secretario del Pontificio Consejo para Am\u00e9rica Latina, Dr. Rodrigo Guerra y del alcalde de Quito, Pabel Mu\u00f1oz, quien se referir\u00e1 a las heridas de la ciudad.<\/p>\n<p><strong>Martes 10 de septiembre: Fraternidad redimida en Cristo <\/strong><\/p>\n<p>La fraternidad humana, aunque muchas veces herida por el pecado y las divisiones, encuentra en Cristo una fuente de redenci\u00f3n y renovaci\u00f3n. Quien expondr\u00e1 este tema ser\u00e1 la Hna. Daniela Cannavina, secretaria general de la Confederaci\u00f3n Latinoamericana de Religiosos, CLAR. Tambi\u00e9n se compartir\u00e1n los<strong> testimonios de vida de grandes testigos de la fe, como Fray Antonio de Montesinos OP, Monse\u00f1or \u00d3scar Arnulfo Romero y Monse\u00f1or Leonidas Proa\u00f1o.<\/strong><\/p>\n<p><strong>Cine Foro:<\/strong> Juan Manuel Cotelo presentar\u00e1 su <strong>pel\u00edcula \u201cEl Mayor Regalo\u201d<\/strong> en un cine foro que se llevar\u00e1 a cabo en el Centro de Convenciones Metropolitano de Quito a las 18h00.<\/p>\n<p><strong>Mi\u00e9rcoles 11 de septiembre: Eucarist\u00eda y transfiguraci\u00f3n del mundo <\/strong><\/p>\n<p>Esta tem\u00e1tica ser\u00e1 desarrollada por Mons. Andrew Cozzens, Obispo de Crookston, Minnesota, quien presidi\u00f3 la Junta del Congreso Eucar\u00edstico Nacional en EEUU.<\/p>\n<p>Por la tarde, Mons. Jos\u00e9 Ignacio Munilla disertar\u00e1 sobre el tema <strong>\u201cEl Sagrado coraz\u00f3n de Jes\u00fas, exigencia de fraternidad\u201d<\/strong>.<\/p>\n<p><strong>Jueves 12 de septiembre: Una Iglesia Sinodal <\/strong><\/p>\n<p>Los expositores que desarrollar\u00e1n este tema ser\u00e1n el Cardenal Mauro Gambetti, Vicario General de Su Santidad para el Estado de la Ciudad del Vaticano, en conjunto con Mary Wu, asesora del Consejo de Apostolado Laico de la Arquidi\u00f3cesis de Taip\u00e9i, China.<\/p>\n<p><strong>Misas por Idiomas:<\/strong> En varias iglesias del centro hist\u00f3rico de Quito, desde las 18h00, se celebrar\u00e1n misas en diferentes idiomas, como: ingl\u00e9s, franc\u00e9s, italiano, alem\u00e1n, kichwa, portugu\u00e9s y chino.<\/p>\n<p><strong>Viernes 13 de septiembre: Eucarist\u00eda: Salmo de Fraternidad <\/strong><\/p>\n<p>La Eucarist\u00eda es la m\u00e1xima expresi\u00f3n de la gratitud y comuni\u00f3n con Dios y con los dem\u00e1s. Esta tem\u00e1tica ser\u00e1 abordada por Pablo Mart\u00ednez (Argentina).<\/p>\n<p><strong>Concierto juvenil:<\/strong> El cantautor cat\u00f3lico Pablo Mart\u00ednez (Argentina) visitar\u00e1 Ecuador con motivo del IEC 2024 y compartir\u00e1 su m\u00fasica con los j\u00f3venes de la capital, acompa\u00f1ado de agrupaciones como Solideo, Los Padrecitos y el cantautor Marco Antonio Esp\u00edn. Este recital se tomar\u00e1 el CCMQ en lo que ser\u00e1 una jornada de adoraci\u00f3n musical desde las 17h00.<\/p>\n<p><strong>Charla &#8211; La Pedagog\u00eda del Coraz\u00f3n:<\/strong> El Obispo de Orihuela-Alicante, Mons. Ignacio Munilla, ofrecer\u00e1 una charla titulada <strong>\u201cLa Pedagog\u00eda del Coraz\u00f3n\u201d<\/strong>, dirigida a educadores, padres de familia y p\u00fablico en general. Esta charla se realizar\u00e1 en la Bas\u00edlica de la Dolorosa a las 18h00.<\/p>\n<p>Finalmente, destac\u00f3 que habr\u00e1 una serie de actividades que son abiertas a la participaci\u00f3n de todos los fieles, como las celebraciones masivas del domingo 8 de septiembre (eucarist\u00eda inaugural); el domingo 15 de septiembre (Eucarist\u00eda Statio Orbis); s\u00e1bado 14 de septiembre (Eucarist\u00eda y procesi\u00f3n) y las Eucarist\u00edas en distintos idiomas, que se celebrar\u00e1n el jueves 12 de septiembre.<\/p>\n","protected":false},"excerpt":{"rendered":"<p>Todo se encuentra listo para vivir en Quito la mayor experiencia de fe en torno a la Eucarist\u00eda, en un ambiente de fraterna unidad de la iglesia Universal.\u00a0 As\u00ed expres\u00f3 el Arzobispo Metropolitano de Quito y Primado del Ecuador, Monse\u00f1or Alfredo Espinoza Mateus, SDB, durante una rueda de prensa que se cumpli\u00f3 la ma\u00f1ana de [&hellip;]<\/p>\n","protected":false},"author":7,"featured_media":20823,"comment_status":"closed","ping_status":"closed","sticky":false,"template":"","format":"standard","meta":{"footnotes":""},"categories":[34],"tags":[],"acf":[],"yoast_head":"<!-- This site is optimized with the Yoast SEO plugin v21.1 - https:\/\/yoast.com\/wordpress\/plugins\/seo\/ -->\n<title>Todo listo para vivir el 53 \u00b0 Congreso Eucar\u00edstico Internacional en Quito - IEC 2024<\/title>\n<meta name=\"robots\" content=\"index, follow, max-snippet:-1, max-image-preview:large, max-video-preview:-1\" \/>\n<link rel=\"canonical\" href=\"https:\/\/www.iec2024.ec\/it\/todo-listo-para-vivir-el-iec2024\/\" \/>\n<meta property=\"og:locale\" content=\"it_IT\" \/>\n<meta property=\"og:type\" content=\"article\" \/>\n<meta property=\"og:title\" content=\"Todo listo para vivir el 53 \u00b0 Congreso Eucar\u00edstico Internacional en Quito - IEC 2024\" \/>\n<meta property=\"og:description\" content=\"Todo se encuentra listo para vivir en Quito la mayor experiencia de fe en torno a la Eucarist\u00eda, en un ambiente de fraterna unidad de la iglesia Universal.\u00a0 As\u00ed expres\u00f3 el Arzobispo Metropolitano de Quito y Primado del Ecuador, Monse\u00f1or Alfredo Espinoza Mateus, SDB, durante una rueda de prensa que se cumpli\u00f3 la ma\u00f1ana de [&hellip;]\" \/>\n<meta property=\"og:url\" content=\"https:\/\/www.iec2024.ec\/it\/todo-listo-para-vivir-el-iec2024\/\" \/>\n<meta property=\"og:site_name\" content=\"IEC 2024\" \/>\n<meta property=\"article:published_time\" content=\"2024-08-29T21:18:59+00:00\" \/>\n<meta name=\"author\" content=\"J Marmol\" \/>\n<meta name=\"twitter:card\" content=\"summary_large_image\" \/>\n<meta name=\"twitter:label1\" content=\"Scritto da\" \/>\n\t<meta name=\"twitter:data1\" content=\"J Marmol\" \/>\n\t<meta name=\"twitter:label2\" content=\"Tempo di lettura stimato\" \/>\n\t<meta name=\"twitter:data2\" content=\"8 minuti\" \/>\n<script type=\"application\/ld+json\" class=\"yoast-schema-graph\">{\"@context\":\"https:\/\/schema.org\",\"@graph\":[{\"@type\":\"Article\",\"@id\":\"https:\/\/www.iec2024.ec\/it\/todo-listo-para-vivir-el-iec2024\/#article\",\"isPartOf\":{\"@id\":\"https:\/\/www.iec2024.ec\/it\/todo-listo-para-vivir-el-iec2024\/\"},\"author\":{\"name\":\"J Marmol\",\"@id\":\"https:\/\/www.iec2024.ec\/it\/#\/schema\/person\/4a909b0744c848e07c246ad3068fce1a\"},\"headline\":\"Todo listo para vivir el 53 \u00b0 Congreso Eucar\u00edstico Internacional en Quito\",\"datePublished\":\"2024-08-29T21:18:59+00:00\",\"dateModified\":\"2024-08-29T21:18:59+00:00\",\"mainEntityOfPage\":{\"@id\":\"https:\/\/www.iec2024.ec\/it\/todo-listo-para-vivir-el-iec2024\/\"},\"wordCount\":1551,\"publisher\":{\"@id\":\"https:\/\/www.iec2024.ec\/it\/#organization\"},\"articleSection\":[\"Notizia\"],\"inLanguage\":\"it-IT\"},{\"@type\":\"WebPage\",\"@id\":\"https:\/\/www.iec2024.ec\/it\/todo-listo-para-vivir-el-iec2024\/\",\"url\":\"https:\/\/www.iec2024.ec\/it\/todo-listo-para-vivir-el-iec2024\/\",\"name\":\"Todo listo para vivir el 53 \u00b0 Congreso Eucar\u00edstico Internacional en Quito - IEC 2024\",\"isPartOf\":{\"@id\":\"https:\/\/www.iec2024.ec\/it\/#website\"},\"datePublished\":\"2024-08-29T21:18:59+00:00\",\"dateModified\":\"2024-08-29T21:18:59+00:00\",\"breadcrumb\":{\"@id\":\"https:\/\/www.iec2024.ec\/it\/todo-listo-para-vivir-el-iec2024\/#breadcrumb\"},\"inLanguage\":\"it-IT\",\"potentialAction\":[{\"@type\":\"ReadAction\",\"target\":[\"https:\/\/www.iec2024.ec\/it\/todo-listo-para-vivir-el-iec2024\/\"]}]},{\"@type\":\"BreadcrumbList\",\"@id\":\"https:\/\/www.iec2024.ec\/it\/todo-listo-para-vivir-el-iec2024\/#breadcrumb\",\"itemListElement\":[{\"@type\":\"ListItem\",\"position\":1,\"name\":\"Portada\",\"item\":\"https:\/\/www.iec2024.ec\/it\/\"},{\"@type\":\"ListItem\",\"position\":2,\"name\":\"Todo listo para vivir el 53 \u00b0 Congreso Eucar\u00edstico Internacional en Quito\"}]},{\"@type\":\"WebSite\",\"@id\":\"https:\/\/www.iec2024.ec\/it\/#website\",\"url\":\"https:\/\/www.iec2024.ec\/it\/\",\"name\":\"IEC 2024\",\"description\":\"\",\"publisher\":{\"@id\":\"https:\/\/www.iec2024.ec\/it\/#organization\"},\"potentialAction\":[{\"@type\":\"SearchAction\",\"target\":{\"@type\":\"EntryPoint\",\"urlTemplate\":\"https:\/\/www.iec2024.ec\/it\/?s={search_term_string}\"},\"query-input\":\"required name=search_term_string\"}],\"inLanguage\":\"it-IT\"},{\"@type\":\"Organization\",\"@id\":\"https:\/\/www.iec2024.ec\/it\/#organization\",\"name\":\"IEC 2024\",\"url\":\"https:\/\/www.iec2024.ec\/it\/\",\"logo\":{\"@type\":\"ImageObject\",\"inLanguage\":\"it-IT\",\"@id\":\"https:\/\/www.iec2024.ec\/it\/#\/schema\/logo\/image\/\",\"url\":\"https:\/\/www.iec2024.ec\/wp-content\/uploads\/2024\/01\/cropped-logo-2024.png\",\"contentUrl\":\"https:\/\/www.iec2024.ec\/wp-content\/uploads\/2024\/01\/cropped-logo-2024.png\",\"width\":1277,\"height\":332,\"caption\":\"IEC 2024\"},\"image\":{\"@id\":\"https:\/\/www.iec2024.ec\/it\/#\/schema\/logo\/image\/\"}},{\"@type\":\"Person\",\"@id\":\"https:\/\/www.iec2024.ec\/it\/#\/schema\/person\/4a909b0744c848e07c246ad3068fce1a\",\"name\":\"J Marmol\",\"image\":{\"@type\":\"ImageObject\",\"inLanguage\":\"it-IT\",\"@id\":\"https:\/\/www.iec2024.ec\/it\/#\/schema\/person\/image\/\",\"url\":\"https:\/\/secure.gravatar.com\/avatar\/0ffa1380326faa52bdc3089d469efedc?s=96&d=mm&r=g\",\"contentUrl\":\"https:\/\/secure.gravatar.com\/avatar\/0ffa1380326faa52bdc3089d469efedc?s=96&d=mm&r=g\",\"caption\":\"J Marmol\"},\"url\":\"https:\/\/www.iec2024.ec\/it\/author\/jmarmol\/\"}]}<\/script>\n<!-- \/ Yoast SEO plugin. -->","yoast_head_json":{"title":"Todo listo para vivir el 53 \u00b0 Congreso Eucar\u00edstico Internacional en Quito - IEC 2024","robots":{"index":"index","follow":"follow","max-snippet":"max-snippet:-1","max-image-preview":"max-image-preview:large","max-video-preview":"max-video-preview:-1"},"canonical":"https:\/\/www.iec2024.ec\/it\/todo-listo-para-vivir-el-iec2024\/","og_locale":"it_IT","og_type":"article","og_title":"Todo listo para vivir el 53 \u00b0 Congreso Eucar\u00edstico Internacional en Quito - IEC 2024","og_description":"Todo se encuentra listo para vivir en Quito la mayor experiencia de fe en torno a la Eucarist\u00eda, en un ambiente de fraterna unidad de la iglesia Universal.\u00a0 As\u00ed expres\u00f3 el Arzobispo Metropolitano de Quito y Primado del Ecuador, Monse\u00f1or Alfredo Espinoza Mateus, SDB, durante una rueda de prensa que se cumpli\u00f3 la ma\u00f1ana de [&hellip;]","og_url":"https:\/\/www.iec2024.ec\/it\/todo-listo-para-vivir-el-iec2024\/","og_site_name":"IEC 2024","article_published_time":"2024-08-29T21:18:59+00:00","author":"J Marmol","twitter_card":"summary_large_image","twitter_misc":{"Scritto da":"J Marmol","Tempo di lettura stimato":"8 minuti"},"schema":{"@context":"https:\/\/schema.org","@graph":[{"@type":"Article","@id":"https:\/\/www.iec2024.ec\/it\/todo-listo-para-vivir-el-iec2024\/#article","isPartOf":{"@id":"https:\/\/www.iec2024.ec\/it\/todo-listo-para-vivir-el-iec2024\/"},"author":{"name":"J Marmol","@id":"https:\/\/www.iec2024.ec\/it\/#\/schema\/person\/4a909b0744c848e07c246ad3068fce1a"},"headline":"Todo listo para vivir el 53 \u00b0 Congreso Eucar\u00edstico Internacional en Quito","datePublished":"2024-08-29T21:18:59+00:00","dateModified":"2024-08-29T21:18:59+00:00","mainEntityOfPage":{"@id":"https:\/\/www.iec2024.ec\/it\/todo-listo-para-vivir-el-iec2024\/"},"wordCount":1551,"publisher":{"@id":"https:\/\/www.iec2024.ec\/it\/#organization"},"articleSection":["Notizia"],"inLanguage":"it-IT"},{"@type":"WebPage","@id":"https:\/\/www.iec2024.ec\/it\/todo-listo-para-vivir-el-iec2024\/","url":"https:\/\/www.iec2024.ec\/it\/todo-listo-para-vivir-el-iec2024\/","name":"Todo listo para vivir el 53 \u00b0 Congreso Eucar\u00edstico Internacional en Quito - IEC 2024","isPartOf":{"@id":"https:\/\/www.iec2024.ec\/it\/#website"},"datePublished":"2024-08-29T21:18:59+00:00","dateModified":"2024-08-29T21:18:59+00:00","breadcrumb":{"@id":"https:\/\/www.iec2024.ec\/it\/todo-listo-para-vivir-el-iec2024\/#breadcrumb"},"inLanguage":"it-IT","potentialAction":[{"@type":"ReadAction","target":["https:\/\/www.iec2024.ec\/it\/todo-listo-para-vivir-el-iec2024\/"]}]},{"@type":"BreadcrumbList","@id":"https:\/\/www.iec2024.ec\/it\/todo-listo-para-vivir-el-iec2024\/#breadcrumb","itemListElement":[{"@type":"ListItem","position":1,"name":"Portada","item":"https:\/\/www.iec2024.ec\/it\/"},{"@type":"ListItem","position":2,"name":"Todo listo para vivir el 53 \u00b0 Congreso Eucar\u00edstico Internacional en Quito"}]},{"@type":"WebSite","@id":"https:\/\/www.iec2024.ec\/it\/#website","url":"https:\/\/www.iec2024.ec\/it\/","name":"IEC 2024","description":"","publisher":{"@id":"https:\/\/www.iec2024.ec\/it\/#organization"},"potentialAction":[{"@type":"SearchAction","target":{"@type":"EntryPoint","urlTemplate":"https:\/\/www.iec2024.ec\/it\/?s={search_term_string}"},"query-input":"required name=search_term_string"}],"inLanguage":"it-IT"},{"@type":"Organization","@id":"https:\/\/www.iec2024.ec\/it\/#organization","name":"IEC 2024","url":"https:\/\/www.iec2024.ec\/it\/","logo":{"@type":"ImageObject","inLanguage":"it-IT","@id":"https:\/\/www.iec2024.ec\/it\/#\/schema\/logo\/image\/","url":"https:\/\/www.iec2024.ec\/wp-content\/uploads\/2024\/01\/cropped-logo-2024.png","contentUrl":"https:\/\/www.iec2024.ec\/wp-content\/uploads\/2024\/01\/cropped-logo-2024.png","width":1277,"height":332,"caption":"IEC 2024"},"image":{"@id":"https:\/\/www.iec2024.ec\/it\/#\/schema\/logo\/image\/"}},{"@type":"Person","@id":"https:\/\/www.iec2024.ec\/it\/#\/schema\/person\/4a909b0744c848e07c246ad3068fce1a","name":"J Marmol","image":{"@type":"ImageObject","inLanguage":"it-IT","@id":"https:\/\/www.iec2024.ec\/it\/#\/schema\/person\/image\/","url":"https:\/\/secure.gravatar.com\/avatar\/0ffa1380326faa52bdc3089d469efedc?s=96&d=mm&r=g","contentUrl":"https:\/\/secure.gravatar.com\/avatar\/0ffa1380326faa52bdc3089d469efedc?s=96&d=mm&r=g","caption":"J Marmol"},"url":"https:\/\/www.iec2024.ec\/it\/author\/jmarmol\/"}]}},"_links":{"self":[{"href":"https:\/\/www.iec2024.ec\/it\/wp-json\/wp\/v2\/posts\/21050"}],"collection":[{"href":"https:\/\/www.iec2024.ec\/it\/wp-json\/wp\/v2\/posts"}],"about":[{"href":"https:\/\/www.iec2024.ec\/it\/wp-json\/wp\/v2\/types\/post"}],"author":[{"embeddable":true,"href":"https:\/\/www.iec2024.ec\/it\/wp-json\/wp\/v2\/users\/7"}],"replies":[{"embeddable":true,"href":"https:\/\/www.iec2024.ec\/it\/wp-json\/wp\/v2\/comments?post=21050"}],"version-history":[{"count":0,"href":"https:\/\/www.iec2024.ec\/it\/wp-json\/wp\/v2\/posts\/21050\/revisions"}],"wp:featuredmedia":[{"embeddable":true,"href":"https:\/\/www.iec2024.ec\/it\/wp-json\/wp\/v2\/media\/20823"}],"wp:attachment":[{"href":"https:\/\/www.iec2024.ec\/it\/wp-json\/wp\/v2\/media?parent=21050"}],"wp:term":[{"taxonomy":"category","embeddable":true,"href":"https:\/\/www.iec2024.ec\/it\/wp-json\/wp\/v2\/categories?post=21050"},{"taxonomy":"post_tag","embeddable":true,"href":"https:\/\/www.iec2024.ec\/it\/wp-json\/wp\/v2\/tags?post=21050"}],"curies":[{"name":"wp","href":"https:\/\/api.w.org\/{rel}","templated":true}]}}