{"id":21057,"date":"2024-08-24T13:55:58","date_gmt":"2024-08-24T18:55:58","guid":{"rendered":"https:\/\/www.iec2024.ec\/cardenal-baltazar-porras-sera-legado-pontificio-en-iec-2024\/"},"modified":"2024-08-24T13:55:58","modified_gmt":"2024-08-24T18:55:58","slug":"cardenal-baltazar-porras-sera-legado-pontificio-en-iec-2024","status":"publish","type":"post","link":"https:\/\/www.iec2024.ec\/it\/cardenal-baltazar-porras-sera-legado-pontificio-en-iec-2024\/","title":{"rendered":"Papa Francisco nombra al Cardenal Baltazar Porras como Legado Pontificio para el IEC 2024"},"content":{"rendered":"<p>El <strong>Cardenal Baltazar Porras Cardozo<\/strong>, Arzobispo Em\u00e9rito de Caracas (Venezuela) ser\u00e1 el <strong>Legado Pontificio para el Congreso Eucar\u00edstico Internacional Quito 2024<\/strong>, que se realizar\u00e1 en Ecuador del 8 al 15 de septiembre pr\u00f3ximo. El nombramiento realizado por el <strong>Papa Francisco<\/strong> fue anunciado la ma\u00f1ana de este s\u00e1bado 24 de agosto, por la Oficina de Prensa de la Santa Sede.<\/p>\n<p>El Legado del Santo Padre para el IEC 2024 es <strong>miembro de la Pontificia Comisi\u00f3n para Am\u00e9rica Latina y de los Dicasterios para el Clero; Laicos, la Familia y la Vida; y Cultura y la Educaci\u00f3n<\/strong>.<\/p>\n<p><a href=\"https:\/\/press.vatican.va\/content\/salastampa\/it\/bollettino\/pubblico\/2024\/08\/24\/0627\/01277.html#legato\">La nota publicada por la <strong>Oficina de Prensa del Vaticano<\/strong><\/a> se\u00f1ala que \u201c<strong>El Santo Padre ha nombrado a Su Eminencia el Cardenal Baltazar Enrique Porras Cardozo, Arzobispo em\u00e9rito de Caracas, Legado Papal para el 53\u00ba Congreso Eucar\u00edstico Internacional<\/strong>, que se celebrar\u00e1 en Quito, en el 150\u00ba aniversario de la consagraci\u00f3n del Ecuador al Sagrado Coraz\u00f3n de Jes\u00fas, del 8 al 15 de septiembre de 2024, \u00faltimo domingo en el que se celebrar\u00e1 la <strong>&#8220;Statio Orbis&#8221;<\/strong>.<\/p>\n<p>El Legado Pontificio presidir\u00e1 la solemne misa de clausura del <strong>53\u00b0 Congreso Eucar\u00edstico Internacional<\/strong> o <strong>\u201cStatio Orbis\u201d<\/strong>, que significa \u201cestaci\u00f3n del mundo\u201d, una parada, una pausa que hace el mundo cristiano ante la Eucarist\u00eda.<\/p>\n<p>La <strong>Statio Orbis es un momento \u201cpara hacer un balance del camino recorrido y recuperar fuerzas hacia metas futuras de la historia y el tiempo\u201d<\/strong>, porque solo en la Eucarist\u00eda, que para los cristianos es el Cuerpo de Cristo, se encuentra la salvaci\u00f3n.<\/p>\n<p><strong>Desde 1960, los Congresos Eucar\u00edsticos Internacionales se llaman Statio Orbis<\/strong>, con la celebraci\u00f3n de la Eucarist\u00eda como centro y v\u00e9rtice culminante de todas las diversas manifestaciones y formas de devoci\u00f3n eucar\u00edstica.<\/p>\n<p><strong>Cardenal Baltazar Porras Cardoso <\/strong><\/p>\n<p>El <strong>Cardenal Baltazar Enrique Porras Cardozo<\/strong> naci\u00f3 en Caracas, Venezuela, el 10 de octubre de 1944. Fue ordenado sacerdote el 30 de julio de 1967 y el 30 de julio de 1983 fue nombrado Obispo Auxiliar de M\u00e9rida. \u00a0El 30 de octubre de 1991 fue nombrado Arzobispo de M\u00e9rida. El 19 de noviembre de 2016 fue <strong>creado Cardenal por el Papa Francisco<\/strong>.<\/p>\n<p>Entre 2018 y 2023 fue administrador apost\u00f3lico de la <strong>Arquidi\u00f3cesis de Caracas<\/strong>, luego de lo cual fue nombrado Arzobispo Metropolitano de Caracas, hasta junio de 2024, en que el Papa Francisco acept\u00f3 su renuncia, por l\u00edmite de edad.<\/p>\n<p>En 2019, el <strong>Cardenal Baltazar Porras fue Presidente delegado en el S\u00ednodo de la Amazon\u00eda en el Vaticano<\/strong>.<\/p>\n","protected":false},"excerpt":{"rendered":"<p>El Cardenal Baltazar Porras Cardozo, Arzobispo Em\u00e9rito de Caracas (Venezuela) ser\u00e1 el Legado Pontificio para el Congreso Eucar\u00edstico Internacional Quito 2024, que se realizar\u00e1 en Ecuador del 8 al 15 de septiembre pr\u00f3ximo. El nombramiento realizado por el Papa Francisco fue anunciado la ma\u00f1ana de este s\u00e1bado 24 de agosto, por la Oficina de Prensa [&hellip;]<\/p>\n","protected":false},"author":7,"featured_media":20446,"comment_status":"closed","ping_status":"closed","sticky":false,"template":"","format":"standard","meta":{"footnotes":""},"categories":[34],"tags":[],"acf":[],"yoast_head":"<!-- This site is optimized with the Yoast SEO plugin v21.1 - https:\/\/yoast.com\/wordpress\/plugins\/seo\/ -->\n<title>Papa Francisco nombra al Cardenal Baltazar Porras como Legado Pontificio para el IEC 2024 - IEC 2024<\/title>\n<meta name=\"robots\" content=\"index, follow, max-snippet:-1, max-image-preview:large, max-video-preview:-1\" \/>\n<link rel=\"canonical\" href=\"https:\/\/www.iec2024.ec\/it\/cardenal-baltazar-porras-sera-legado-pontificio-en-iec-2024\/\" \/>\n<meta property=\"og:locale\" content=\"it_IT\" \/>\n<meta property=\"og:type\" content=\"article\" \/>\n<meta property=\"og:title\" content=\"Papa Francisco nombra al Cardenal Baltazar Porras como Legado Pontificio para el IEC 2024 - IEC 2024\" \/>\n<meta property=\"og:description\" content=\"El Cardenal Baltazar Porras Cardozo, Arzobispo Em\u00e9rito de Caracas (Venezuela) ser\u00e1 el Legado Pontificio para el Congreso Eucar\u00edstico Internacional Quito 2024, que se realizar\u00e1 en Ecuador del 8 al 15 de septiembre pr\u00f3ximo. El nombramiento realizado por el Papa Francisco fue anunciado la ma\u00f1ana de este s\u00e1bado 24 de agosto, por la Oficina de Prensa [&hellip;]\" \/>\n<meta property=\"og:url\" content=\"https:\/\/www.iec2024.ec\/it\/cardenal-baltazar-porras-sera-legado-pontificio-en-iec-2024\/\" \/>\n<meta property=\"og:site_name\" content=\"IEC 2024\" \/>\n<meta property=\"article:published_time\" content=\"2024-08-24T18:55:58+00:00\" \/>\n<meta name=\"author\" content=\"J Marmol\" \/>\n<meta name=\"twitter:card\" content=\"summary_large_image\" \/>\n<meta name=\"twitter:label1\" content=\"Scritto da\" \/>\n\t<meta name=\"twitter:data1\" content=\"J Marmol\" \/>\n\t<meta name=\"twitter:label2\" content=\"Tempo di lettura stimato\" \/>\n\t<meta name=\"twitter:data2\" content=\"2 minuti\" \/>\n<script type=\"application\/ld+json\" class=\"yoast-schema-graph\">{\"@context\":\"https:\/\/schema.org\",\"@graph\":[{\"@type\":\"Article\",\"@id\":\"https:\/\/www.iec2024.ec\/it\/cardenal-baltazar-porras-sera-legado-pontificio-en-iec-2024\/#article\",\"isPartOf\":{\"@id\":\"https:\/\/www.iec2024.ec\/it\/cardenal-baltazar-porras-sera-legado-pontificio-en-iec-2024\/\"},\"author\":{\"name\":\"J Marmol\",\"@id\":\"https:\/\/www.iec2024.ec\/it\/#\/schema\/person\/4a909b0744c848e07c246ad3068fce1a\"},\"headline\":\"Papa Francisco nombra al Cardenal Baltazar Porras como Legado Pontificio para el IEC 2024\",\"datePublished\":\"2024-08-24T18:55:58+00:00\",\"dateModified\":\"2024-08-24T18:55:58+00:00\",\"mainEntityOfPage\":{\"@id\":\"https:\/\/www.iec2024.ec\/it\/cardenal-baltazar-porras-sera-legado-pontificio-en-iec-2024\/\"},\"wordCount\":419,\"publisher\":{\"@id\":\"https:\/\/www.iec2024.ec\/it\/#organization\"},\"articleSection\":[\"Notizia\"],\"inLanguage\":\"it-IT\"},{\"@type\":\"WebPage\",\"@id\":\"https:\/\/www.iec2024.ec\/it\/cardenal-baltazar-porras-sera-legado-pontificio-en-iec-2024\/\",\"url\":\"https:\/\/www.iec2024.ec\/it\/cardenal-baltazar-porras-sera-legado-pontificio-en-iec-2024\/\",\"name\":\"Papa Francisco nombra al Cardenal Baltazar Porras como Legado Pontificio para el IEC 2024 - IEC 2024\",\"isPartOf\":{\"@id\":\"https:\/\/www.iec2024.ec\/it\/#website\"},\"datePublished\":\"2024-08-24T18:55:58+00:00\",\"dateModified\":\"2024-08-24T18:55:58+00:00\",\"breadcrumb\":{\"@id\":\"https:\/\/www.iec2024.ec\/it\/cardenal-baltazar-porras-sera-legado-pontificio-en-iec-2024\/#breadcrumb\"},\"inLanguage\":\"it-IT\",\"potentialAction\":[{\"@type\":\"ReadAction\",\"target\":[\"https:\/\/www.iec2024.ec\/it\/cardenal-baltazar-porras-sera-legado-pontificio-en-iec-2024\/\"]}]},{\"@type\":\"BreadcrumbList\",\"@id\":\"https:\/\/www.iec2024.ec\/it\/cardenal-baltazar-porras-sera-legado-pontificio-en-iec-2024\/#breadcrumb\",\"itemListElement\":[{\"@type\":\"ListItem\",\"position\":1,\"name\":\"Portada\",\"item\":\"https:\/\/www.iec2024.ec\/it\/\"},{\"@type\":\"ListItem\",\"position\":2,\"name\":\"Papa Francisco nombra al Cardenal Baltazar Porras como Legado Pontificio para el IEC 2024\"}]},{\"@type\":\"WebSite\",\"@id\":\"https:\/\/www.iec2024.ec\/it\/#website\",\"url\":\"https:\/\/www.iec2024.ec\/it\/\",\"name\":\"IEC 2024\",\"description\":\"\",\"publisher\":{\"@id\":\"https:\/\/www.iec2024.ec\/it\/#organization\"},\"potentialAction\":[{\"@type\":\"SearchAction\",\"target\":{\"@type\":\"EntryPoint\",\"urlTemplate\":\"https:\/\/www.iec2024.ec\/it\/?s={search_term_string}\"},\"query-input\":\"required name=search_term_string\"}],\"inLanguage\":\"it-IT\"},{\"@type\":\"Organization\",\"@id\":\"https:\/\/www.iec2024.ec\/it\/#organization\",\"name\":\"IEC 2024\",\"url\":\"https:\/\/www.iec2024.ec\/it\/\",\"logo\":{\"@type\":\"ImageObject\",\"inLanguage\":\"it-IT\",\"@id\":\"https:\/\/www.iec2024.ec\/it\/#\/schema\/logo\/image\/\",\"url\":\"https:\/\/www.iec2024.ec\/wp-content\/uploads\/2024\/01\/cropped-logo-2024.png\",\"contentUrl\":\"https:\/\/www.iec2024.ec\/wp-content\/uploads\/2024\/01\/cropped-logo-2024.png\",\"width\":1277,\"height\":332,\"caption\":\"IEC 2024\"},\"image\":{\"@id\":\"https:\/\/www.iec2024.ec\/it\/#\/schema\/logo\/image\/\"}},{\"@type\":\"Person\",\"@id\":\"https:\/\/www.iec2024.ec\/it\/#\/schema\/person\/4a909b0744c848e07c246ad3068fce1a\",\"name\":\"J Marmol\",\"image\":{\"@type\":\"ImageObject\",\"inLanguage\":\"it-IT\",\"@id\":\"https:\/\/www.iec2024.ec\/it\/#\/schema\/person\/image\/\",\"url\":\"https:\/\/secure.gravatar.com\/avatar\/0ffa1380326faa52bdc3089d469efedc?s=96&d=mm&r=g\",\"contentUrl\":\"https:\/\/secure.gravatar.com\/avatar\/0ffa1380326faa52bdc3089d469efedc?s=96&d=mm&r=g\",\"caption\":\"J Marmol\"},\"url\":\"https:\/\/www.iec2024.ec\/it\/author\/jmarmol\/\"}]}<\/script>\n<!-- \/ Yoast SEO plugin. -->","yoast_head_json":{"title":"Papa Francisco nombra al Cardenal Baltazar Porras como Legado Pontificio para el IEC 2024 - IEC 2024","robots":{"index":"index","follow":"follow","max-snippet":"max-snippet:-1","max-image-preview":"max-image-preview:large","max-video-preview":"max-video-preview:-1"},"canonical":"https:\/\/www.iec2024.ec\/it\/cardenal-baltazar-porras-sera-legado-pontificio-en-iec-2024\/","og_locale":"it_IT","og_type":"article","og_title":"Papa Francisco nombra al Cardenal Baltazar Porras como Legado Pontificio para el IEC 2024 - IEC 2024","og_description":"El Cardenal Baltazar Porras Cardozo, Arzobispo Em\u00e9rito de Caracas (Venezuela) ser\u00e1 el Legado Pontificio para el Congreso Eucar\u00edstico Internacional Quito 2024, que se realizar\u00e1 en Ecuador del 8 al 15 de septiembre pr\u00f3ximo. El nombramiento realizado por el Papa Francisco fue anunciado la ma\u00f1ana de este s\u00e1bado 24 de agosto, por la Oficina de Prensa [&hellip;]","og_url":"https:\/\/www.iec2024.ec\/it\/cardenal-baltazar-porras-sera-legado-pontificio-en-iec-2024\/","og_site_name":"IEC 2024","article_published_time":"2024-08-24T18:55:58+00:00","author":"J Marmol","twitter_card":"summary_large_image","twitter_misc":{"Scritto da":"J Marmol","Tempo di lettura stimato":"2 minuti"},"schema":{"@context":"https:\/\/schema.org","@graph":[{"@type":"Article","@id":"https:\/\/www.iec2024.ec\/it\/cardenal-baltazar-porras-sera-legado-pontificio-en-iec-2024\/#article","isPartOf":{"@id":"https:\/\/www.iec2024.ec\/it\/cardenal-baltazar-porras-sera-legado-pontificio-en-iec-2024\/"},"author":{"name":"J Marmol","@id":"https:\/\/www.iec2024.ec\/it\/#\/schema\/person\/4a909b0744c848e07c246ad3068fce1a"},"headline":"Papa Francisco nombra al Cardenal Baltazar Porras como Legado Pontificio para el IEC 2024","datePublished":"2024-08-24T18:55:58+00:00","dateModified":"2024-08-24T18:55:58+00:00","mainEntityOfPage":{"@id":"https:\/\/www.iec2024.ec\/it\/cardenal-baltazar-porras-sera-legado-pontificio-en-iec-2024\/"},"wordCount":419,"publisher":{"@id":"https:\/\/www.iec2024.ec\/it\/#organization"},"articleSection":["Notizia"],"inLanguage":"it-IT"},{"@type":"WebPage","@id":"https:\/\/www.iec2024.ec\/it\/cardenal-baltazar-porras-sera-legado-pontificio-en-iec-2024\/","url":"https:\/\/www.iec2024.ec\/it\/cardenal-baltazar-porras-sera-legado-pontificio-en-iec-2024\/","name":"Papa Francisco nombra al Cardenal Baltazar Porras como Legado Pontificio para el IEC 2024 - IEC 2024","isPartOf":{"@id":"https:\/\/www.iec2024.ec\/it\/#website"},"datePublished":"2024-08-24T18:55:58+00:00","dateModified":"2024-08-24T18:55:58+00:00","breadcrumb":{"@id":"https:\/\/www.iec2024.ec\/it\/cardenal-baltazar-porras-sera-legado-pontificio-en-iec-2024\/#breadcrumb"},"inLanguage":"it-IT","potentialAction":[{"@type":"ReadAction","target":["https:\/\/www.iec2024.ec\/it\/cardenal-baltazar-porras-sera-legado-pontificio-en-iec-2024\/"]}]},{"@type":"BreadcrumbList","@id":"https:\/\/www.iec2024.ec\/it\/cardenal-baltazar-porras-sera-legado-pontificio-en-iec-2024\/#breadcrumb","itemListElement":[{"@type":"ListItem","position":1,"name":"Portada","item":"https:\/\/www.iec2024.ec\/it\/"},{"@type":"ListItem","position":2,"name":"Papa Francisco nombra al Cardenal Baltazar Porras como Legado Pontificio para el IEC 2024"}]},{"@type":"WebSite","@id":"https:\/\/www.iec2024.ec\/it\/#website","url":"https:\/\/www.iec2024.ec\/it\/","name":"IEC 2024","description":"","publisher":{"@id":"https:\/\/www.iec2024.ec\/it\/#organization"},"potentialAction":[{"@type":"SearchAction","target":{"@type":"EntryPoint","urlTemplate":"https:\/\/www.iec2024.ec\/it\/?s={search_term_string}"},"query-input":"required name=search_term_string"}],"inLanguage":"it-IT"},{"@type":"Organization","@id":"https:\/\/www.iec2024.ec\/it\/#organization","name":"IEC 2024","url":"https:\/\/www.iec2024.ec\/it\/","logo":{"@type":"ImageObject","inLanguage":"it-IT","@id":"https:\/\/www.iec2024.ec\/it\/#\/schema\/logo\/image\/","url":"https:\/\/www.iec2024.ec\/wp-content\/uploads\/2024\/01\/cropped-logo-2024.png","contentUrl":"https:\/\/www.iec2024.ec\/wp-content\/uploads\/2024\/01\/cropped-logo-2024.png","width":1277,"height":332,"caption":"IEC 2024"},"image":{"@id":"https:\/\/www.iec2024.ec\/it\/#\/schema\/logo\/image\/"}},{"@type":"Person","@id":"https:\/\/www.iec2024.ec\/it\/#\/schema\/person\/4a909b0744c848e07c246ad3068fce1a","name":"J Marmol","image":{"@type":"ImageObject","inLanguage":"it-IT","@id":"https:\/\/www.iec2024.ec\/it\/#\/schema\/person\/image\/","url":"https:\/\/secure.gravatar.com\/avatar\/0ffa1380326faa52bdc3089d469efedc?s=96&d=mm&r=g","contentUrl":"https:\/\/secure.gravatar.com\/avatar\/0ffa1380326faa52bdc3089d469efedc?s=96&d=mm&r=g","caption":"J Marmol"},"url":"https:\/\/www.iec2024.ec\/it\/author\/jmarmol\/"}]}},"_links":{"self":[{"href":"https:\/\/www.iec2024.ec\/it\/wp-json\/wp\/v2\/posts\/21057"}],"collection":[{"href":"https:\/\/www.iec2024.ec\/it\/wp-json\/wp\/v2\/posts"}],"about":[{"href":"https:\/\/www.iec2024.ec\/it\/wp-json\/wp\/v2\/types\/post"}],"author":[{"embeddable":true,"href":"https:\/\/www.iec2024.ec\/it\/wp-json\/wp\/v2\/users\/7"}],"replies":[{"embeddable":true,"href":"https:\/\/www.iec2024.ec\/it\/wp-json\/wp\/v2\/comments?post=21057"}],"version-history":[{"count":0,"href":"https:\/\/www.iec2024.ec\/it\/wp-json\/wp\/v2\/posts\/21057\/revisions"}],"wp:featuredmedia":[{"embeddable":true,"href":"https:\/\/www.iec2024.ec\/it\/wp-json\/wp\/v2\/media\/20446"}],"wp:attachment":[{"href":"https:\/\/www.iec2024.ec\/it\/wp-json\/wp\/v2\/media?parent=21057"}],"wp:term":[{"taxonomy":"category","embeddable":true,"href":"https:\/\/www.iec2024.ec\/it\/wp-json\/wp\/v2\/categories?post=21057"},{"taxonomy":"post_tag","embeddable":true,"href":"https:\/\/www.iec2024.ec\/it\/wp-json\/wp\/v2\/tags?post=21057"}],"curies":[{"name":"wp","href":"https:\/\/api.w.org\/{rel}","templated":true}]}}