{"id":3150,"date":"2023-08-28T15:55:08","date_gmt":"2023-08-28T20:55:08","guid":{"rendered":"https:\/\/www.iec2024.ec\/recorrido-del-simbolo-del-53-congreso-eucaristico-internacional\/"},"modified":"2024-05-15T16:13:31","modified_gmt":"2024-05-15T21:13:31","slug":"recorrido-del-simbolo-del-53-congreso-eucaristico-internacional","status":"publish","type":"post","link":"https:\/\/www.iec2024.ec\/it\/recorrido-del-simbolo-del-53-congreso-eucaristico-internacional\/","title":{"rendered":"Recorrido del s\u00edmbolo del 53\u00b0 Congreso Eucar\u00edstico Internacional"},"content":{"rendered":"<p>El \u201cEvangeliario\u201d es el s\u00edmbolo del 53\u00b0 Congreso Eucar\u00edstico Internacional Quito 2024, este distintivo ha sido bendecido por el Papa Francisco y desde el d\u00eda de ma\u00f1ana, martes 29 de agosto, comenzar\u00e1 su recorrido por los principales monasterios de la capital ecuatoriana. Este s\u00edmbolo contiene evangelios de los domingos, fiestas y solemnidades.<\/p>\n<p>En su portada, el s\u00edmbolo del 53\u00b0 Congreso Eucar\u00edstico Internacional, contiene la imagen del Sagrado Coraz\u00f3n de Jes\u00fas, inspirada en la imagen obsequiada por San Pablo VI, con motivo del centenario de la Consagraci\u00f3n del Ecuador al Sagrado Coraz\u00f3n de Jes\u00fas y en la contraportada, en las cuatro esquinas, se han tallado las cuatro principales etnias del Ecuador.<\/p>\n<p>Cronograma para el recorrido del s\u00edmbolo:<\/p>\n<table>\n<tbody>\n<tr>\n<td width=\"56\">N\u00b0<\/td>\n<td width=\"94\">Fecha<\/td>\n<td width=\"241\">Monasterio<\/td>\n<td width=\"174\">Orden\/Congregaci\u00f3n<\/td>\n<\/tr>\n<tr>\n<td width=\"56\">1<\/td>\n<td width=\"94\">Martes 29 de agosto<\/td>\n<td width=\"241\">Real Monasterio de la Inmaculada Concepci\u00f3n<\/td>\n<td width=\"174\">Conceptas<\/td>\n<\/tr>\n<tr>\n<td width=\"56\">2<\/td>\n<td width=\"94\">Mi\u00e9rcoles 30 de agosto<\/td>\n<td width=\"241\">Monasterio De Santa Catalina De Siena<\/td>\n<td width=\"174\">Dominicas<\/td>\n<\/tr>\n<tr>\n<td width=\"56\">3<\/td>\n<td width=\"94\">Jueves 31 de agosto<\/td>\n<td width=\"241\">Monasterio de Santa Clara de Nuestra Se\u00f1ora del Rosario<\/td>\n<td width=\"174\">Orden de Santa Clara<\/td>\n<\/tr>\n<tr>\n<td width=\"56\">4<\/td>\n<td width=\"94\">Viernes 1 de septiembre<\/td>\n<td width=\"241\">Monasterio del Carmen Alto<\/td>\n<td width=\"174\">Carmelitas Descalzas<\/td>\n<\/tr>\n<tr>\n<td width=\"56\">5<\/td>\n<td width=\"94\">S\u00e1bado 2 de septiembre<\/td>\n<td width=\"241\">Carmen Bajo de La Sant\u00edsima Trinidad<\/td>\n<td width=\"174\">Carmelitas Descalzas<\/td>\n<\/tr>\n<tr>\n<td width=\"56\">6<\/td>\n<td width=\"94\">Domingo 3 de septiembre<\/td>\n<td width=\"241\">Monasterio de La Encarnaci\u00f3n de San Juan.<\/td>\n<td width=\"174\">Madres Agustinas<\/td>\n<\/tr>\n<tr>\n<td width=\"56\">7<\/td>\n<td width=\"94\">Lunes 4 de septiembre<\/td>\n<td width=\"241\">Monasterio Hnas. De Nuestra Se\u00f1ora de la Caridad del Buen Pastor<\/td>\n<td width=\"174\">Contemplativas del Buen Pastor<\/td>\n<\/tr>\n<tr>\n<td width=\"56\">8<\/td>\n<td width=\"94\">Martes 5 de septiembre<\/td>\n<td width=\"241\">Monasterio Hnas. De Nuestra Se\u00f1ora de la Caridad del Buen Pastor<\/td>\n<td width=\"174\">Contemplativas del Buen Pastor<\/td>\n<\/tr>\n<tr>\n<td width=\"56\">9<\/td>\n<td width=\"94\">Mi\u00e9rcoles 6 de septiembre<\/td>\n<td width=\"241\">Monasterio Hijas de la Sagrada Familia<\/td>\n<td width=\"174\">Dominicas<\/td>\n<\/tr>\n<tr>\n<td width=\"56\">10<\/td>\n<td width=\"94\">Jueves 7 de septiembre<\/td>\n<td width=\"241\">Monasterio de La Visitaci\u00f3n de Santa Mar\u00eda<\/td>\n<td width=\"174\">Orden de la Visitaci\u00f3n<\/td>\n<\/tr>\n<\/tbody>\n<\/table>\n<p>&nbsp;<\/p>\n","protected":false},"excerpt":{"rendered":"<p>El \u201cEvangeliario\u201d es el s\u00edmbolo del 53\u00b0 Congreso Eucar\u00edstico Internacional Quito 2024, este distintivo ha sido bendecido por el Papa Francisco y desde el d\u00eda de ma\u00f1ana, martes 29 de agosto, comenzar\u00e1 su recorrido por los principales monasterios de la capital ecuatoriana. Este s\u00edmbolo contiene evangelios de los domingos, fiestas y solemnidades. En su portada, [&hellip;]<\/p>\n","protected":false},"author":2,"featured_media":3154,"comment_status":"open","ping_status":"open","sticky":false,"template":"","format":"standard","meta":{"footnotes":""},"categories":[34],"tags":[],"acf":[],"yoast_head":"<!-- This site is optimized with the Yoast SEO plugin v21.1 - https:\/\/yoast.com\/wordpress\/plugins\/seo\/ -->\n<title>Recorrido del s\u00edmbolo del 53\u00b0 Congreso Eucar\u00edstico Internacional - IEC 2024<\/title>\n<meta name=\"robots\" content=\"index, follow, max-snippet:-1, max-image-preview:large, max-video-preview:-1\" \/>\n<link rel=\"canonical\" href=\"https:\/\/www.iec2024.ec\/it\/recorrido-del-simbolo-del-53-congreso-eucaristico-internacional\/\" \/>\n<meta property=\"og:locale\" content=\"it_IT\" \/>\n<meta property=\"og:type\" content=\"article\" \/>\n<meta property=\"og:title\" content=\"Recorrido del s\u00edmbolo del 53\u00b0 Congreso Eucar\u00edstico Internacional - IEC 2024\" \/>\n<meta property=\"og:description\" content=\"El \u201cEvangeliario\u201d es el s\u00edmbolo del 53\u00b0 Congreso Eucar\u00edstico Internacional Quito 2024, este distintivo ha sido bendecido por el Papa Francisco y desde el d\u00eda de ma\u00f1ana, martes 29 de agosto, comenzar\u00e1 su recorrido por los principales monasterios de la capital ecuatoriana. Este s\u00edmbolo contiene evangelios de los domingos, fiestas y solemnidades. En su portada, [&hellip;]\" \/>\n<meta property=\"og:url\" content=\"https:\/\/www.iec2024.ec\/it\/recorrido-del-simbolo-del-53-congreso-eucaristico-internacional\/\" \/>\n<meta property=\"og:site_name\" content=\"IEC 2024\" \/>\n<meta property=\"article:published_time\" content=\"2023-08-28T20:55:08+00:00\" \/>\n<meta property=\"article:modified_time\" content=\"2024-05-15T21:13:31+00:00\" \/>\n<meta property=\"og:image\" content=\"https:\/\/www.iec2024.ec\/wp-content\/uploads\/2023\/08\/WhatsApp-Image-2023-08-28-at-15.53.21.jpeg\" \/>\n\t<meta property=\"og:image:width\" content=\"1600\" \/>\n\t<meta property=\"og:image:height\" content=\"1066\" \/>\n\t<meta property=\"og:image:type\" content=\"image\/jpeg\" \/>\n<meta name=\"author\" content=\"Secretario T\u00e9cnico\" \/>\n<meta name=\"twitter:card\" content=\"summary_large_image\" \/>\n<meta name=\"twitter:label1\" content=\"Scritto da\" \/>\n\t<meta name=\"twitter:data1\" content=\"Secretario T\u00e9cnico\" \/>\n\t<meta name=\"twitter:label2\" content=\"Tempo di lettura stimato\" \/>\n\t<meta name=\"twitter:data2\" content=\"1 minuto\" \/>\n<script type=\"application\/ld+json\" class=\"yoast-schema-graph\">{\"@context\":\"https:\/\/schema.org\",\"@graph\":[{\"@type\":\"Article\",\"@id\":\"https:\/\/www.iec2024.ec\/it\/recorrido-del-simbolo-del-53-congreso-eucaristico-internacional\/#article\",\"isPartOf\":{\"@id\":\"https:\/\/www.iec2024.ec\/it\/recorrido-del-simbolo-del-53-congreso-eucaristico-internacional\/\"},\"author\":{\"name\":\"Secretario T\u00e9cnico\",\"@id\":\"https:\/\/www.iec2024.ec\/it\/#\/schema\/person\/7dc46e27a804fe39ba34935ca5284fe2\"},\"headline\":\"Recorrido del s\u00edmbolo del 53\u00b0 Congreso Eucar\u00edstico Internacional\",\"datePublished\":\"2023-08-28T20:55:08+00:00\",\"dateModified\":\"2024-05-15T21:13:31+00:00\",\"mainEntityOfPage\":{\"@id\":\"https:\/\/www.iec2024.ec\/it\/recorrido-del-simbolo-del-53-congreso-eucaristico-internacional\/\"},\"wordCount\":281,\"commentCount\":0,\"publisher\":{\"@id\":\"https:\/\/www.iec2024.ec\/it\/#organization\"},\"articleSection\":[\"Notizia\"],\"inLanguage\":\"it-IT\",\"potentialAction\":[{\"@type\":\"CommentAction\",\"name\":\"Comment\",\"target\":[\"https:\/\/www.iec2024.ec\/it\/recorrido-del-simbolo-del-53-congreso-eucaristico-internacional\/#respond\"]}]},{\"@type\":\"WebPage\",\"@id\":\"https:\/\/www.iec2024.ec\/it\/recorrido-del-simbolo-del-53-congreso-eucaristico-internacional\/\",\"url\":\"https:\/\/www.iec2024.ec\/it\/recorrido-del-simbolo-del-53-congreso-eucaristico-internacional\/\",\"name\":\"Recorrido del s\u00edmbolo del 53\u00b0 Congreso Eucar\u00edstico Internacional - IEC 2024\",\"isPartOf\":{\"@id\":\"https:\/\/www.iec2024.ec\/it\/#website\"},\"datePublished\":\"2023-08-28T20:55:08+00:00\",\"dateModified\":\"2024-05-15T21:13:31+00:00\",\"breadcrumb\":{\"@id\":\"https:\/\/www.iec2024.ec\/it\/recorrido-del-simbolo-del-53-congreso-eucaristico-internacional\/#breadcrumb\"},\"inLanguage\":\"it-IT\",\"potentialAction\":[{\"@type\":\"ReadAction\",\"target\":[\"https:\/\/www.iec2024.ec\/it\/recorrido-del-simbolo-del-53-congreso-eucaristico-internacional\/\"]}]},{\"@type\":\"BreadcrumbList\",\"@id\":\"https:\/\/www.iec2024.ec\/it\/recorrido-del-simbolo-del-53-congreso-eucaristico-internacional\/#breadcrumb\",\"itemListElement\":[{\"@type\":\"ListItem\",\"position\":1,\"name\":\"Portada\",\"item\":\"https:\/\/www.iec2024.ec\/it\/\"},{\"@type\":\"ListItem\",\"position\":2,\"name\":\"Recorrido del s\u00edmbolo del 53\u00b0 Congreso Eucar\u00edstico Internacional\"}]},{\"@type\":\"WebSite\",\"@id\":\"https:\/\/www.iec2024.ec\/it\/#website\",\"url\":\"https:\/\/www.iec2024.ec\/it\/\",\"name\":\"IEC 2024\",\"description\":\"\",\"publisher\":{\"@id\":\"https:\/\/www.iec2024.ec\/it\/#organization\"},\"potentialAction\":[{\"@type\":\"SearchAction\",\"target\":{\"@type\":\"EntryPoint\",\"urlTemplate\":\"https:\/\/www.iec2024.ec\/it\/?s={search_term_string}\"},\"query-input\":\"required name=search_term_string\"}],\"inLanguage\":\"it-IT\"},{\"@type\":\"Organization\",\"@id\":\"https:\/\/www.iec2024.ec\/it\/#organization\",\"name\":\"IEC 2024\",\"url\":\"https:\/\/www.iec2024.ec\/it\/\",\"logo\":{\"@type\":\"ImageObject\",\"inLanguage\":\"it-IT\",\"@id\":\"https:\/\/www.iec2024.ec\/it\/#\/schema\/logo\/image\/\",\"url\":\"https:\/\/www.iec2024.ec\/wp-content\/uploads\/2024\/01\/cropped-logo-2024.png\",\"contentUrl\":\"https:\/\/www.iec2024.ec\/wp-content\/uploads\/2024\/01\/cropped-logo-2024.png\",\"width\":1277,\"height\":332,\"caption\":\"IEC 2024\"},\"image\":{\"@id\":\"https:\/\/www.iec2024.ec\/it\/#\/schema\/logo\/image\/\"}},{\"@type\":\"Person\",\"@id\":\"https:\/\/www.iec2024.ec\/it\/#\/schema\/person\/7dc46e27a804fe39ba34935ca5284fe2\",\"name\":\"Secretario T\u00e9cnico\",\"image\":{\"@type\":\"ImageObject\",\"inLanguage\":\"it-IT\",\"@id\":\"https:\/\/www.iec2024.ec\/it\/#\/schema\/person\/image\/\",\"url\":\"https:\/\/secure.gravatar.com\/avatar\/67808a21710148ea0645bc85e43e21b6?s=96&d=mm&r=g\",\"contentUrl\":\"https:\/\/secure.gravatar.com\/avatar\/67808a21710148ea0645bc85e43e21b6?s=96&d=mm&r=g\",\"caption\":\"Secretario T\u00e9cnico\"},\"url\":\"https:\/\/www.iec2024.ec\/it\/author\/4dm1ns3cr3t4r10\/\"}]}<\/script>\n<!-- \/ Yoast SEO plugin. -->","yoast_head_json":{"title":"Recorrido del s\u00edmbolo del 53\u00b0 Congreso Eucar\u00edstico Internacional - IEC 2024","robots":{"index":"index","follow":"follow","max-snippet":"max-snippet:-1","max-image-preview":"max-image-preview:large","max-video-preview":"max-video-preview:-1"},"canonical":"https:\/\/www.iec2024.ec\/it\/recorrido-del-simbolo-del-53-congreso-eucaristico-internacional\/","og_locale":"it_IT","og_type":"article","og_title":"Recorrido del s\u00edmbolo del 53\u00b0 Congreso Eucar\u00edstico Internacional - IEC 2024","og_description":"El \u201cEvangeliario\u201d es el s\u00edmbolo del 53\u00b0 Congreso Eucar\u00edstico Internacional Quito 2024, este distintivo ha sido bendecido por el Papa Francisco y desde el d\u00eda de ma\u00f1ana, martes 29 de agosto, comenzar\u00e1 su recorrido por los principales monasterios de la capital ecuatoriana. Este s\u00edmbolo contiene evangelios de los domingos, fiestas y solemnidades. En su portada, [&hellip;]","og_url":"https:\/\/www.iec2024.ec\/it\/recorrido-del-simbolo-del-53-congreso-eucaristico-internacional\/","og_site_name":"IEC 2024","article_published_time":"2023-08-28T20:55:08+00:00","article_modified_time":"2024-05-15T21:13:31+00:00","og_image":[{"width":1600,"height":1066,"url":"https:\/\/www.iec2024.ec\/wp-content\/uploads\/2023\/08\/WhatsApp-Image-2023-08-28-at-15.53.21.jpeg","type":"image\/jpeg"}],"author":"Secretario T\u00e9cnico","twitter_card":"summary_large_image","twitter_misc":{"Scritto da":"Secretario T\u00e9cnico","Tempo di lettura stimato":"1 minuto"},"schema":{"@context":"https:\/\/schema.org","@graph":[{"@type":"Article","@id":"https:\/\/www.iec2024.ec\/it\/recorrido-del-simbolo-del-53-congreso-eucaristico-internacional\/#article","isPartOf":{"@id":"https:\/\/www.iec2024.ec\/it\/recorrido-del-simbolo-del-53-congreso-eucaristico-internacional\/"},"author":{"name":"Secretario T\u00e9cnico","@id":"https:\/\/www.iec2024.ec\/it\/#\/schema\/person\/7dc46e27a804fe39ba34935ca5284fe2"},"headline":"Recorrido del s\u00edmbolo del 53\u00b0 Congreso Eucar\u00edstico Internacional","datePublished":"2023-08-28T20:55:08+00:00","dateModified":"2024-05-15T21:13:31+00:00","mainEntityOfPage":{"@id":"https:\/\/www.iec2024.ec\/it\/recorrido-del-simbolo-del-53-congreso-eucaristico-internacional\/"},"wordCount":281,"commentCount":0,"publisher":{"@id":"https:\/\/www.iec2024.ec\/it\/#organization"},"articleSection":["Notizia"],"inLanguage":"it-IT","potentialAction":[{"@type":"CommentAction","name":"Comment","target":["https:\/\/www.iec2024.ec\/it\/recorrido-del-simbolo-del-53-congreso-eucaristico-internacional\/#respond"]}]},{"@type":"WebPage","@id":"https:\/\/www.iec2024.ec\/it\/recorrido-del-simbolo-del-53-congreso-eucaristico-internacional\/","url":"https:\/\/www.iec2024.ec\/it\/recorrido-del-simbolo-del-53-congreso-eucaristico-internacional\/","name":"Recorrido del s\u00edmbolo del 53\u00b0 Congreso Eucar\u00edstico Internacional - IEC 2024","isPartOf":{"@id":"https:\/\/www.iec2024.ec\/it\/#website"},"datePublished":"2023-08-28T20:55:08+00:00","dateModified":"2024-05-15T21:13:31+00:00","breadcrumb":{"@id":"https:\/\/www.iec2024.ec\/it\/recorrido-del-simbolo-del-53-congreso-eucaristico-internacional\/#breadcrumb"},"inLanguage":"it-IT","potentialAction":[{"@type":"ReadAction","target":["https:\/\/www.iec2024.ec\/it\/recorrido-del-simbolo-del-53-congreso-eucaristico-internacional\/"]}]},{"@type":"BreadcrumbList","@id":"https:\/\/www.iec2024.ec\/it\/recorrido-del-simbolo-del-53-congreso-eucaristico-internacional\/#breadcrumb","itemListElement":[{"@type":"ListItem","position":1,"name":"Portada","item":"https:\/\/www.iec2024.ec\/it\/"},{"@type":"ListItem","position":2,"name":"Recorrido del s\u00edmbolo del 53\u00b0 Congreso Eucar\u00edstico Internacional"}]},{"@type":"WebSite","@id":"https:\/\/www.iec2024.ec\/it\/#website","url":"https:\/\/www.iec2024.ec\/it\/","name":"IEC 2024","description":"","publisher":{"@id":"https:\/\/www.iec2024.ec\/it\/#organization"},"potentialAction":[{"@type":"SearchAction","target":{"@type":"EntryPoint","urlTemplate":"https:\/\/www.iec2024.ec\/it\/?s={search_term_string}"},"query-input":"required name=search_term_string"}],"inLanguage":"it-IT"},{"@type":"Organization","@id":"https:\/\/www.iec2024.ec\/it\/#organization","name":"IEC 2024","url":"https:\/\/www.iec2024.ec\/it\/","logo":{"@type":"ImageObject","inLanguage":"it-IT","@id":"https:\/\/www.iec2024.ec\/it\/#\/schema\/logo\/image\/","url":"https:\/\/www.iec2024.ec\/wp-content\/uploads\/2024\/01\/cropped-logo-2024.png","contentUrl":"https:\/\/www.iec2024.ec\/wp-content\/uploads\/2024\/01\/cropped-logo-2024.png","width":1277,"height":332,"caption":"IEC 2024"},"image":{"@id":"https:\/\/www.iec2024.ec\/it\/#\/schema\/logo\/image\/"}},{"@type":"Person","@id":"https:\/\/www.iec2024.ec\/it\/#\/schema\/person\/7dc46e27a804fe39ba34935ca5284fe2","name":"Secretario T\u00e9cnico","image":{"@type":"ImageObject","inLanguage":"it-IT","@id":"https:\/\/www.iec2024.ec\/it\/#\/schema\/person\/image\/","url":"https:\/\/secure.gravatar.com\/avatar\/67808a21710148ea0645bc85e43e21b6?s=96&d=mm&r=g","contentUrl":"https:\/\/secure.gravatar.com\/avatar\/67808a21710148ea0645bc85e43e21b6?s=96&d=mm&r=g","caption":"Secretario T\u00e9cnico"},"url":"https:\/\/www.iec2024.ec\/it\/author\/4dm1ns3cr3t4r10\/"}]}},"_links":{"self":[{"href":"https:\/\/www.iec2024.ec\/it\/wp-json\/wp\/v2\/posts\/3150"}],"collection":[{"href":"https:\/\/www.iec2024.ec\/it\/wp-json\/wp\/v2\/posts"}],"about":[{"href":"https:\/\/www.iec2024.ec\/it\/wp-json\/wp\/v2\/types\/post"}],"author":[{"embeddable":true,"href":"https:\/\/www.iec2024.ec\/it\/wp-json\/wp\/v2\/users\/2"}],"replies":[{"embeddable":true,"href":"https:\/\/www.iec2024.ec\/it\/wp-json\/wp\/v2\/comments?post=3150"}],"version-history":[{"count":1,"href":"https:\/\/www.iec2024.ec\/it\/wp-json\/wp\/v2\/posts\/3150\/revisions"}],"predecessor-version":[{"id":5644,"href":"https:\/\/www.iec2024.ec\/it\/wp-json\/wp\/v2\/posts\/3150\/revisions\/5644"}],"wp:featuredmedia":[{"embeddable":true,"href":"https:\/\/www.iec2024.ec\/it\/wp-json\/wp\/v2\/media\/3154"}],"wp:attachment":[{"href":"https:\/\/www.iec2024.ec\/it\/wp-json\/wp\/v2\/media?parent=3150"}],"wp:term":[{"taxonomy":"category","embeddable":true,"href":"https:\/\/www.iec2024.ec\/it\/wp-json\/wp\/v2\/categories?post=3150"},{"taxonomy":"post_tag","embeddable":true,"href":"https:\/\/www.iec2024.ec\/it\/wp-json\/wp\/v2\/tags?post=3150"}],"curies":[{"name":"wp","href":"https:\/\/api.w.org\/{rel}","templated":true}]}}