{"id":5173,"date":"2023-07-18T12:12:47","date_gmt":"2023-07-18T17:12:47","guid":{"rendered":"https:\/\/www.iec2024.ec\/movimiento-juan-xxiii-el-rol-de-los-laicos-en-la-iglesia-catolica-camino-al-iec-2024\/"},"modified":"2023-09-12T16:50:54","modified_gmt":"2023-09-12T21:50:54","slug":"movimiento-juan-xxiii-el-rol-de-los-laicos-en-la-iglesia-catolica-camino-al-iec-2024","status":"publish","type":"post","link":"https:\/\/www.iec2024.ec\/it\/movimiento-juan-xxiii-el-rol-de-los-laicos-en-la-iglesia-catolica-camino-al-iec-2024\/","title":{"rendered":"Movimiento Juan XXIII: El rol de los laicos en la Iglesia cat\u00f3lica camino al IEC 2024"},"content":{"rendered":"<p style=\"text-align: right;\"><span style=\"font-weight: 400;\">17 de julio de 2023 \/ Autora Mar\u00eda Jos\u00e9 Casco.<\/span><\/p>\n<p><span style=\"font-weight: 400;\">El pasado 13 de julio, en el programa radial &#8220;Fraternidad para sanar el mundo&#8221;, n\u00famero 15, se abord\u00f3 la relevancia de los movimientos laicales en el contexto del 53\u00b0 Congreso Eucar\u00edstico Internacional (IEC 2024). El espacio cont\u00f3 con la participaci\u00f3n de Juan Guillen Alvarado, expresidente Nacional del Ecuador del Movimiento Juan XXIII, y el Padre Nelson Cumbal, sacerdote diocesano y consejero espiritual del Movimiento Juan XXIII en Quito.<\/span><\/p>\n<ul>\n<li><span style=\"font-weight: 400;\"> \u00a0 \u00a0 \u00a0 <\/span><span style=\"font-weight: 400;\">Durante la emisi\u00f3n, los invitados compartieron sus perspectivas y experiencias sobre la importancia de los movimientos laicales en la vida de la Iglesia cat\u00f3lica\u00a0 y su contribuci\u00f3n para sanar y transformar el mundo en el contexto actual, mediante la acci\u00f3n del Esp\u00edritu Santo. Afirman que \u201cCon Cristo todo y sin Cristo, nada\u201d.<\/span><\/li>\n<li><span style=\"font-weight: 400;\"> \u00a0 \u00a0 \u00a0 <\/span><span style=\"font-weight: 400;\">El Movimiento Juan XXIII, cuyo lema es: <\/span><b>\u201cEvangelizar a los alejados de la fe, para reinsertarlos en la Iglesia\u201d<\/b><span style=\"font-weight: 400;\">, se ha convertido en un ejemplo de c\u00f3mo los laicos pueden jugar un papel fundamental en el anuncio del Evangelio y la promoci\u00f3n de valores fraternales en la sociedad. <\/span><span style=\"font-weight: 400;\">Fue fundado el 27 de marzo de 1970 en Puerto Rico por <\/span><b>Nelson Rivera Beachupman<\/b><span style=\"font-weight: 400;\">, quien recibi\u00f3 la \u201cGracia Carism\u00e1tica\u201d, donde humildemente dijo s\u00ed al Esp\u00edritu Santo.\u00a0<\/span><\/li>\n<li><span style=\"font-weight: 400;\"> \u00a0 \u00a0 \u00a0 <\/span><span style=\"font-weight: 400;\">Uno de los puntos principales del programa fue la relevancia del IEC 2024, un encuentro que busca fortalecer la comuni\u00f3n y la misi\u00f3n evangelizadora. En este sentido, se destac\u00f3 la necesidad de que los movimientos laicales est\u00e9n activamente involucrados para llevar su mensaje de fraternidad y esperanza a una audiencia global, es decir, cumpliendo el pedido del Papa Francisco referente a ser una Iglesia en salida, que va hacia las periferias existenciales.<\/span><\/li>\n<li><span style=\"font-weight: 400;\"> \u00a0 \u00a0 \u00a0 <\/span><span style=\"font-weight: 400;\">En el programa, se enfatiz\u00f3 c\u00f3mo el Movimiento Juan XXIII ha logrado impactar positivamente en la vida de las personas, especialmente de aquellas que se encuentran en situaciones de vulnerabilidad social, adicciones y dificultades familiares. El testimonio de quienes han participado en retiros de conversi\u00f3n de tres d\u00edas y han experimentado una transformaci\u00f3n interior fue compartido para inspirar a otros a acercarse a la Iglesia y encontrar la sanaci\u00f3n y el sentido en sus vidas, cimentados en tres pilares fundamentales:\u00a0 <\/span><b>Eucarist\u00eda, Sacrificio y Devoci\u00f3n a Mar\u00eda.\u00a0<\/b><\/li>\n<li><span style=\"font-weight: 400;\"> \u00a0 \u00a0 \u00a0 <\/span><span style=\"font-weight: 400;\">En el documento \u201cCarisma, misi\u00f3n y espiritualidad del Movimiento Juan XXII, Nelson Rivera, su fundador, manifiesta que \u201cLa <\/span><b>Eucarist\u00eda<\/b><span style=\"font-weight: 400;\"> es la Columna Vertebral que sostiene y mantiene de pie el Movimiento en su misi\u00f3n evangelizadora\u201d. Asegura que \u201cSin el <\/span><b>Sacrificio<\/b><span style=\"font-weight: 400;\"> no podr\u00edamos trabajar pues se necesita mucho sacrificio. Como Cristo venci\u00f3 el pecado y con este sacrificio nos liber\u00f3 de la muerte eterna.\u00a0 Por lo tanto, que comprendamos que el sacrificio nuestro unido al de Cristo nos da la victoria sobre tanto pecado\u201d; y finalmente destaca que <\/span><b>Mar\u00eda<\/b><span style=\"font-weight: 400;\"> es nuestra aliada para la renovaci\u00f3n espiritual: \u201cPor eso un retirista debe ser un consagrado a la Virgen, pero no de la boca para fuera sino un configurar nuestra vida con la Sant\u00edsima Virgen\u201d.<\/span><\/li>\n<li><span style=\"font-weight: 400;\"> \u00a0 \u00a0 \u00a0 <\/span><span style=\"font-weight: 400;\">El Movimiento Juan XXIII, que sigue expandi\u00e9ndose por diferentes pa\u00edses del mundo, ha demostrado c\u00f3mo los laicos comprometidos pueden a trav\u00e9s de la gracia de Dios, colaborar con la Iglesia y marcar la diferencia en la sociedad.<\/span><\/li>\n<\/ul>\n<p><span style=\"font-weight: 400;\">Este programa dej\u00f3 una huella significativa en la audiencia al recordar la importancia del compromiso de los laicos y su papel esencial en la construcci\u00f3n de un mundo m\u00e1s fraterno y solidario.\u00a0 \u00a1Invitamos a m\u00e1s movimientos laicales a ser parte del IEC 2024!<\/span><\/p>\n<p><span style=\"font-weight: 400;\">Recuerda sintonizar nuestro programa &#8220;Fraternidad para sanar el mundo&#8221; todos los jueves a las 09:00, en el \u00e1mbito nacional por Radio Mar\u00eda, y tambi\u00e9n a trav\u00e9s de la p\u00e1gina web oficial del IEC 2024:<\/span><span style=\"color: #0000ff;\"><a style=\"color: #0000ff;\" href=\"https:\/\/www.iec2024.ec\/it\/\"> <span style=\"font-weight: 400;\">https:\/\/www.iec2024.ec\/<\/span><\/a><\/span><span style=\"font-weight: 400;\">. <\/span><span style=\"font-weight: 400;\">Retransmite Radio Cat\u00f3lica Tulc\u00e1n 88.5 FM y\u00a0 la web<\/span><a href=\"http:\/\/www.radiocatolocatulcan.com\/\"> <span style=\"font-weight: 400;\">www.radiocatolocatulcan.com<\/span><\/a><\/p>\n<p><span style=\"font-weight: 400;\">Adem\u00e1s, te invitamos a seguirnos en nuestras redes sociales @IEC2024Quito, donde encontrar\u00e1s interesantes noticias sobre este gran encuentro eclesial.<\/span><\/p>\n<p><span style=\"font-weight: 400;\">\u00a1Gracias por acompa\u00f1arnos en el camino hacia el 53\u00b0 Congreso Eucar\u00edstico Internacional (IEC 2024), que se realizar\u00e1 del 8 al 15 de septiembre de 2024!<\/span><\/p>\n","protected":false},"excerpt":{"rendered":"<p>17 de julio de 2023 \/ Autora Mar\u00eda Jos\u00e9 Casco. El pasado 13 de julio, en el programa radial &#8220;Fraternidad para sanar el mundo&#8221;, n\u00famero 15, se abord\u00f3 la relevancia de los movimientos laicales en el contexto del 53\u00b0 Congreso Eucar\u00edstico Internacional (IEC 2024). El espacio cont\u00f3 con la participaci\u00f3n de Juan Guillen Alvarado, expresidente [&hellip;]<\/p>\n","protected":false},"author":2,"featured_media":5116,"comment_status":"open","ping_status":"open","sticky":false,"template":"","format":"standard","meta":{"footnotes":""},"categories":[34],"tags":[],"acf":[],"yoast_head":"<!-- This site is optimized with the Yoast SEO plugin v21.1 - https:\/\/yoast.com\/wordpress\/plugins\/seo\/ -->\n<title>Movimiento Juan XXIII: El rol de los laicos en la Iglesia cat\u00f3lica camino al IEC 2024 - IEC 2024<\/title>\n<meta name=\"robots\" content=\"index, follow, max-snippet:-1, max-image-preview:large, max-video-preview:-1\" \/>\n<link rel=\"canonical\" href=\"https:\/\/www.iec2024.ec\/it\/movimiento-juan-xxiii-el-rol-de-los-laicos-en-la-iglesia-catolica-camino-al-iec-2024\/\" \/>\n<meta property=\"og:locale\" content=\"it_IT\" \/>\n<meta property=\"og:type\" content=\"article\" \/>\n<meta property=\"og:title\" content=\"Movimiento Juan XXIII: El rol de los laicos en la Iglesia cat\u00f3lica camino al IEC 2024 - IEC 2024\" \/>\n<meta property=\"og:description\" content=\"17 de julio de 2023 \/ Autora Mar\u00eda Jos\u00e9 Casco. El pasado 13 de julio, en el programa radial &#8220;Fraternidad para sanar el mundo&#8221;, n\u00famero 15, se abord\u00f3 la relevancia de los movimientos laicales en el contexto del 53\u00b0 Congreso Eucar\u00edstico Internacional (IEC 2024). El espacio cont\u00f3 con la participaci\u00f3n de Juan Guillen Alvarado, expresidente [&hellip;]\" \/>\n<meta property=\"og:url\" content=\"https:\/\/www.iec2024.ec\/it\/movimiento-juan-xxiii-el-rol-de-los-laicos-en-la-iglesia-catolica-camino-al-iec-2024\/\" \/>\n<meta property=\"og:site_name\" content=\"IEC 2024\" \/>\n<meta property=\"article:published_time\" content=\"2023-07-18T17:12:47+00:00\" \/>\n<meta property=\"article:modified_time\" content=\"2023-09-12T21:50:54+00:00\" \/>\n<meta property=\"og:image\" content=\"https:\/\/www.iec2024.ec\/wp-content\/uploads\/2023\/08\/WhatsApp-Image-2023-07-18-at-12.22.47.jpeg\" \/>\n\t<meta property=\"og:image:width\" content=\"1024\" \/>\n\t<meta property=\"og:image:height\" content=\"576\" \/>\n\t<meta property=\"og:image:type\" content=\"image\/jpeg\" \/>\n<meta name=\"author\" content=\"Secretario T\u00e9cnico\" \/>\n<meta name=\"twitter:card\" content=\"summary_large_image\" \/>\n<meta name=\"twitter:label1\" content=\"Scritto da\" \/>\n\t<meta name=\"twitter:data1\" content=\"Secretario T\u00e9cnico\" \/>\n\t<meta name=\"twitter:label2\" content=\"Tempo di lettura stimato\" \/>\n\t<meta name=\"twitter:data2\" content=\"3 minuti\" \/>\n<script type=\"application\/ld+json\" class=\"yoast-schema-graph\">{\"@context\":\"https:\/\/schema.org\",\"@graph\":[{\"@type\":\"Article\",\"@id\":\"https:\/\/www.iec2024.ec\/it\/movimiento-juan-xxiii-el-rol-de-los-laicos-en-la-iglesia-catolica-camino-al-iec-2024\/#article\",\"isPartOf\":{\"@id\":\"https:\/\/www.iec2024.ec\/it\/movimiento-juan-xxiii-el-rol-de-los-laicos-en-la-iglesia-catolica-camino-al-iec-2024\/\"},\"author\":{\"name\":\"Secretario T\u00e9cnico\",\"@id\":\"https:\/\/www.iec2024.ec\/it\/#\/schema\/person\/7dc46e27a804fe39ba34935ca5284fe2\"},\"headline\":\"Movimiento Juan XXIII: El rol de los laicos en la Iglesia cat\u00f3lica camino al IEC 2024\",\"datePublished\":\"2023-07-18T17:12:47+00:00\",\"dateModified\":\"2023-09-12T21:50:54+00:00\",\"mainEntityOfPage\":{\"@id\":\"https:\/\/www.iec2024.ec\/it\/movimiento-juan-xxiii-el-rol-de-los-laicos-en-la-iglesia-catolica-camino-al-iec-2024\/\"},\"wordCount\":705,\"commentCount\":0,\"publisher\":{\"@id\":\"https:\/\/www.iec2024.ec\/it\/#organization\"},\"articleSection\":[\"Notizia\"],\"inLanguage\":\"it-IT\",\"potentialAction\":[{\"@type\":\"CommentAction\",\"name\":\"Comment\",\"target\":[\"https:\/\/www.iec2024.ec\/it\/movimiento-juan-xxiii-el-rol-de-los-laicos-en-la-iglesia-catolica-camino-al-iec-2024\/#respond\"]}]},{\"@type\":\"WebPage\",\"@id\":\"https:\/\/www.iec2024.ec\/it\/movimiento-juan-xxiii-el-rol-de-los-laicos-en-la-iglesia-catolica-camino-al-iec-2024\/\",\"url\":\"https:\/\/www.iec2024.ec\/it\/movimiento-juan-xxiii-el-rol-de-los-laicos-en-la-iglesia-catolica-camino-al-iec-2024\/\",\"name\":\"Movimiento Juan XXIII: El rol de los laicos en la Iglesia cat\u00f3lica camino al IEC 2024 - IEC 2024\",\"isPartOf\":{\"@id\":\"https:\/\/www.iec2024.ec\/it\/#website\"},\"datePublished\":\"2023-07-18T17:12:47+00:00\",\"dateModified\":\"2023-09-12T21:50:54+00:00\",\"breadcrumb\":{\"@id\":\"https:\/\/www.iec2024.ec\/it\/movimiento-juan-xxiii-el-rol-de-los-laicos-en-la-iglesia-catolica-camino-al-iec-2024\/#breadcrumb\"},\"inLanguage\":\"it-IT\",\"potentialAction\":[{\"@type\":\"ReadAction\",\"target\":[\"https:\/\/www.iec2024.ec\/it\/movimiento-juan-xxiii-el-rol-de-los-laicos-en-la-iglesia-catolica-camino-al-iec-2024\/\"]}]},{\"@type\":\"BreadcrumbList\",\"@id\":\"https:\/\/www.iec2024.ec\/it\/movimiento-juan-xxiii-el-rol-de-los-laicos-en-la-iglesia-catolica-camino-al-iec-2024\/#breadcrumb\",\"itemListElement\":[{\"@type\":\"ListItem\",\"position\":1,\"name\":\"Portada\",\"item\":\"https:\/\/www.iec2024.ec\/it\/\"},{\"@type\":\"ListItem\",\"position\":2,\"name\":\"Movimiento Juan XXIII: El rol de los laicos en la Iglesia cat\u00f3lica camino al IEC 2024\"}]},{\"@type\":\"WebSite\",\"@id\":\"https:\/\/www.iec2024.ec\/it\/#website\",\"url\":\"https:\/\/www.iec2024.ec\/it\/\",\"name\":\"IEC 2024\",\"description\":\"\",\"publisher\":{\"@id\":\"https:\/\/www.iec2024.ec\/it\/#organization\"},\"potentialAction\":[{\"@type\":\"SearchAction\",\"target\":{\"@type\":\"EntryPoint\",\"urlTemplate\":\"https:\/\/www.iec2024.ec\/it\/?s={search_term_string}\"},\"query-input\":\"required name=search_term_string\"}],\"inLanguage\":\"it-IT\"},{\"@type\":\"Organization\",\"@id\":\"https:\/\/www.iec2024.ec\/it\/#organization\",\"name\":\"IEC 2024\",\"url\":\"https:\/\/www.iec2024.ec\/it\/\",\"logo\":{\"@type\":\"ImageObject\",\"inLanguage\":\"it-IT\",\"@id\":\"https:\/\/www.iec2024.ec\/it\/#\/schema\/logo\/image\/\",\"url\":\"https:\/\/www.iec2024.ec\/wp-content\/uploads\/2024\/01\/cropped-logo-2024.png\",\"contentUrl\":\"https:\/\/www.iec2024.ec\/wp-content\/uploads\/2024\/01\/cropped-logo-2024.png\",\"width\":1277,\"height\":332,\"caption\":\"IEC 2024\"},\"image\":{\"@id\":\"https:\/\/www.iec2024.ec\/it\/#\/schema\/logo\/image\/\"}},{\"@type\":\"Person\",\"@id\":\"https:\/\/www.iec2024.ec\/it\/#\/schema\/person\/7dc46e27a804fe39ba34935ca5284fe2\",\"name\":\"Secretario T\u00e9cnico\",\"image\":{\"@type\":\"ImageObject\",\"inLanguage\":\"it-IT\",\"@id\":\"https:\/\/www.iec2024.ec\/it\/#\/schema\/person\/image\/\",\"url\":\"https:\/\/secure.gravatar.com\/avatar\/67808a21710148ea0645bc85e43e21b6?s=96&d=mm&r=g\",\"contentUrl\":\"https:\/\/secure.gravatar.com\/avatar\/67808a21710148ea0645bc85e43e21b6?s=96&d=mm&r=g\",\"caption\":\"Secretario T\u00e9cnico\"},\"url\":\"https:\/\/www.iec2024.ec\/it\/author\/4dm1ns3cr3t4r10\/\"}]}<\/script>\n<!-- \/ Yoast SEO plugin. -->","yoast_head_json":{"title":"Movimiento Juan XXIII: El rol de los laicos en la Iglesia cat\u00f3lica camino al IEC 2024 - IEC 2024","robots":{"index":"index","follow":"follow","max-snippet":"max-snippet:-1","max-image-preview":"max-image-preview:large","max-video-preview":"max-video-preview:-1"},"canonical":"https:\/\/www.iec2024.ec\/it\/movimiento-juan-xxiii-el-rol-de-los-laicos-en-la-iglesia-catolica-camino-al-iec-2024\/","og_locale":"it_IT","og_type":"article","og_title":"Movimiento Juan XXIII: El rol de los laicos en la Iglesia cat\u00f3lica camino al IEC 2024 - IEC 2024","og_description":"17 de julio de 2023 \/ Autora Mar\u00eda Jos\u00e9 Casco. El pasado 13 de julio, en el programa radial &#8220;Fraternidad para sanar el mundo&#8221;, n\u00famero 15, se abord\u00f3 la relevancia de los movimientos laicales en el contexto del 53\u00b0 Congreso Eucar\u00edstico Internacional (IEC 2024). El espacio cont\u00f3 con la participaci\u00f3n de Juan Guillen Alvarado, expresidente [&hellip;]","og_url":"https:\/\/www.iec2024.ec\/it\/movimiento-juan-xxiii-el-rol-de-los-laicos-en-la-iglesia-catolica-camino-al-iec-2024\/","og_site_name":"IEC 2024","article_published_time":"2023-07-18T17:12:47+00:00","article_modified_time":"2023-09-12T21:50:54+00:00","og_image":[{"width":1024,"height":576,"url":"https:\/\/www.iec2024.ec\/wp-content\/uploads\/2023\/08\/WhatsApp-Image-2023-07-18-at-12.22.47.jpeg","type":"image\/jpeg"}],"author":"Secretario T\u00e9cnico","twitter_card":"summary_large_image","twitter_misc":{"Scritto da":"Secretario T\u00e9cnico","Tempo di lettura stimato":"3 minuti"},"schema":{"@context":"https:\/\/schema.org","@graph":[{"@type":"Article","@id":"https:\/\/www.iec2024.ec\/it\/movimiento-juan-xxiii-el-rol-de-los-laicos-en-la-iglesia-catolica-camino-al-iec-2024\/#article","isPartOf":{"@id":"https:\/\/www.iec2024.ec\/it\/movimiento-juan-xxiii-el-rol-de-los-laicos-en-la-iglesia-catolica-camino-al-iec-2024\/"},"author":{"name":"Secretario T\u00e9cnico","@id":"https:\/\/www.iec2024.ec\/it\/#\/schema\/person\/7dc46e27a804fe39ba34935ca5284fe2"},"headline":"Movimiento Juan XXIII: El rol de los laicos en la Iglesia cat\u00f3lica camino al IEC 2024","datePublished":"2023-07-18T17:12:47+00:00","dateModified":"2023-09-12T21:50:54+00:00","mainEntityOfPage":{"@id":"https:\/\/www.iec2024.ec\/it\/movimiento-juan-xxiii-el-rol-de-los-laicos-en-la-iglesia-catolica-camino-al-iec-2024\/"},"wordCount":705,"commentCount":0,"publisher":{"@id":"https:\/\/www.iec2024.ec\/it\/#organization"},"articleSection":["Notizia"],"inLanguage":"it-IT","potentialAction":[{"@type":"CommentAction","name":"Comment","target":["https:\/\/www.iec2024.ec\/it\/movimiento-juan-xxiii-el-rol-de-los-laicos-en-la-iglesia-catolica-camino-al-iec-2024\/#respond"]}]},{"@type":"WebPage","@id":"https:\/\/www.iec2024.ec\/it\/movimiento-juan-xxiii-el-rol-de-los-laicos-en-la-iglesia-catolica-camino-al-iec-2024\/","url":"https:\/\/www.iec2024.ec\/it\/movimiento-juan-xxiii-el-rol-de-los-laicos-en-la-iglesia-catolica-camino-al-iec-2024\/","name":"Movimiento Juan XXIII: El rol de los laicos en la Iglesia cat\u00f3lica camino al IEC 2024 - IEC 2024","isPartOf":{"@id":"https:\/\/www.iec2024.ec\/it\/#website"},"datePublished":"2023-07-18T17:12:47+00:00","dateModified":"2023-09-12T21:50:54+00:00","breadcrumb":{"@id":"https:\/\/www.iec2024.ec\/it\/movimiento-juan-xxiii-el-rol-de-los-laicos-en-la-iglesia-catolica-camino-al-iec-2024\/#breadcrumb"},"inLanguage":"it-IT","potentialAction":[{"@type":"ReadAction","target":["https:\/\/www.iec2024.ec\/it\/movimiento-juan-xxiii-el-rol-de-los-laicos-en-la-iglesia-catolica-camino-al-iec-2024\/"]}]},{"@type":"BreadcrumbList","@id":"https:\/\/www.iec2024.ec\/it\/movimiento-juan-xxiii-el-rol-de-los-laicos-en-la-iglesia-catolica-camino-al-iec-2024\/#breadcrumb","itemListElement":[{"@type":"ListItem","position":1,"name":"Portada","item":"https:\/\/www.iec2024.ec\/it\/"},{"@type":"ListItem","position":2,"name":"Movimiento Juan XXIII: El rol de los laicos en la Iglesia cat\u00f3lica camino al IEC 2024"}]},{"@type":"WebSite","@id":"https:\/\/www.iec2024.ec\/it\/#website","url":"https:\/\/www.iec2024.ec\/it\/","name":"IEC 2024","description":"","publisher":{"@id":"https:\/\/www.iec2024.ec\/it\/#organization"},"potentialAction":[{"@type":"SearchAction","target":{"@type":"EntryPoint","urlTemplate":"https:\/\/www.iec2024.ec\/it\/?s={search_term_string}"},"query-input":"required name=search_term_string"}],"inLanguage":"it-IT"},{"@type":"Organization","@id":"https:\/\/www.iec2024.ec\/it\/#organization","name":"IEC 2024","url":"https:\/\/www.iec2024.ec\/it\/","logo":{"@type":"ImageObject","inLanguage":"it-IT","@id":"https:\/\/www.iec2024.ec\/it\/#\/schema\/logo\/image\/","url":"https:\/\/www.iec2024.ec\/wp-content\/uploads\/2024\/01\/cropped-logo-2024.png","contentUrl":"https:\/\/www.iec2024.ec\/wp-content\/uploads\/2024\/01\/cropped-logo-2024.png","width":1277,"height":332,"caption":"IEC 2024"},"image":{"@id":"https:\/\/www.iec2024.ec\/it\/#\/schema\/logo\/image\/"}},{"@type":"Person","@id":"https:\/\/www.iec2024.ec\/it\/#\/schema\/person\/7dc46e27a804fe39ba34935ca5284fe2","name":"Secretario T\u00e9cnico","image":{"@type":"ImageObject","inLanguage":"it-IT","@id":"https:\/\/www.iec2024.ec\/it\/#\/schema\/person\/image\/","url":"https:\/\/secure.gravatar.com\/avatar\/67808a21710148ea0645bc85e43e21b6?s=96&d=mm&r=g","contentUrl":"https:\/\/secure.gravatar.com\/avatar\/67808a21710148ea0645bc85e43e21b6?s=96&d=mm&r=g","caption":"Secretario T\u00e9cnico"},"url":"https:\/\/www.iec2024.ec\/it\/author\/4dm1ns3cr3t4r10\/"}]}},"_links":{"self":[{"href":"https:\/\/www.iec2024.ec\/it\/wp-json\/wp\/v2\/posts\/5173"}],"collection":[{"href":"https:\/\/www.iec2024.ec\/it\/wp-json\/wp\/v2\/posts"}],"about":[{"href":"https:\/\/www.iec2024.ec\/it\/wp-json\/wp\/v2\/types\/post"}],"author":[{"embeddable":true,"href":"https:\/\/www.iec2024.ec\/it\/wp-json\/wp\/v2\/users\/2"}],"replies":[{"embeddable":true,"href":"https:\/\/www.iec2024.ec\/it\/wp-json\/wp\/v2\/comments?post=5173"}],"version-history":[{"count":1,"href":"https:\/\/www.iec2024.ec\/it\/wp-json\/wp\/v2\/posts\/5173\/revisions"}],"predecessor-version":[{"id":5652,"href":"https:\/\/www.iec2024.ec\/it\/wp-json\/wp\/v2\/posts\/5173\/revisions\/5652"}],"wp:featuredmedia":[{"embeddable":true,"href":"https:\/\/www.iec2024.ec\/it\/wp-json\/wp\/v2\/media\/5116"}],"wp:attachment":[{"href":"https:\/\/www.iec2024.ec\/it\/wp-json\/wp\/v2\/media?parent=5173"}],"wp:term":[{"taxonomy":"category","embeddable":true,"href":"https:\/\/www.iec2024.ec\/it\/wp-json\/wp\/v2\/categories?post=5173"},{"taxonomy":"post_tag","embeddable":true,"href":"https:\/\/www.iec2024.ec\/it\/wp-json\/wp\/v2\/tags?post=5173"}],"curies":[{"name":"wp","href":"https:\/\/api.w.org\/{rel}","templated":true}]}}