{"id":5207,"date":"2023-07-10T20:09:50","date_gmt":"2023-07-11T01:09:50","guid":{"rendered":"https:\/\/www.iec2024.ec\/homilia-de-monsenor-alfredo-jose-espinoza-mateus-arzobispo-de-quito-y-primado-del-ecuador-en-el-viii-encuentro-nacional-de-sacerdotes\/"},"modified":"2024-05-17T14:55:38","modified_gmt":"2024-05-17T19:55:38","slug":"homilia-de-monsenor-alfredo-jose-espinoza-mateus-arzobispo-de-quito-y-primado-del-ecuador-en-el-viii-encuentro-nacional-de-sacerdotes","status":"publish","type":"post","link":"https:\/\/www.iec2024.ec\/it\/homilia-de-monsenor-alfredo-jose-espinoza-mateus-arzobispo-de-quito-y-primado-del-ecuador-en-el-viii-encuentro-nacional-de-sacerdotes\/","title":{"rendered":"Homil\u00eda de Monse\u00f1or Alfredo Jos\u00e9 Espinoza Mateus, Arzobispo de Quito y Primado del Ecuador, en el VIII Encuentro Nacional de Sacerdotes"},"content":{"rendered":"<p><strong>\u00a0 \u00a0 \u00a0 Guayaquil, 10 de julio de 2023<\/strong><\/p>\n<ul>\n<li>Con mucha alegr\u00eda celebro con ustedes, queridos hermanos obispos y queridos hermanos sacerdotes de todo el pa\u00eds al comenzar este <strong>VIII Encuentro Nacional<\/strong>. Celebro aqu\u00ed, en este Santuario, en esta casa de la Virgen tan significativa para m\u00ed. En confidencia les cuento que aqu\u00ed, <strong>a los pies de la Auxiliadora<\/strong>, mi madre me consagr\u00f3 a ella cuando entr\u00e9 a este Colegio a los cinco a\u00f1os de edad; aqu\u00ed hice mi Primera Comuni\u00f3n y mi Profesi\u00f3n Perpetua como Salesiano y aqu\u00ed fui ordenado sacerdote en 1988. Pudiera decir que es toda una vida, todo un camino cristiano y vocacional <strong>bajo el manto de Ella, la Virgen de Don Bosco.<\/strong><\/li>\n<li><strong>\u201cEucarist\u00eda, camino de fraternidad sacerdotal\u201d<\/strong> es el lema de este Encuentro que nos congrega. Les confieso, no puedo dejar de decirlo, que me hubiera gustado mucho, que siendo este un Encuentro Nacional previo al Congreso Eucar\u00edstico Internacional 2024, el tema hubiera girado en torno al mismo, en torno a <strong>\u201cFraternidad para sanar el mundo\u201d<\/strong>, el lema del Congreso.<\/li>\n<li>Es que el Congreso Eucar\u00edstico Internacional, no es de Quito, es de la Iglesia del Ecuador, de todos nosotros. La Arquidi\u00f3cesis de Quito es Sede, pero nosotros, como organizadores, tenemos una visi\u00f3n como Iglesia del Ecuador y queremos que todos nos sintamos parte y hagamos nuestro el Congreso, de manera especial ustedes, queridos hermanos sacerdotes, que <strong>\u201cparten, reparten y comparten\u201d <\/strong>el Pan Eucar\u00edstico y el Pan de la fraternidad con todos.<\/li>\n<li>La primera lectura tiene como protagonista a Jacob. Me impacta el voto que \u00e9l hace luego que despierta del sue\u00f1o: <strong><em>\u201cSi Dios est\u00e1 conmigo\u2026 el Se\u00f1or ser\u00e1 mi Dios\u201d.<\/em><\/strong> Creo que cada uno de nosotros, en nuestra vida sacerdotal, en nuestra misi\u00f3n, en las alegr\u00edas como en las tristezas, hemos experimentado que Dios est\u00e1 con nosotros, camina con nosotros, es nuestra fuerza, es nuestro Dios.<\/li>\n<li>Jacob queda <strong>\u201csobrecogido\u201d<\/strong>, y nosotros, \u00bfNos sobrecogemos ante Dios que act\u00faa siempre en nuestras vidas? \u00bfEstamos abiertos a las sorpresas de Dios? \u00bfNos dejamos sorprender por el amor y la misericordia que Dios tiene para con cada uno de nosotros sacerdotes?<\/li>\n<li>Sin duda alguna, la historia de Jacob es <strong>la historia del acercamiento de Dios a los hombres<\/strong>. <strong>Su m\u00e1xima cercan\u00eda ser\u00e1 Jes\u00fas hecho hombre para salvarnos<\/strong>. Aqu\u00ed me pregunto y les pregunto: \u00bfQu\u00e9 Dios experimentamos nosotros? \u00bfExperimentamos un Dios cercano o un Dios lejano? Francisco nos dice que, <strong><em>\u201cDios no es distante, sino que es Padre. Conoce a sus hijos y los ama, tambi\u00e9n cuando vas por senderos empinados y dif\u00edciles, tambi\u00e9n cuando caes y te cuesta levantarte y retomar el camino. Es m\u00e1s, a menudo, en los momentos que eres m\u00e1s d\u00e9bil puedes sentir m\u00e1s fuerte su presencia. \u00a1\u00c9l conoce el camino! \u00a1\u00c9l est\u00e1 contigo, \u00c9l es tu Padre!\u201d<\/em><\/strong><\/li>\n<li>Con esta confianza en un Dios cercano, podemos hacer nuestras las palabras del salmista: <strong><em>\u201cDios m\u00edo, conf\u00edo en ti\u201d.<\/em><\/strong> S\u00ed mis queridos hermanos sacerdotes, no dejemos de confiar en Dios, no dejemos de poner en \u00c9l nuestra vida, nuestro ministerio, nuestras ilusiones y desesperanzas, nuestros tropiezos y ca\u00eddas, sabiendo que su mano nos levantar\u00e1 y ser\u00e1 la fortaleza para salir adelante, para renovar nuestro ser sacerdotal, para entregarnos con mayor entusiasmo y radicalidad a la misi\u00f3n de ser pastores del pueblo que \u00c9l mismo nos encomienda.<\/li>\n<li>Quiz\u00e1s muchas veces <strong>nos falta a nosotros la fe del hombre que se acerca a pedir a Jes\u00fas que ponga su mano sobre su hija que ha muerto porque sabe que \u201cvivir\u00e1\u201d. Nos falta tambi\u00e9n la fe de la mujer que se acerca a tocar el borde del manto.<\/strong><\/li>\n<li>Creo, que, a todos, a m\u00ed en primer lugar, me gustar\u00eda escuchar del Se\u00f1or: <strong><em>\u201c\u00c1nimo\u2026 Tu fe te ha curado\u201d.<\/em><\/strong> \u00bfDe qu\u00e9 nos debe curar Jes\u00fas a nosotros sacerdotes? Hoy me atrevo a decirlo: de la rutina, de haber perdido el fuego del primer amor, de haber transformado muchas veces nuestro ministerio en un ministerio est\u00e9ril, cansado y casi sin sentido. Nos debe curar de una vida doble, sin compromiso, sin coherencia, sin autenticidad. Nos debe curar de un sacerdocio instalado, centrado en lo material, que busca lo econ\u00f3mico, que ha perdido la capacidad de servir y de darse plenamente en amor y por amor.<\/li>\n<li>Francisco dice que, <strong><em>\u201cEl sacerdote durante su vida pasa por distintos estados y momentos; personalmente he pasado por distintos estados y momentos y rumiando las mociones del esp\u00edritu constat\u00e9 que, en algunas situaciones, inclusive en momentos de pruebas, dificultades y desolaci\u00f3n, cuando viv\u00eda y compart\u00eda la vida de determinada manera, permanec\u00eda la paz\u201d.<\/em><\/strong><\/li>\n<li><strong>Que el Se\u00f1or \u201creavive\u201d y \u201ccure\u201d nuestra fraternidad sacerdotal<\/strong>. Es ese, el gran desaf\u00edo nuestro, es esa la gran reflexi\u00f3n que debemos hacer en estos d\u00edas. <strong>No nos quedemos en normas lit\u00fargicas externas, que no llegan a la vida, que no sanan la vida fraterna nuestra como clero.<\/strong><\/li>\n<li>Escuchemos la voz de Francisco cuando nos habla, de <strong><em>\u201c\u2026la belleza de la fraternidad: del ser sacerdotes juntos, de seguir al Se\u00f1or no solos, no uno a uno, pero juntos, a pesar de la gran variedad de los dones y de las personalidades; de hecho, justamente esto enriquece el presbiterio, esta variedad de or\u00edgenes, de edades, de talentos\u2026 Es todo vivido en la comuni\u00f3n, en la fraternidad\u201d.<\/em><\/strong><\/li>\n<li>Sabemos todos que <strong>este camino de fraternidad no es f\u00e1cil<\/strong>, es que somos hijos de esta cultura de hoy, subjetiva, individualista, <strong>que exalta el \u201cyo\u201d hasta idolatrarlo y que nos lleva a un individualismo pastoral<\/strong>, que por desgracia est\u00e1 muy extendido en toda nuestra Iglesia.<\/li>\n<li>Hago m\u00eda las palabras de Francisco cuando nos habla de que <strong><em>\u201ctenemos que reaccionar con la elecci\u00f3n de la fraternidad. Intencionalmente hablo de \u201celecci\u00f3n\u201d. No puede ser s\u00f3lo una cosa dejada por casualidad, a las circunstancias favorables. No, es una elecci\u00f3n que se corresponde a la realidad que nos constituye, al don que hemos recibido, pero que siempre es bien recibido y cultivado: la comuni\u00f3n en Cristo en torno al Obispo\u201d.<\/em><\/strong><\/li>\n<li>T\u00fa, t\u00fa, yo, todos, elijamos la fraternidad como camino de vida, construyamos la fraternidad, seamos esos <strong>\u201cartesanos\u201d de fraternidad<\/strong> <strong>en cada una de nuestras iglesias particulares<\/strong>, pero, una fraternidad en <strong>perspectiva apost\u00f3lica<\/strong>, una fraternidad basada en la sencillez de vida, una fraternidad en salida, misericordiosa, cercana. Acerqu\u00e9monos a Jes\u00fas, pid\u00e1mosle que venga y resucite nuestro ser de hermanos, de vivir como hermanos. <strong>Que, desde la Eucarist\u00eda, Pan de Vida, seamos vida para los dem\u00e1s, en primer lugar, vida para nuestro hermano sacerdote que est\u00e1 a nuestro lado<\/strong>. AS\u00cd SEA.<\/li>\n<\/ul>\n","protected":false},"excerpt":{"rendered":"<p>\u00a0 \u00a0 \u00a0 Guayaquil, 10 de julio de 2023 Con mucha alegr\u00eda celebro con ustedes, queridos hermanos obispos y queridos hermanos sacerdotes de todo el pa\u00eds al comenzar este VIII Encuentro Nacional. Celebro aqu\u00ed, en este Santuario, en esta casa de la Virgen tan significativa para m\u00ed. En confidencia les cuento que aqu\u00ed, a los [&hellip;]<\/p>\n","protected":false},"author":2,"featured_media":5110,"comment_status":"open","ping_status":"open","sticky":false,"template":"","format":"standard","meta":{"footnotes":""},"categories":[34],"tags":[],"acf":[],"yoast_head":"<!-- This site is optimized with the Yoast SEO plugin v21.1 - https:\/\/yoast.com\/wordpress\/plugins\/seo\/ -->\n<title>Homil\u00eda de Monse\u00f1or Alfredo Jos\u00e9 Espinoza Mateus, Arzobispo de Quito y Primado del Ecuador, en el VIII Encuentro Nacional de Sacerdotes - IEC 2024<\/title>\n<meta name=\"robots\" content=\"index, follow, max-snippet:-1, max-image-preview:large, max-video-preview:-1\" \/>\n<link rel=\"canonical\" href=\"https:\/\/www.iec2024.ec\/it\/homilia-de-monsenor-alfredo-jose-espinoza-mateus-arzobispo-de-quito-y-primado-del-ecuador-en-el-viii-encuentro-nacional-de-sacerdotes\/\" \/>\n<meta property=\"og:locale\" content=\"it_IT\" \/>\n<meta property=\"og:type\" content=\"article\" \/>\n<meta property=\"og:title\" content=\"Homil\u00eda de Monse\u00f1or Alfredo Jos\u00e9 Espinoza Mateus, Arzobispo de Quito y Primado del Ecuador, en el VIII Encuentro Nacional de Sacerdotes - IEC 2024\" \/>\n<meta property=\"og:description\" content=\"\u00a0 \u00a0 \u00a0 Guayaquil, 10 de julio de 2023 Con mucha alegr\u00eda celebro con ustedes, queridos hermanos obispos y queridos hermanos sacerdotes de todo el pa\u00eds al comenzar este VIII Encuentro Nacional. Celebro aqu\u00ed, en este Santuario, en esta casa de la Virgen tan significativa para m\u00ed. En confidencia les cuento que aqu\u00ed, a los [&hellip;]\" \/>\n<meta property=\"og:url\" content=\"https:\/\/www.iec2024.ec\/it\/homilia-de-monsenor-alfredo-jose-espinoza-mateus-arzobispo-de-quito-y-primado-del-ecuador-en-el-viii-encuentro-nacional-de-sacerdotes\/\" \/>\n<meta property=\"og:site_name\" content=\"IEC 2024\" \/>\n<meta property=\"article:published_time\" content=\"2023-07-11T01:09:50+00:00\" \/>\n<meta property=\"article:modified_time\" content=\"2024-05-17T19:55:38+00:00\" \/>\n<meta property=\"og:image\" content=\"https:\/\/www.iec2024.ec\/wp-content\/uploads\/2023\/08\/WhatsApp-Image-2023-07-10-at-19.05.48-e1689038414247.jpeg\" \/>\n\t<meta property=\"og:image:width\" content=\"1035\" \/>\n\t<meta property=\"og:image:height\" content=\"597\" \/>\n\t<meta property=\"og:image:type\" content=\"image\/jpeg\" \/>\n<meta name=\"author\" content=\"Secretario T\u00e9cnico\" \/>\n<meta name=\"twitter:card\" content=\"summary_large_image\" \/>\n<meta name=\"twitter:label1\" content=\"Scritto da\" \/>\n\t<meta name=\"twitter:data1\" content=\"Secretario T\u00e9cnico\" \/>\n\t<meta name=\"twitter:label2\" content=\"Tempo di lettura stimato\" \/>\n\t<meta name=\"twitter:data2\" content=\"6 minuti\" \/>\n<script type=\"application\/ld+json\" class=\"yoast-schema-graph\">{\"@context\":\"https:\/\/schema.org\",\"@graph\":[{\"@type\":\"Article\",\"@id\":\"https:\/\/www.iec2024.ec\/it\/homilia-de-monsenor-alfredo-jose-espinoza-mateus-arzobispo-de-quito-y-primado-del-ecuador-en-el-viii-encuentro-nacional-de-sacerdotes\/#article\",\"isPartOf\":{\"@id\":\"https:\/\/www.iec2024.ec\/it\/homilia-de-monsenor-alfredo-jose-espinoza-mateus-arzobispo-de-quito-y-primado-del-ecuador-en-el-viii-encuentro-nacional-de-sacerdotes\/\"},\"author\":{\"name\":\"Secretario T\u00e9cnico\",\"@id\":\"https:\/\/www.iec2024.ec\/it\/#\/schema\/person\/7dc46e27a804fe39ba34935ca5284fe2\"},\"headline\":\"Homil\u00eda de Monse\u00f1or Alfredo Jos\u00e9 Espinoza Mateus, Arzobispo de Quito y Primado del Ecuador, en el VIII Encuentro Nacional de Sacerdotes\",\"datePublished\":\"2023-07-11T01:09:50+00:00\",\"dateModified\":\"2024-05-17T19:55:38+00:00\",\"mainEntityOfPage\":{\"@id\":\"https:\/\/www.iec2024.ec\/it\/homilia-de-monsenor-alfredo-jose-espinoza-mateus-arzobispo-de-quito-y-primado-del-ecuador-en-el-viii-encuentro-nacional-de-sacerdotes\/\"},\"wordCount\":1155,\"commentCount\":0,\"publisher\":{\"@id\":\"https:\/\/www.iec2024.ec\/it\/#organization\"},\"articleSection\":[\"Notizia\"],\"inLanguage\":\"it-IT\",\"potentialAction\":[{\"@type\":\"CommentAction\",\"name\":\"Comment\",\"target\":[\"https:\/\/www.iec2024.ec\/it\/homilia-de-monsenor-alfredo-jose-espinoza-mateus-arzobispo-de-quito-y-primado-del-ecuador-en-el-viii-encuentro-nacional-de-sacerdotes\/#respond\"]}]},{\"@type\":\"WebPage\",\"@id\":\"https:\/\/www.iec2024.ec\/it\/homilia-de-monsenor-alfredo-jose-espinoza-mateus-arzobispo-de-quito-y-primado-del-ecuador-en-el-viii-encuentro-nacional-de-sacerdotes\/\",\"url\":\"https:\/\/www.iec2024.ec\/it\/homilia-de-monsenor-alfredo-jose-espinoza-mateus-arzobispo-de-quito-y-primado-del-ecuador-en-el-viii-encuentro-nacional-de-sacerdotes\/\",\"name\":\"Homil\u00eda de Monse\u00f1or Alfredo Jos\u00e9 Espinoza Mateus, Arzobispo de Quito y Primado del Ecuador, en el VIII Encuentro Nacional de Sacerdotes - IEC 2024\",\"isPartOf\":{\"@id\":\"https:\/\/www.iec2024.ec\/it\/#website\"},\"datePublished\":\"2023-07-11T01:09:50+00:00\",\"dateModified\":\"2024-05-17T19:55:38+00:00\",\"breadcrumb\":{\"@id\":\"https:\/\/www.iec2024.ec\/it\/homilia-de-monsenor-alfredo-jose-espinoza-mateus-arzobispo-de-quito-y-primado-del-ecuador-en-el-viii-encuentro-nacional-de-sacerdotes\/#breadcrumb\"},\"inLanguage\":\"it-IT\",\"potentialAction\":[{\"@type\":\"ReadAction\",\"target\":[\"https:\/\/www.iec2024.ec\/it\/homilia-de-monsenor-alfredo-jose-espinoza-mateus-arzobispo-de-quito-y-primado-del-ecuador-en-el-viii-encuentro-nacional-de-sacerdotes\/\"]}]},{\"@type\":\"BreadcrumbList\",\"@id\":\"https:\/\/www.iec2024.ec\/it\/homilia-de-monsenor-alfredo-jose-espinoza-mateus-arzobispo-de-quito-y-primado-del-ecuador-en-el-viii-encuentro-nacional-de-sacerdotes\/#breadcrumb\",\"itemListElement\":[{\"@type\":\"ListItem\",\"position\":1,\"name\":\"Portada\",\"item\":\"https:\/\/www.iec2024.ec\/it\/\"},{\"@type\":\"ListItem\",\"position\":2,\"name\":\"Homil\u00eda de Monse\u00f1or Alfredo Jos\u00e9 Espinoza Mateus, Arzobispo de Quito y Primado del Ecuador, en el VIII Encuentro Nacional de Sacerdotes\"}]},{\"@type\":\"WebSite\",\"@id\":\"https:\/\/www.iec2024.ec\/it\/#website\",\"url\":\"https:\/\/www.iec2024.ec\/it\/\",\"name\":\"IEC 2024\",\"description\":\"\",\"publisher\":{\"@id\":\"https:\/\/www.iec2024.ec\/it\/#organization\"},\"potentialAction\":[{\"@type\":\"SearchAction\",\"target\":{\"@type\":\"EntryPoint\",\"urlTemplate\":\"https:\/\/www.iec2024.ec\/it\/?s={search_term_string}\"},\"query-input\":\"required name=search_term_string\"}],\"inLanguage\":\"it-IT\"},{\"@type\":\"Organization\",\"@id\":\"https:\/\/www.iec2024.ec\/it\/#organization\",\"name\":\"IEC 2024\",\"url\":\"https:\/\/www.iec2024.ec\/it\/\",\"logo\":{\"@type\":\"ImageObject\",\"inLanguage\":\"it-IT\",\"@id\":\"https:\/\/www.iec2024.ec\/it\/#\/schema\/logo\/image\/\",\"url\":\"https:\/\/www.iec2024.ec\/wp-content\/uploads\/2024\/01\/cropped-logo-2024.png\",\"contentUrl\":\"https:\/\/www.iec2024.ec\/wp-content\/uploads\/2024\/01\/cropped-logo-2024.png\",\"width\":1277,\"height\":332,\"caption\":\"IEC 2024\"},\"image\":{\"@id\":\"https:\/\/www.iec2024.ec\/it\/#\/schema\/logo\/image\/\"}},{\"@type\":\"Person\",\"@id\":\"https:\/\/www.iec2024.ec\/it\/#\/schema\/person\/7dc46e27a804fe39ba34935ca5284fe2\",\"name\":\"Secretario T\u00e9cnico\",\"image\":{\"@type\":\"ImageObject\",\"inLanguage\":\"it-IT\",\"@id\":\"https:\/\/www.iec2024.ec\/it\/#\/schema\/person\/image\/\",\"url\":\"https:\/\/secure.gravatar.com\/avatar\/67808a21710148ea0645bc85e43e21b6?s=96&d=mm&r=g\",\"contentUrl\":\"https:\/\/secure.gravatar.com\/avatar\/67808a21710148ea0645bc85e43e21b6?s=96&d=mm&r=g\",\"caption\":\"Secretario T\u00e9cnico\"},\"url\":\"https:\/\/www.iec2024.ec\/it\/author\/4dm1ns3cr3t4r10\/\"}]}<\/script>\n<!-- \/ Yoast SEO plugin. -->","yoast_head_json":{"title":"Homil\u00eda de Monse\u00f1or Alfredo Jos\u00e9 Espinoza Mateus, Arzobispo de Quito y Primado del Ecuador, en el VIII Encuentro Nacional de Sacerdotes - IEC 2024","robots":{"index":"index","follow":"follow","max-snippet":"max-snippet:-1","max-image-preview":"max-image-preview:large","max-video-preview":"max-video-preview:-1"},"canonical":"https:\/\/www.iec2024.ec\/it\/homilia-de-monsenor-alfredo-jose-espinoza-mateus-arzobispo-de-quito-y-primado-del-ecuador-en-el-viii-encuentro-nacional-de-sacerdotes\/","og_locale":"it_IT","og_type":"article","og_title":"Homil\u00eda de Monse\u00f1or Alfredo Jos\u00e9 Espinoza Mateus, Arzobispo de Quito y Primado del Ecuador, en el VIII Encuentro Nacional de Sacerdotes - IEC 2024","og_description":"\u00a0 \u00a0 \u00a0 Guayaquil, 10 de julio de 2023 Con mucha alegr\u00eda celebro con ustedes, queridos hermanos obispos y queridos hermanos sacerdotes de todo el pa\u00eds al comenzar este VIII Encuentro Nacional. Celebro aqu\u00ed, en este Santuario, en esta casa de la Virgen tan significativa para m\u00ed. En confidencia les cuento que aqu\u00ed, a los [&hellip;]","og_url":"https:\/\/www.iec2024.ec\/it\/homilia-de-monsenor-alfredo-jose-espinoza-mateus-arzobispo-de-quito-y-primado-del-ecuador-en-el-viii-encuentro-nacional-de-sacerdotes\/","og_site_name":"IEC 2024","article_published_time":"2023-07-11T01:09:50+00:00","article_modified_time":"2024-05-17T19:55:38+00:00","og_image":[{"width":1035,"height":597,"url":"https:\/\/www.iec2024.ec\/wp-content\/uploads\/2023\/08\/WhatsApp-Image-2023-07-10-at-19.05.48-e1689038414247.jpeg","type":"image\/jpeg"}],"author":"Secretario T\u00e9cnico","twitter_card":"summary_large_image","twitter_misc":{"Scritto da":"Secretario T\u00e9cnico","Tempo di lettura stimato":"6 minuti"},"schema":{"@context":"https:\/\/schema.org","@graph":[{"@type":"Article","@id":"https:\/\/www.iec2024.ec\/it\/homilia-de-monsenor-alfredo-jose-espinoza-mateus-arzobispo-de-quito-y-primado-del-ecuador-en-el-viii-encuentro-nacional-de-sacerdotes\/#article","isPartOf":{"@id":"https:\/\/www.iec2024.ec\/it\/homilia-de-monsenor-alfredo-jose-espinoza-mateus-arzobispo-de-quito-y-primado-del-ecuador-en-el-viii-encuentro-nacional-de-sacerdotes\/"},"author":{"name":"Secretario T\u00e9cnico","@id":"https:\/\/www.iec2024.ec\/it\/#\/schema\/person\/7dc46e27a804fe39ba34935ca5284fe2"},"headline":"Homil\u00eda de Monse\u00f1or Alfredo Jos\u00e9 Espinoza Mateus, Arzobispo de Quito y Primado del Ecuador, en el VIII Encuentro Nacional de Sacerdotes","datePublished":"2023-07-11T01:09:50+00:00","dateModified":"2024-05-17T19:55:38+00:00","mainEntityOfPage":{"@id":"https:\/\/www.iec2024.ec\/it\/homilia-de-monsenor-alfredo-jose-espinoza-mateus-arzobispo-de-quito-y-primado-del-ecuador-en-el-viii-encuentro-nacional-de-sacerdotes\/"},"wordCount":1155,"commentCount":0,"publisher":{"@id":"https:\/\/www.iec2024.ec\/it\/#organization"},"articleSection":["Notizia"],"inLanguage":"it-IT","potentialAction":[{"@type":"CommentAction","name":"Comment","target":["https:\/\/www.iec2024.ec\/it\/homilia-de-monsenor-alfredo-jose-espinoza-mateus-arzobispo-de-quito-y-primado-del-ecuador-en-el-viii-encuentro-nacional-de-sacerdotes\/#respond"]}]},{"@type":"WebPage","@id":"https:\/\/www.iec2024.ec\/it\/homilia-de-monsenor-alfredo-jose-espinoza-mateus-arzobispo-de-quito-y-primado-del-ecuador-en-el-viii-encuentro-nacional-de-sacerdotes\/","url":"https:\/\/www.iec2024.ec\/it\/homilia-de-monsenor-alfredo-jose-espinoza-mateus-arzobispo-de-quito-y-primado-del-ecuador-en-el-viii-encuentro-nacional-de-sacerdotes\/","name":"Homil\u00eda de Monse\u00f1or Alfredo Jos\u00e9 Espinoza Mateus, Arzobispo de Quito y Primado del Ecuador, en el VIII Encuentro Nacional de Sacerdotes - IEC 2024","isPartOf":{"@id":"https:\/\/www.iec2024.ec\/it\/#website"},"datePublished":"2023-07-11T01:09:50+00:00","dateModified":"2024-05-17T19:55:38+00:00","breadcrumb":{"@id":"https:\/\/www.iec2024.ec\/it\/homilia-de-monsenor-alfredo-jose-espinoza-mateus-arzobispo-de-quito-y-primado-del-ecuador-en-el-viii-encuentro-nacional-de-sacerdotes\/#breadcrumb"},"inLanguage":"it-IT","potentialAction":[{"@type":"ReadAction","target":["https:\/\/www.iec2024.ec\/it\/homilia-de-monsenor-alfredo-jose-espinoza-mateus-arzobispo-de-quito-y-primado-del-ecuador-en-el-viii-encuentro-nacional-de-sacerdotes\/"]}]},{"@type":"BreadcrumbList","@id":"https:\/\/www.iec2024.ec\/it\/homilia-de-monsenor-alfredo-jose-espinoza-mateus-arzobispo-de-quito-y-primado-del-ecuador-en-el-viii-encuentro-nacional-de-sacerdotes\/#breadcrumb","itemListElement":[{"@type":"ListItem","position":1,"name":"Portada","item":"https:\/\/www.iec2024.ec\/it\/"},{"@type":"ListItem","position":2,"name":"Homil\u00eda de Monse\u00f1or Alfredo Jos\u00e9 Espinoza Mateus, Arzobispo de Quito y Primado del Ecuador, en el VIII Encuentro Nacional de Sacerdotes"}]},{"@type":"WebSite","@id":"https:\/\/www.iec2024.ec\/it\/#website","url":"https:\/\/www.iec2024.ec\/it\/","name":"IEC 2024","description":"","publisher":{"@id":"https:\/\/www.iec2024.ec\/it\/#organization"},"potentialAction":[{"@type":"SearchAction","target":{"@type":"EntryPoint","urlTemplate":"https:\/\/www.iec2024.ec\/it\/?s={search_term_string}"},"query-input":"required name=search_term_string"}],"inLanguage":"it-IT"},{"@type":"Organization","@id":"https:\/\/www.iec2024.ec\/it\/#organization","name":"IEC 2024","url":"https:\/\/www.iec2024.ec\/it\/","logo":{"@type":"ImageObject","inLanguage":"it-IT","@id":"https:\/\/www.iec2024.ec\/it\/#\/schema\/logo\/image\/","url":"https:\/\/www.iec2024.ec\/wp-content\/uploads\/2024\/01\/cropped-logo-2024.png","contentUrl":"https:\/\/www.iec2024.ec\/wp-content\/uploads\/2024\/01\/cropped-logo-2024.png","width":1277,"height":332,"caption":"IEC 2024"},"image":{"@id":"https:\/\/www.iec2024.ec\/it\/#\/schema\/logo\/image\/"}},{"@type":"Person","@id":"https:\/\/www.iec2024.ec\/it\/#\/schema\/person\/7dc46e27a804fe39ba34935ca5284fe2","name":"Secretario T\u00e9cnico","image":{"@type":"ImageObject","inLanguage":"it-IT","@id":"https:\/\/www.iec2024.ec\/it\/#\/schema\/person\/image\/","url":"https:\/\/secure.gravatar.com\/avatar\/67808a21710148ea0645bc85e43e21b6?s=96&d=mm&r=g","contentUrl":"https:\/\/secure.gravatar.com\/avatar\/67808a21710148ea0645bc85e43e21b6?s=96&d=mm&r=g","caption":"Secretario T\u00e9cnico"},"url":"https:\/\/www.iec2024.ec\/it\/author\/4dm1ns3cr3t4r10\/"}]}},"_links":{"self":[{"href":"https:\/\/www.iec2024.ec\/it\/wp-json\/wp\/v2\/posts\/5207"}],"collection":[{"href":"https:\/\/www.iec2024.ec\/it\/wp-json\/wp\/v2\/posts"}],"about":[{"href":"https:\/\/www.iec2024.ec\/it\/wp-json\/wp\/v2\/types\/post"}],"author":[{"embeddable":true,"href":"https:\/\/www.iec2024.ec\/it\/wp-json\/wp\/v2\/users\/2"}],"replies":[{"embeddable":true,"href":"https:\/\/www.iec2024.ec\/it\/wp-json\/wp\/v2\/comments?post=5207"}],"version-history":[{"count":1,"href":"https:\/\/www.iec2024.ec\/it\/wp-json\/wp\/v2\/posts\/5207\/revisions"}],"predecessor-version":[{"id":5658,"href":"https:\/\/www.iec2024.ec\/it\/wp-json\/wp\/v2\/posts\/5207\/revisions\/5658"}],"wp:featuredmedia":[{"embeddable":true,"href":"https:\/\/www.iec2024.ec\/it\/wp-json\/wp\/v2\/media\/5110"}],"wp:attachment":[{"href":"https:\/\/www.iec2024.ec\/it\/wp-json\/wp\/v2\/media?parent=5207"}],"wp:term":[{"taxonomy":"category","embeddable":true,"href":"https:\/\/www.iec2024.ec\/it\/wp-json\/wp\/v2\/categories?post=5207"},{"taxonomy":"post_tag","embeddable":true,"href":"https:\/\/www.iec2024.ec\/it\/wp-json\/wp\/v2\/tags?post=5207"}],"curies":[{"name":"wp","href":"https:\/\/api.w.org\/{rel}","templated":true}]}}