{"id":5220,"date":"2023-07-05T15:51:46","date_gmt":"2023-07-05T20:51:46","guid":{"rendered":"https:\/\/www.iec2024.ec\/evangeliario-simbolo-del-53-congreso-eucaristico-internacional-creado-por-el-orfebre-ecuatoriano-santiago-guartambel\/"},"modified":"2024-08-17T09:46:31","modified_gmt":"2024-08-17T14:46:31","slug":"evangeliario-simbolo-del-53-congreso-eucaristico-internacional","status":"publish","type":"post","link":"https:\/\/www.iec2024.ec\/it\/evangeliario-simbolo-del-53-congreso-eucaristico-internacional\/","title":{"rendered":"\u201cEvangeliario\u201d, s\u00edmbolo del 53\u00b0 Congreso Eucar\u00edstico Internacional"},"content":{"rendered":"<p>El <strong>&#8220;Evangeliario&#8221;<\/strong> es un libro lit\u00fargico que contiene los evangelios de cada domingo del a\u00f1o y de las fiestas solemnes, que fue adoptado como s<strong>\u00edmbolo del 53\u00b0 Congreso Eucar\u00edstico Internacional<\/strong>.\u00a0 Este s\u00edmbolo oficial del IEC 2024 fue bendecido y firmado por el P<strong>apa Francisco<\/strong>, la ma\u00f1ana del mi\u00e9rcoles 24 de mayo de 2023.<\/p>\n<p>La portada del Evangeliario contiene una cobertura especial con una obra art\u00edstica elaborada por el artesano cuencano Santiago Guartambel, cuyo talento ha dado un significado profundo a esta pieza \u00fanica que tiene como protagonista la figura del Sagrado Coraz\u00f3n de Jes\u00fas, un s\u00edmbolo ic\u00f3nico del Ecuador, trabajado en ba\u00f1o de oro.<\/p>\n<p>En el manto del Sacrat\u00edsimo Coraz\u00f3n, que est\u00e1 esmaltado al fuego, se encuentran el logotipo del Congreso y el escudo de Ecuador, representando al encuentro eclesial que acoger\u00e1 en septiembre pr\u00f3ximo.<\/p>\n<p>La obra incorpora elementos que representan la diversidad cultural del pa\u00eds a trav\u00e9s de las diferentes etnias. En la contraportada se encuentran un shuar, simbolizando la Regi\u00f3n Amaz\u00f3nica; un ind\u00edgena andino, representando la Regi\u00f3n Sierra; y una mujer afroecuatoriana, representando a la Regi\u00f3n Litoral. En esta misma composici\u00f3n se incluyen las figuras de un beb\u00e9, un joven y un anciano, que completan la diversidad poblacional del Ecuador.<\/p>\n<p>En cuanto a las caracter\u00edsticas f\u00edsicas del Evangeliario, Guartambel menciona que el s\u00edmbolo tiene un tama\u00f1o de 45 cm x 65 cm. La pieza fue elaborada en plata de 950, material que fue preparado rigurosamente en su taller.<\/p>\n<p>El proceso de creaci\u00f3n del s\u00edmbolo fue un desaf\u00edo que requiri\u00f3 seis meses de trabajo intenso, debido a los relieves y detalles minuciosos que se realizaron.<\/p>\n<p>Previamente a la elaboraci\u00f3n definitiva de la obra, el autor realiz\u00f3 algunos viajes a Quito para presentar los bocetos, los cuales fueron aprobados por Mons. Alfredo Jos\u00e9 Espinoza Mateus, SDB, Arzobispo de Quito y Primado del Ecuador, y por el P. Juan Carlos Garz\u00f3n, Secretario General del IEC 2024.<\/p>\n<p>Guartambel ha asumido con gran orgullo la responsabilidad de representar al Congreso Eucar\u00edstico Internacional mediante el dise\u00f1o del Evangeliario. &#8220;Para m\u00ed es un honor haber trabajado en este s\u00edmbolo, ya que es representativo, art\u00edstico y, especialmente, religioso que recorrer\u00e1 todo el pa\u00eds&#8221;, apunt\u00f3.<\/p>\n<p><span style=\"font-weight: 400\">Conoce m\u00e1s del Congreso, en nuestras redes sociales <\/span><b>@IEC2024Quito<\/b><\/p>\n<p><b>Por: Mar\u00eda Jos\u00e9 Casco<\/b><\/p>\n","protected":false},"excerpt":{"rendered":"<p>El &#8220;Evangeliario&#8221; es un libro lit\u00fargico que contiene los evangelios de cada domingo del a\u00f1o y de las fiestas solemnes, que fue adoptado como s\u00edmbolo del 53\u00b0 Congreso Eucar\u00edstico Internacional.\u00a0 Este s\u00edmbolo oficial del IEC 2024 fue bendecido y firmado por el Papa Francisco, la ma\u00f1ana del mi\u00e9rcoles 24 de mayo de 2023. La portada [&hellip;]<\/p>\n","protected":false},"author":2,"featured_media":5108,"comment_status":"open","ping_status":"open","sticky":false,"template":"","format":"standard","meta":{"footnotes":""},"categories":[34],"tags":[],"acf":[],"yoast_head":"<!-- This site is optimized with the Yoast SEO plugin v21.1 - https:\/\/yoast.com\/wordpress\/plugins\/seo\/ -->\n<title>\u201cEvangeliario\u201d, s\u00edmbolo del 53\u00b0 Congreso Eucar\u00edstico Internacional - IEC 2024<\/title>\n<meta name=\"robots\" content=\"index, follow, max-snippet:-1, max-image-preview:large, max-video-preview:-1\" \/>\n<link rel=\"canonical\" href=\"https:\/\/www.iec2024.ec\/it\/evangeliario-simbolo-del-53-congreso-eucaristico-internacional\/\" \/>\n<meta property=\"og:locale\" content=\"it_IT\" \/>\n<meta property=\"og:type\" content=\"article\" \/>\n<meta property=\"og:title\" content=\"\u201cEvangeliario\u201d, s\u00edmbolo del 53\u00b0 Congreso Eucar\u00edstico Internacional - IEC 2024\" \/>\n<meta property=\"og:description\" content=\"El &#8220;Evangeliario&#8221; es un libro lit\u00fargico que contiene los evangelios de cada domingo del a\u00f1o y de las fiestas solemnes, que fue adoptado como s\u00edmbolo del 53\u00b0 Congreso Eucar\u00edstico Internacional.\u00a0 Este s\u00edmbolo oficial del IEC 2024 fue bendecido y firmado por el Papa Francisco, la ma\u00f1ana del mi\u00e9rcoles 24 de mayo de 2023. La portada [&hellip;]\" \/>\n<meta property=\"og:url\" content=\"https:\/\/www.iec2024.ec\/it\/evangeliario-simbolo-del-53-congreso-eucaristico-internacional\/\" \/>\n<meta property=\"og:site_name\" content=\"IEC 2024\" \/>\n<meta property=\"article:published_time\" content=\"2023-07-05T20:51:46+00:00\" \/>\n<meta property=\"article:modified_time\" content=\"2024-08-17T14:46:31+00:00\" \/>\n<meta property=\"og:image\" content=\"https:\/\/www.iec2024.ec\/wp-content\/uploads\/2023\/08\/DSC_0484-scaled-e1688590418971.jpg\" \/>\n\t<meta property=\"og:image:width\" content=\"2560\" \/>\n\t<meta property=\"og:image:height\" content=\"1542\" \/>\n\t<meta property=\"og:image:type\" content=\"image\/jpeg\" \/>\n<meta name=\"author\" content=\"Secretario T\u00e9cnico\" \/>\n<meta name=\"twitter:card\" content=\"summary_large_image\" \/>\n<meta name=\"twitter:label1\" content=\"Scritto da\" \/>\n\t<meta name=\"twitter:data1\" content=\"Secretario T\u00e9cnico\" \/>\n\t<meta name=\"twitter:label2\" content=\"Tempo di lettura stimato\" \/>\n\t<meta name=\"twitter:data2\" content=\"2 minuti\" \/>\n<script type=\"application\/ld+json\" class=\"yoast-schema-graph\">{\"@context\":\"https:\/\/schema.org\",\"@graph\":[{\"@type\":\"Article\",\"@id\":\"https:\/\/www.iec2024.ec\/it\/evangeliario-simbolo-del-53-congreso-eucaristico-internacional\/#article\",\"isPartOf\":{\"@id\":\"https:\/\/www.iec2024.ec\/it\/evangeliario-simbolo-del-53-congreso-eucaristico-internacional\/\"},\"author\":{\"name\":\"Secretario T\u00e9cnico\",\"@id\":\"https:\/\/www.iec2024.ec\/it\/#\/schema\/person\/7dc46e27a804fe39ba34935ca5284fe2\"},\"headline\":\"\u201cEvangeliario\u201d, s\u00edmbolo del 53\u00b0 Congreso Eucar\u00edstico Internacional\",\"datePublished\":\"2023-07-05T20:51:46+00:00\",\"dateModified\":\"2024-08-17T14:46:31+00:00\",\"mainEntityOfPage\":{\"@id\":\"https:\/\/www.iec2024.ec\/it\/evangeliario-simbolo-del-53-congreso-eucaristico-internacional\/\"},\"wordCount\":412,\"commentCount\":0,\"publisher\":{\"@id\":\"https:\/\/www.iec2024.ec\/it\/#organization\"},\"articleSection\":[\"Notizia\"],\"inLanguage\":\"it-IT\",\"potentialAction\":[{\"@type\":\"CommentAction\",\"name\":\"Comment\",\"target\":[\"https:\/\/www.iec2024.ec\/it\/evangeliario-simbolo-del-53-congreso-eucaristico-internacional\/#respond\"]}]},{\"@type\":\"WebPage\",\"@id\":\"https:\/\/www.iec2024.ec\/it\/evangeliario-simbolo-del-53-congreso-eucaristico-internacional\/\",\"url\":\"https:\/\/www.iec2024.ec\/it\/evangeliario-simbolo-del-53-congreso-eucaristico-internacional\/\",\"name\":\"\u201cEvangeliario\u201d, s\u00edmbolo del 53\u00b0 Congreso Eucar\u00edstico Internacional - IEC 2024\",\"isPartOf\":{\"@id\":\"https:\/\/www.iec2024.ec\/it\/#website\"},\"datePublished\":\"2023-07-05T20:51:46+00:00\",\"dateModified\":\"2024-08-17T14:46:31+00:00\",\"breadcrumb\":{\"@id\":\"https:\/\/www.iec2024.ec\/it\/evangeliario-simbolo-del-53-congreso-eucaristico-internacional\/#breadcrumb\"},\"inLanguage\":\"it-IT\",\"potentialAction\":[{\"@type\":\"ReadAction\",\"target\":[\"https:\/\/www.iec2024.ec\/it\/evangeliario-simbolo-del-53-congreso-eucaristico-internacional\/\"]}]},{\"@type\":\"BreadcrumbList\",\"@id\":\"https:\/\/www.iec2024.ec\/it\/evangeliario-simbolo-del-53-congreso-eucaristico-internacional\/#breadcrumb\",\"itemListElement\":[{\"@type\":\"ListItem\",\"position\":1,\"name\":\"Portada\",\"item\":\"https:\/\/www.iec2024.ec\/it\/\"},{\"@type\":\"ListItem\",\"position\":2,\"name\":\"\u201cEvangeliario\u201d, s\u00edmbolo del 53\u00b0 Congreso Eucar\u00edstico Internacional\"}]},{\"@type\":\"WebSite\",\"@id\":\"https:\/\/www.iec2024.ec\/it\/#website\",\"url\":\"https:\/\/www.iec2024.ec\/it\/\",\"name\":\"IEC 2024\",\"description\":\"\",\"publisher\":{\"@id\":\"https:\/\/www.iec2024.ec\/it\/#organization\"},\"potentialAction\":[{\"@type\":\"SearchAction\",\"target\":{\"@type\":\"EntryPoint\",\"urlTemplate\":\"https:\/\/www.iec2024.ec\/it\/?s={search_term_string}\"},\"query-input\":\"required name=search_term_string\"}],\"inLanguage\":\"it-IT\"},{\"@type\":\"Organization\",\"@id\":\"https:\/\/www.iec2024.ec\/it\/#organization\",\"name\":\"IEC 2024\",\"url\":\"https:\/\/www.iec2024.ec\/it\/\",\"logo\":{\"@type\":\"ImageObject\",\"inLanguage\":\"it-IT\",\"@id\":\"https:\/\/www.iec2024.ec\/it\/#\/schema\/logo\/image\/\",\"url\":\"https:\/\/www.iec2024.ec\/wp-content\/uploads\/2024\/01\/cropped-logo-2024.png\",\"contentUrl\":\"https:\/\/www.iec2024.ec\/wp-content\/uploads\/2024\/01\/cropped-logo-2024.png\",\"width\":1277,\"height\":332,\"caption\":\"IEC 2024\"},\"image\":{\"@id\":\"https:\/\/www.iec2024.ec\/it\/#\/schema\/logo\/image\/\"}},{\"@type\":\"Person\",\"@id\":\"https:\/\/www.iec2024.ec\/it\/#\/schema\/person\/7dc46e27a804fe39ba34935ca5284fe2\",\"name\":\"Secretario T\u00e9cnico\",\"image\":{\"@type\":\"ImageObject\",\"inLanguage\":\"it-IT\",\"@id\":\"https:\/\/www.iec2024.ec\/it\/#\/schema\/person\/image\/\",\"url\":\"https:\/\/secure.gravatar.com\/avatar\/67808a21710148ea0645bc85e43e21b6?s=96&d=mm&r=g\",\"contentUrl\":\"https:\/\/secure.gravatar.com\/avatar\/67808a21710148ea0645bc85e43e21b6?s=96&d=mm&r=g\",\"caption\":\"Secretario T\u00e9cnico\"},\"url\":\"https:\/\/www.iec2024.ec\/it\/author\/4dm1ns3cr3t4r10\/\"}]}<\/script>\n<!-- \/ Yoast SEO plugin. -->","yoast_head_json":{"title":"\u201cEvangeliario\u201d, s\u00edmbolo del 53\u00b0 Congreso Eucar\u00edstico Internacional - IEC 2024","robots":{"index":"index","follow":"follow","max-snippet":"max-snippet:-1","max-image-preview":"max-image-preview:large","max-video-preview":"max-video-preview:-1"},"canonical":"https:\/\/www.iec2024.ec\/it\/evangeliario-simbolo-del-53-congreso-eucaristico-internacional\/","og_locale":"it_IT","og_type":"article","og_title":"\u201cEvangeliario\u201d, s\u00edmbolo del 53\u00b0 Congreso Eucar\u00edstico Internacional - IEC 2024","og_description":"El &#8220;Evangeliario&#8221; es un libro lit\u00fargico que contiene los evangelios de cada domingo del a\u00f1o y de las fiestas solemnes, que fue adoptado como s\u00edmbolo del 53\u00b0 Congreso Eucar\u00edstico Internacional.\u00a0 Este s\u00edmbolo oficial del IEC 2024 fue bendecido y firmado por el Papa Francisco, la ma\u00f1ana del mi\u00e9rcoles 24 de mayo de 2023. La portada [&hellip;]","og_url":"https:\/\/www.iec2024.ec\/it\/evangeliario-simbolo-del-53-congreso-eucaristico-internacional\/","og_site_name":"IEC 2024","article_published_time":"2023-07-05T20:51:46+00:00","article_modified_time":"2024-08-17T14:46:31+00:00","og_image":[{"width":2560,"height":1542,"url":"https:\/\/www.iec2024.ec\/wp-content\/uploads\/2023\/08\/DSC_0484-scaled-e1688590418971.jpg","type":"image\/jpeg"}],"author":"Secretario T\u00e9cnico","twitter_card":"summary_large_image","twitter_misc":{"Scritto da":"Secretario T\u00e9cnico","Tempo di lettura stimato":"2 minuti"},"schema":{"@context":"https:\/\/schema.org","@graph":[{"@type":"Article","@id":"https:\/\/www.iec2024.ec\/it\/evangeliario-simbolo-del-53-congreso-eucaristico-internacional\/#article","isPartOf":{"@id":"https:\/\/www.iec2024.ec\/it\/evangeliario-simbolo-del-53-congreso-eucaristico-internacional\/"},"author":{"name":"Secretario T\u00e9cnico","@id":"https:\/\/www.iec2024.ec\/it\/#\/schema\/person\/7dc46e27a804fe39ba34935ca5284fe2"},"headline":"\u201cEvangeliario\u201d, s\u00edmbolo del 53\u00b0 Congreso Eucar\u00edstico Internacional","datePublished":"2023-07-05T20:51:46+00:00","dateModified":"2024-08-17T14:46:31+00:00","mainEntityOfPage":{"@id":"https:\/\/www.iec2024.ec\/it\/evangeliario-simbolo-del-53-congreso-eucaristico-internacional\/"},"wordCount":412,"commentCount":0,"publisher":{"@id":"https:\/\/www.iec2024.ec\/it\/#organization"},"articleSection":["Notizia"],"inLanguage":"it-IT","potentialAction":[{"@type":"CommentAction","name":"Comment","target":["https:\/\/www.iec2024.ec\/it\/evangeliario-simbolo-del-53-congreso-eucaristico-internacional\/#respond"]}]},{"@type":"WebPage","@id":"https:\/\/www.iec2024.ec\/it\/evangeliario-simbolo-del-53-congreso-eucaristico-internacional\/","url":"https:\/\/www.iec2024.ec\/it\/evangeliario-simbolo-del-53-congreso-eucaristico-internacional\/","name":"\u201cEvangeliario\u201d, s\u00edmbolo del 53\u00b0 Congreso Eucar\u00edstico Internacional - IEC 2024","isPartOf":{"@id":"https:\/\/www.iec2024.ec\/it\/#website"},"datePublished":"2023-07-05T20:51:46+00:00","dateModified":"2024-08-17T14:46:31+00:00","breadcrumb":{"@id":"https:\/\/www.iec2024.ec\/it\/evangeliario-simbolo-del-53-congreso-eucaristico-internacional\/#breadcrumb"},"inLanguage":"it-IT","potentialAction":[{"@type":"ReadAction","target":["https:\/\/www.iec2024.ec\/it\/evangeliario-simbolo-del-53-congreso-eucaristico-internacional\/"]}]},{"@type":"BreadcrumbList","@id":"https:\/\/www.iec2024.ec\/it\/evangeliario-simbolo-del-53-congreso-eucaristico-internacional\/#breadcrumb","itemListElement":[{"@type":"ListItem","position":1,"name":"Portada","item":"https:\/\/www.iec2024.ec\/it\/"},{"@type":"ListItem","position":2,"name":"\u201cEvangeliario\u201d, s\u00edmbolo del 53\u00b0 Congreso Eucar\u00edstico Internacional"}]},{"@type":"WebSite","@id":"https:\/\/www.iec2024.ec\/it\/#website","url":"https:\/\/www.iec2024.ec\/it\/","name":"IEC 2024","description":"","publisher":{"@id":"https:\/\/www.iec2024.ec\/it\/#organization"},"potentialAction":[{"@type":"SearchAction","target":{"@type":"EntryPoint","urlTemplate":"https:\/\/www.iec2024.ec\/it\/?s={search_term_string}"},"query-input":"required name=search_term_string"}],"inLanguage":"it-IT"},{"@type":"Organization","@id":"https:\/\/www.iec2024.ec\/it\/#organization","name":"IEC 2024","url":"https:\/\/www.iec2024.ec\/it\/","logo":{"@type":"ImageObject","inLanguage":"it-IT","@id":"https:\/\/www.iec2024.ec\/it\/#\/schema\/logo\/image\/","url":"https:\/\/www.iec2024.ec\/wp-content\/uploads\/2024\/01\/cropped-logo-2024.png","contentUrl":"https:\/\/www.iec2024.ec\/wp-content\/uploads\/2024\/01\/cropped-logo-2024.png","width":1277,"height":332,"caption":"IEC 2024"},"image":{"@id":"https:\/\/www.iec2024.ec\/it\/#\/schema\/logo\/image\/"}},{"@type":"Person","@id":"https:\/\/www.iec2024.ec\/it\/#\/schema\/person\/7dc46e27a804fe39ba34935ca5284fe2","name":"Secretario T\u00e9cnico","image":{"@type":"ImageObject","inLanguage":"it-IT","@id":"https:\/\/www.iec2024.ec\/it\/#\/schema\/person\/image\/","url":"https:\/\/secure.gravatar.com\/avatar\/67808a21710148ea0645bc85e43e21b6?s=96&d=mm&r=g","contentUrl":"https:\/\/secure.gravatar.com\/avatar\/67808a21710148ea0645bc85e43e21b6?s=96&d=mm&r=g","caption":"Secretario T\u00e9cnico"},"url":"https:\/\/www.iec2024.ec\/it\/author\/4dm1ns3cr3t4r10\/"}]}},"_links":{"self":[{"href":"https:\/\/www.iec2024.ec\/it\/wp-json\/wp\/v2\/posts\/5220"}],"collection":[{"href":"https:\/\/www.iec2024.ec\/it\/wp-json\/wp\/v2\/posts"}],"about":[{"href":"https:\/\/www.iec2024.ec\/it\/wp-json\/wp\/v2\/types\/post"}],"author":[{"embeddable":true,"href":"https:\/\/www.iec2024.ec\/it\/wp-json\/wp\/v2\/users\/2"}],"replies":[{"embeddable":true,"href":"https:\/\/www.iec2024.ec\/it\/wp-json\/wp\/v2\/comments?post=5220"}],"version-history":[{"count":3,"href":"https:\/\/www.iec2024.ec\/it\/wp-json\/wp\/v2\/posts\/5220\/revisions"}],"predecessor-version":[{"id":20227,"href":"https:\/\/www.iec2024.ec\/it\/wp-json\/wp\/v2\/posts\/5220\/revisions\/20227"}],"wp:featuredmedia":[{"embeddable":true,"href":"https:\/\/www.iec2024.ec\/it\/wp-json\/wp\/v2\/media\/5108"}],"wp:attachment":[{"href":"https:\/\/www.iec2024.ec\/it\/wp-json\/wp\/v2\/media?parent=5220"}],"wp:term":[{"taxonomy":"category","embeddable":true,"href":"https:\/\/www.iec2024.ec\/it\/wp-json\/wp\/v2\/categories?post=5220"},{"taxonomy":"post_tag","embeddable":true,"href":"https:\/\/www.iec2024.ec\/it\/wp-json\/wp\/v2\/tags?post=5220"}],"curies":[{"name":"wp","href":"https:\/\/api.w.org\/{rel}","templated":true}]}}