{"id":5239,"date":"2023-07-05T12:43:20","date_gmt":"2023-07-05T17:43:20","guid":{"rendered":"https:\/\/www.iec2024.ec\/como-llevar-la-eucaristia-a-la-vida-diaria\/"},"modified":"2024-05-17T14:37:11","modified_gmt":"2024-05-17T19:37:11","slug":"como-llevar-la-eucaristia-a-la-vida-diaria","status":"publish","type":"post","link":"https:\/\/www.iec2024.ec\/it\/como-llevar-la-eucaristia-a-la-vida-diaria\/","title":{"rendered":"\u00bfC\u00f3mo llevar la Eucarist\u00eda a la vida diaria?"},"content":{"rendered":"<p><span style=\"font-weight: 400;\">En el treceavo programa radial, la <\/span><b>Hna. Andrea Lara, superiora y rectora de la Unidad Educativa Sagrado Coraz\u00f3n de Jes\u00fas<\/b><span style=\"font-weight: 400;\">, miembro de la Congregaci\u00f3n Bethlemita y colaboradora en el <\/span><span style=\"font-weight: 400;\">53\u00b0 Congreso Eucar\u00edstico Internacional, nos comenta, c\u00f3mo vivir la Santa Misa y llevarla a la vida diaria, especialmente en este tiempo preparatorio hacia el IEC 2024.<\/span><\/p>\n<p><span style=\"font-weight: 400;\">Durante el programa, realizado el 29 de junio de 2023, se record\u00f3 la importancia de orar por quienes han dedicado su vida a Jes\u00fas para que a ejemplo de San Pedro y San Pablo, sean un reflejo del amor de Dios en el mundo y la luz que inspire a m\u00e1s almas, a alcanzar el cielo.<\/span><\/p>\n<ul>\n<li><span style=\"font-weight: 400;\"> \u00a0 \u00a0 <\/span><span style=\"font-weight: 400;\">La Hna. Andrea Lara en una c\u00e1lida conversaci\u00f3n, comparti\u00f3 con el p\u00fablico el carisma de su congregaci\u00f3n, enfocada hacia obras educativas y de misi\u00f3n parroquial<\/span><\/li>\n<li><span style=\"font-weight: 400;\"> \u00a0 <\/span><span style=\"font-weight: 400;\">Al referirse a la reciente publicaci\u00f3n denominada: \u201c\u00bfC\u00f3mo vivimos la Santa Misa?, cuyo aporte en la elaboraci\u00f3n de dicho documento fue fundamental, nos coment\u00f3 que se realiz\u00f3 con una metodolog\u00eda din\u00e1mica, incluyendo tareas l\u00fadicas con la intenci\u00f3n de favorecer el aprendizaje. Fue enf\u00e1tica en informar que dicho subsidio se bas\u00f3 en las Catequesis Eucar\u00edsticas del Papa Francisco.<\/span><\/li>\n<li><span style=\"font-weight: 400;\"> \u00a0 <\/span><span style=\"font-weight: 400;\">Afirm\u00f3 que la celebraci\u00f3n dominical de la Eucarist\u00eda est\u00e1 en el centro de la vida de la Iglesia Cat\u00f3lica y por lo tanto la importancia de asistir a misa \u201cnosotros cristianos vamos a misa el domingo para encontrar al Se\u00f1or resucitado y dejarnos encontrar por \u00e9l; escuchar su palabra, alimentarnos de su mesa y as\u00ed convertirnos en su Iglesia\u201d.<\/span><\/li>\n<li><span style=\"font-weight: 400;\"> \u00a0 \u00a0 <\/span><span style=\"font-weight: 400;\">Nuestra invitada recalc\u00f3 la importancia de ir a misa los domingos como un precepto de la Iglesia y destac\u00f3 que cada vez que culmina la misa, debemos salir a dar testimonio cristiano, recalcando que para ello, <\/span><b>es importante sanar el coraz\u00f3n de forma personal, luego en familia y finalmente hacia la sociedad.<\/b><\/li>\n<li><span style=\"font-weight: 400;\"> \u00a0 <\/span><span style=\"font-weight: 400;\">Se\u00f1al\u00f3 que la mejor forma de vivir la Eucarist\u00eda es hacer una participaci\u00f3n consciente, partiendo desde la importancia de la liturgia de la Palabra como parte clave para tener un coraz\u00f3n dispuesto. \u201cLo importante es salir de la Eucarist\u00eda y testimoniar\u201d <\/span><b>que no sea solo un momento espiritual, sino que se traduzca en la vida cotidiana.<\/b><\/li>\n<li><span style=\"font-weight: 400;\"> \u00a0 <\/span><span style=\"font-weight: 400;\">Sobre la situaci\u00f3n que atraviesa la humanidad sostuvo como principio de soluci\u00f3n la fraternidad: \u201cel sentirnos hermanos de los otros es lo que nos va a permitir sanar el mundo herido\u201d.<\/span><\/li>\n<li><span style=\"font-weight: 400;\">Finalmente, mencion\u00f3 que el documento \u201c\u00bfC\u00f3mo vivimos la Santa Misa? elaborado en base a las \u201cCatequesis Eucar\u00edsticas del Papa Francisco\u201d se encuentra disponible en la librer\u00eda de la Arquidiocesana de Quito ubicada en la calle Venezuela entre Mej\u00eda y Chile (098-963-0964). Dio a conocer que las personas que se encuentran en provincia tambi\u00e9n pueden comunicarse y solicitar informaci\u00f3n, tanto en la librer\u00eda, como a trav\u00e9s de las redes sociales del #IEC 2024.<\/span><\/li>\n<\/ul>\n<p><span style=\"font-weight: 400;\">Recuerda que puedes escucharnos a nivel pa\u00eds, cada jueves, a las 09h00, y en nuestra p\u00e1gina web oficial<\/span> <span style=\"color: #3366ff;\"><a style=\"color: #3366ff;\" href=\"https:\/\/www.iec2024.ec\/it\/\"><span style=\"font-weight: 400;\">https:\/\/www.iec2024.ec\/<\/span><\/a><\/span><span style=\"font-weight: 400;\">, adem\u00e1s seguirnos en nuestras redes sociales <\/span><span style=\"font-weight: 400;\">@IEC2024Quito<\/span><span style=\"font-weight: 400;\"> donde tambi\u00e9n encontrar\u00e1s interesantes noticias de este gran encuentro eclesial.<\/span><\/p>\n<p><span style=\"font-weight: 400;\">\u00a1Gracias por sintonizar \u201cFraternidad para sanar el mundo\u201d! El programa radial que nos invita a preparar el coraz\u00f3n camino al 53\u00b0 Congreso Eucar\u00edstico Internacional (IEC 2024), que se celebrar\u00e1 del 8 al 15 de septiembre de 2024.<\/span><\/p>\n<p><i><span style=\"font-weight: 400;\">\u00a0<\/span><\/i><b>Por: Mar\u00eda Jos\u00e9 Casco<\/b><\/p>\n","protected":false},"excerpt":{"rendered":"<p>En el treceavo programa radial, la Hna. Andrea Lara, superiora y rectora de la Unidad Educativa Sagrado Coraz\u00f3n de Jes\u00fas, miembro de la Congregaci\u00f3n Bethlemita y colaboradora en el 53\u00b0 Congreso Eucar\u00edstico Internacional, nos comenta, c\u00f3mo vivir la Santa Misa y llevarla a la vida diaria, especialmente en este tiempo preparatorio hacia el IEC 2024. [&hellip;]<\/p>\n","protected":false},"author":2,"featured_media":5104,"comment_status":"open","ping_status":"open","sticky":false,"template":"","format":"standard","meta":{"footnotes":""},"categories":[34],"tags":[],"acf":[],"yoast_head":"<!-- This site is optimized with the Yoast SEO plugin v21.1 - https:\/\/yoast.com\/wordpress\/plugins\/seo\/ -->\n<title>\u00bfC\u00f3mo llevar la Eucarist\u00eda a la vida diaria? - IEC 2024<\/title>\n<meta name=\"robots\" content=\"index, follow, max-snippet:-1, max-image-preview:large, max-video-preview:-1\" \/>\n<link rel=\"canonical\" href=\"https:\/\/www.iec2024.ec\/it\/como-llevar-la-eucaristia-a-la-vida-diaria\/\" \/>\n<meta property=\"og:locale\" content=\"it_IT\" \/>\n<meta property=\"og:type\" content=\"article\" \/>\n<meta property=\"og:title\" content=\"\u00bfC\u00f3mo llevar la Eucarist\u00eda a la vida diaria? - IEC 2024\" \/>\n<meta property=\"og:description\" content=\"En el treceavo programa radial, la Hna. Andrea Lara, superiora y rectora de la Unidad Educativa Sagrado Coraz\u00f3n de Jes\u00fas, miembro de la Congregaci\u00f3n Bethlemita y colaboradora en el 53\u00b0 Congreso Eucar\u00edstico Internacional, nos comenta, c\u00f3mo vivir la Santa Misa y llevarla a la vida diaria, especialmente en este tiempo preparatorio hacia el IEC 2024. [&hellip;]\" \/>\n<meta property=\"og:url\" content=\"https:\/\/www.iec2024.ec\/it\/como-llevar-la-eucaristia-a-la-vida-diaria\/\" \/>\n<meta property=\"og:site_name\" content=\"IEC 2024\" \/>\n<meta property=\"article:published_time\" content=\"2023-07-05T17:43:20+00:00\" \/>\n<meta property=\"article:modified_time\" content=\"2024-05-17T19:37:11+00:00\" \/>\n<meta property=\"og:image\" content=\"https:\/\/www.iec2024.ec\/wp-content\/uploads\/2023\/08\/WhatsApp-Image-2023-06-29-at-10.00.36-e1688578982758.jpeg\" \/>\n\t<meta property=\"og:image:width\" content=\"1600\" \/>\n\t<meta property=\"og:image:height\" content=\"1200\" \/>\n\t<meta property=\"og:image:type\" content=\"image\/jpeg\" \/>\n<meta name=\"author\" content=\"Secretario T\u00e9cnico\" \/>\n<meta name=\"twitter:card\" content=\"summary_large_image\" \/>\n<meta name=\"twitter:label1\" content=\"Scritto da\" \/>\n\t<meta name=\"twitter:data1\" content=\"Secretario T\u00e9cnico\" \/>\n\t<meta name=\"twitter:label2\" content=\"Tempo di lettura stimato\" \/>\n\t<meta name=\"twitter:data2\" content=\"3 minuti\" \/>\n<script type=\"application\/ld+json\" class=\"yoast-schema-graph\">{\"@context\":\"https:\/\/schema.org\",\"@graph\":[{\"@type\":\"Article\",\"@id\":\"https:\/\/www.iec2024.ec\/it\/como-llevar-la-eucaristia-a-la-vida-diaria\/#article\",\"isPartOf\":{\"@id\":\"https:\/\/www.iec2024.ec\/it\/como-llevar-la-eucaristia-a-la-vida-diaria\/\"},\"author\":{\"name\":\"Secretario T\u00e9cnico\",\"@id\":\"https:\/\/www.iec2024.ec\/it\/#\/schema\/person\/7dc46e27a804fe39ba34935ca5284fe2\"},\"headline\":\"\u00bfC\u00f3mo llevar la Eucarist\u00eda a la vida diaria?\",\"datePublished\":\"2023-07-05T17:43:20+00:00\",\"dateModified\":\"2024-05-17T19:37:11+00:00\",\"mainEntityOfPage\":{\"@id\":\"https:\/\/www.iec2024.ec\/it\/como-llevar-la-eucaristia-a-la-vida-diaria\/\"},\"wordCount\":594,\"commentCount\":0,\"publisher\":{\"@id\":\"https:\/\/www.iec2024.ec\/it\/#organization\"},\"articleSection\":[\"Notizia\"],\"inLanguage\":\"it-IT\",\"potentialAction\":[{\"@type\":\"CommentAction\",\"name\":\"Comment\",\"target\":[\"https:\/\/www.iec2024.ec\/it\/como-llevar-la-eucaristia-a-la-vida-diaria\/#respond\"]}]},{\"@type\":\"WebPage\",\"@id\":\"https:\/\/www.iec2024.ec\/it\/como-llevar-la-eucaristia-a-la-vida-diaria\/\",\"url\":\"https:\/\/www.iec2024.ec\/it\/como-llevar-la-eucaristia-a-la-vida-diaria\/\",\"name\":\"\u00bfC\u00f3mo llevar la Eucarist\u00eda a la vida diaria? - IEC 2024\",\"isPartOf\":{\"@id\":\"https:\/\/www.iec2024.ec\/it\/#website\"},\"datePublished\":\"2023-07-05T17:43:20+00:00\",\"dateModified\":\"2024-05-17T19:37:11+00:00\",\"breadcrumb\":{\"@id\":\"https:\/\/www.iec2024.ec\/it\/como-llevar-la-eucaristia-a-la-vida-diaria\/#breadcrumb\"},\"inLanguage\":\"it-IT\",\"potentialAction\":[{\"@type\":\"ReadAction\",\"target\":[\"https:\/\/www.iec2024.ec\/it\/como-llevar-la-eucaristia-a-la-vida-diaria\/\"]}]},{\"@type\":\"BreadcrumbList\",\"@id\":\"https:\/\/www.iec2024.ec\/it\/como-llevar-la-eucaristia-a-la-vida-diaria\/#breadcrumb\",\"itemListElement\":[{\"@type\":\"ListItem\",\"position\":1,\"name\":\"Portada\",\"item\":\"https:\/\/www.iec2024.ec\/it\/\"},{\"@type\":\"ListItem\",\"position\":2,\"name\":\"\u00bfC\u00f3mo llevar la Eucarist\u00eda a la vida diaria?\"}]},{\"@type\":\"WebSite\",\"@id\":\"https:\/\/www.iec2024.ec\/it\/#website\",\"url\":\"https:\/\/www.iec2024.ec\/it\/\",\"name\":\"IEC 2024\",\"description\":\"\",\"publisher\":{\"@id\":\"https:\/\/www.iec2024.ec\/it\/#organization\"},\"potentialAction\":[{\"@type\":\"SearchAction\",\"target\":{\"@type\":\"EntryPoint\",\"urlTemplate\":\"https:\/\/www.iec2024.ec\/it\/?s={search_term_string}\"},\"query-input\":\"required name=search_term_string\"}],\"inLanguage\":\"it-IT\"},{\"@type\":\"Organization\",\"@id\":\"https:\/\/www.iec2024.ec\/it\/#organization\",\"name\":\"IEC 2024\",\"url\":\"https:\/\/www.iec2024.ec\/it\/\",\"logo\":{\"@type\":\"ImageObject\",\"inLanguage\":\"it-IT\",\"@id\":\"https:\/\/www.iec2024.ec\/it\/#\/schema\/logo\/image\/\",\"url\":\"https:\/\/www.iec2024.ec\/wp-content\/uploads\/2024\/01\/cropped-logo-2024.png\",\"contentUrl\":\"https:\/\/www.iec2024.ec\/wp-content\/uploads\/2024\/01\/cropped-logo-2024.png\",\"width\":1277,\"height\":332,\"caption\":\"IEC 2024\"},\"image\":{\"@id\":\"https:\/\/www.iec2024.ec\/it\/#\/schema\/logo\/image\/\"}},{\"@type\":\"Person\",\"@id\":\"https:\/\/www.iec2024.ec\/it\/#\/schema\/person\/7dc46e27a804fe39ba34935ca5284fe2\",\"name\":\"Secretario T\u00e9cnico\",\"image\":{\"@type\":\"ImageObject\",\"inLanguage\":\"it-IT\",\"@id\":\"https:\/\/www.iec2024.ec\/it\/#\/schema\/person\/image\/\",\"url\":\"https:\/\/secure.gravatar.com\/avatar\/67808a21710148ea0645bc85e43e21b6?s=96&d=mm&r=g\",\"contentUrl\":\"https:\/\/secure.gravatar.com\/avatar\/67808a21710148ea0645bc85e43e21b6?s=96&d=mm&r=g\",\"caption\":\"Secretario T\u00e9cnico\"},\"url\":\"https:\/\/www.iec2024.ec\/it\/author\/4dm1ns3cr3t4r10\/\"}]}<\/script>\n<!-- \/ Yoast SEO plugin. -->","yoast_head_json":{"title":"\u00bfC\u00f3mo llevar la Eucarist\u00eda a la vida diaria? - IEC 2024","robots":{"index":"index","follow":"follow","max-snippet":"max-snippet:-1","max-image-preview":"max-image-preview:large","max-video-preview":"max-video-preview:-1"},"canonical":"https:\/\/www.iec2024.ec\/it\/como-llevar-la-eucaristia-a-la-vida-diaria\/","og_locale":"it_IT","og_type":"article","og_title":"\u00bfC\u00f3mo llevar la Eucarist\u00eda a la vida diaria? - IEC 2024","og_description":"En el treceavo programa radial, la Hna. Andrea Lara, superiora y rectora de la Unidad Educativa Sagrado Coraz\u00f3n de Jes\u00fas, miembro de la Congregaci\u00f3n Bethlemita y colaboradora en el 53\u00b0 Congreso Eucar\u00edstico Internacional, nos comenta, c\u00f3mo vivir la Santa Misa y llevarla a la vida diaria, especialmente en este tiempo preparatorio hacia el IEC 2024. [&hellip;]","og_url":"https:\/\/www.iec2024.ec\/it\/como-llevar-la-eucaristia-a-la-vida-diaria\/","og_site_name":"IEC 2024","article_published_time":"2023-07-05T17:43:20+00:00","article_modified_time":"2024-05-17T19:37:11+00:00","og_image":[{"width":1600,"height":1200,"url":"https:\/\/www.iec2024.ec\/wp-content\/uploads\/2023\/08\/WhatsApp-Image-2023-06-29-at-10.00.36-e1688578982758.jpeg","type":"image\/jpeg"}],"author":"Secretario T\u00e9cnico","twitter_card":"summary_large_image","twitter_misc":{"Scritto da":"Secretario T\u00e9cnico","Tempo di lettura stimato":"3 minuti"},"schema":{"@context":"https:\/\/schema.org","@graph":[{"@type":"Article","@id":"https:\/\/www.iec2024.ec\/it\/como-llevar-la-eucaristia-a-la-vida-diaria\/#article","isPartOf":{"@id":"https:\/\/www.iec2024.ec\/it\/como-llevar-la-eucaristia-a-la-vida-diaria\/"},"author":{"name":"Secretario T\u00e9cnico","@id":"https:\/\/www.iec2024.ec\/it\/#\/schema\/person\/7dc46e27a804fe39ba34935ca5284fe2"},"headline":"\u00bfC\u00f3mo llevar la Eucarist\u00eda a la vida diaria?","datePublished":"2023-07-05T17:43:20+00:00","dateModified":"2024-05-17T19:37:11+00:00","mainEntityOfPage":{"@id":"https:\/\/www.iec2024.ec\/it\/como-llevar-la-eucaristia-a-la-vida-diaria\/"},"wordCount":594,"commentCount":0,"publisher":{"@id":"https:\/\/www.iec2024.ec\/it\/#organization"},"articleSection":["Notizia"],"inLanguage":"it-IT","potentialAction":[{"@type":"CommentAction","name":"Comment","target":["https:\/\/www.iec2024.ec\/it\/como-llevar-la-eucaristia-a-la-vida-diaria\/#respond"]}]},{"@type":"WebPage","@id":"https:\/\/www.iec2024.ec\/it\/como-llevar-la-eucaristia-a-la-vida-diaria\/","url":"https:\/\/www.iec2024.ec\/it\/como-llevar-la-eucaristia-a-la-vida-diaria\/","name":"\u00bfC\u00f3mo llevar la Eucarist\u00eda a la vida diaria? - IEC 2024","isPartOf":{"@id":"https:\/\/www.iec2024.ec\/it\/#website"},"datePublished":"2023-07-05T17:43:20+00:00","dateModified":"2024-05-17T19:37:11+00:00","breadcrumb":{"@id":"https:\/\/www.iec2024.ec\/it\/como-llevar-la-eucaristia-a-la-vida-diaria\/#breadcrumb"},"inLanguage":"it-IT","potentialAction":[{"@type":"ReadAction","target":["https:\/\/www.iec2024.ec\/it\/como-llevar-la-eucaristia-a-la-vida-diaria\/"]}]},{"@type":"BreadcrumbList","@id":"https:\/\/www.iec2024.ec\/it\/como-llevar-la-eucaristia-a-la-vida-diaria\/#breadcrumb","itemListElement":[{"@type":"ListItem","position":1,"name":"Portada","item":"https:\/\/www.iec2024.ec\/it\/"},{"@type":"ListItem","position":2,"name":"\u00bfC\u00f3mo llevar la Eucarist\u00eda a la vida diaria?"}]},{"@type":"WebSite","@id":"https:\/\/www.iec2024.ec\/it\/#website","url":"https:\/\/www.iec2024.ec\/it\/","name":"IEC 2024","description":"","publisher":{"@id":"https:\/\/www.iec2024.ec\/it\/#organization"},"potentialAction":[{"@type":"SearchAction","target":{"@type":"EntryPoint","urlTemplate":"https:\/\/www.iec2024.ec\/it\/?s={search_term_string}"},"query-input":"required name=search_term_string"}],"inLanguage":"it-IT"},{"@type":"Organization","@id":"https:\/\/www.iec2024.ec\/it\/#organization","name":"IEC 2024","url":"https:\/\/www.iec2024.ec\/it\/","logo":{"@type":"ImageObject","inLanguage":"it-IT","@id":"https:\/\/www.iec2024.ec\/it\/#\/schema\/logo\/image\/","url":"https:\/\/www.iec2024.ec\/wp-content\/uploads\/2024\/01\/cropped-logo-2024.png","contentUrl":"https:\/\/www.iec2024.ec\/wp-content\/uploads\/2024\/01\/cropped-logo-2024.png","width":1277,"height":332,"caption":"IEC 2024"},"image":{"@id":"https:\/\/www.iec2024.ec\/it\/#\/schema\/logo\/image\/"}},{"@type":"Person","@id":"https:\/\/www.iec2024.ec\/it\/#\/schema\/person\/7dc46e27a804fe39ba34935ca5284fe2","name":"Secretario T\u00e9cnico","image":{"@type":"ImageObject","inLanguage":"it-IT","@id":"https:\/\/www.iec2024.ec\/it\/#\/schema\/person\/image\/","url":"https:\/\/secure.gravatar.com\/avatar\/67808a21710148ea0645bc85e43e21b6?s=96&d=mm&r=g","contentUrl":"https:\/\/secure.gravatar.com\/avatar\/67808a21710148ea0645bc85e43e21b6?s=96&d=mm&r=g","caption":"Secretario T\u00e9cnico"},"url":"https:\/\/www.iec2024.ec\/it\/author\/4dm1ns3cr3t4r10\/"}]}},"_links":{"self":[{"href":"https:\/\/www.iec2024.ec\/it\/wp-json\/wp\/v2\/posts\/5239"}],"collection":[{"href":"https:\/\/www.iec2024.ec\/it\/wp-json\/wp\/v2\/posts"}],"about":[{"href":"https:\/\/www.iec2024.ec\/it\/wp-json\/wp\/v2\/types\/post"}],"author":[{"embeddable":true,"href":"https:\/\/www.iec2024.ec\/it\/wp-json\/wp\/v2\/users\/2"}],"replies":[{"embeddable":true,"href":"https:\/\/www.iec2024.ec\/it\/wp-json\/wp\/v2\/comments?post=5239"}],"version-history":[{"count":1,"href":"https:\/\/www.iec2024.ec\/it\/wp-json\/wp\/v2\/posts\/5239\/revisions"}],"predecessor-version":[{"id":5664,"href":"https:\/\/www.iec2024.ec\/it\/wp-json\/wp\/v2\/posts\/5239\/revisions\/5664"}],"wp:featuredmedia":[{"embeddable":true,"href":"https:\/\/www.iec2024.ec\/it\/wp-json\/wp\/v2\/media\/5104"}],"wp:attachment":[{"href":"https:\/\/www.iec2024.ec\/it\/wp-json\/wp\/v2\/media?parent=5239"}],"wp:term":[{"taxonomy":"category","embeddable":true,"href":"https:\/\/www.iec2024.ec\/it\/wp-json\/wp\/v2\/categories?post=5239"},{"taxonomy":"post_tag","embeddable":true,"href":"https:\/\/www.iec2024.ec\/it\/wp-json\/wp\/v2\/tags?post=5239"}],"curies":[{"name":"wp","href":"https:\/\/api.w.org\/{rel}","templated":true}]}}