{"id":5249,"date":"2023-06-28T15:37:41","date_gmt":"2023-06-28T20:37:41","guid":{"rendered":"https:\/\/www.iec2024.ec\/clero-de-la-arquidiocesis-de-quito-presenta-iniciativas-pastorales-en-preparacion-al-iec-2024\/"},"modified":"2024-05-17T14:39:28","modified_gmt":"2024-05-17T19:39:28","slug":"clero-de-la-arquidiocesis-de-quito-presenta-iniciativas-pastorales-en-preparacion-al-iec-2024","status":"publish","type":"post","link":"https:\/\/www.iec2024.ec\/it\/clero-de-la-arquidiocesis-de-quito-presenta-iniciativas-pastorales-en-preparacion-al-iec-2024\/","title":{"rendered":"Clero de la Arquidi\u00f3cesis de Quito presenta iniciativas pastorales en preparaci\u00f3n al IEC 2024"},"content":{"rendered":"<p><b>M\u00e1s de 200 sacerdotes entre diocesanos y pertenecientes a distintas congregaciones religiosas se reunieron en la Casa Sacerdotal del Sagrado Coraz\u00f3n de Jes\u00fas de la Armenia.<\/b><\/p>\n<p><span style=\"font-weight: 400;\">Este jueves 28 de junio, la Casa Sacerdotal del Sagrado Coraz\u00f3n de Jes\u00fas de la Armenia fue el escenario de la Asamblea General de Presbiterio de la\u00a0 Arquidi\u00f3cesis de Quito. En el encuentro, los sacerdotes <\/span><span style=\"font-weight: 400;\">representantes de las seis vicar\u00edas pastorales: <\/span><a href=\"https:\/\/es.wikipedia.org\/wiki\/Inmaculada_Concepci%C3%B3n\"><span style=\"font-weight: 400;\">Inmaculada Concepci\u00f3n<\/span><\/a><span style=\"font-weight: 400;\">, <\/span><a href=\"https:\/\/es.wikipedia.org\/wiki\/San_Pedro\"><span style=\"font-weight: 400;\">San Pedro<\/span><\/a><span style=\"font-weight: 400;\"> y <\/span><a href=\"https:\/\/es.wikipedia.org\/wiki\/San_Pablo\"><span style=\"font-weight: 400;\">San Pablo<\/span><\/a><span style=\"font-weight: 400;\">, <\/span><a href=\"https:\/\/es.wikipedia.org\/wiki\/Santo_Hermano_Miguel\"><span style=\"font-weight: 400;\">Santo Hermano Miguel<\/span><\/a><span style=\"font-weight: 400;\">, <\/span><a href=\"https:\/\/es.wikipedia.org\/wiki\/Sagrado_Coraz%C3%B3n_de_Jes%C3%BAs\"><span style=\"font-weight: 400;\">Sagrado Coraz\u00f3n de Jes\u00fas<\/span><\/a><span style=\"font-weight: 400;\">, <\/span><a href=\"https:\/\/es.wikipedia.org\/wiki\/Mariana_de_Jes%C3%BAs_de_Paredes\"><span style=\"font-weight: 400;\">Santa Marianita de Jes\u00fas<\/span><\/a><span style=\"font-weight: 400;\"> y <\/span><a href=\"https:\/\/es.wikipedia.org\/wiki\/Virgen_del_Quinche\"><span style=\"font-weight: 400;\">Virgen del Quinche<\/span><\/a><span style=\"font-weight: 400;\"> se congregaron para presentar y discutir las iniciativas pastorales que ser\u00e1n implementadas en el marco del 53\u00b0 Congreso Eucar\u00edstico Internacional (IEC 2024).<\/span><\/p>\n<p><span style=\"font-weight: 400;\">El encuentro cont\u00f3 con la participaci\u00f3n de <\/span><span style=\"font-weight: 400;\">Mons. Alfredo Jos\u00e9 Espinoza Mateus, sdb, <\/span><span style=\"font-weight: 400;\">Arzobispo<\/span><span style=\"font-weight: 400;\"> de Quito y Primado del Ecuador; sus Obispos Auxiliares:<\/span><span style=\"font-weight: 400;\"> Mons. Danilo Echeverr\u00eda, Mons. David de la Torre, ss.cc, Mons. Maximiliano Ord\u00f3\u00f1ez; P. Juan Carlos Garz\u00f3n, Secretario General del IEC 2024; sacerdotes diocesanos y de distintas congregaciones religiosas.\u00a0\u00a0<\/span><\/p>\n<p><span style=\"font-weight: 400;\">La jornada inici\u00f3 con la oraci\u00f3n y la entonaci\u00f3n del himno oficiales del IEC 2024; adem\u00e1s, de la presentaci\u00f3n del Evangeliario, s\u00edmbolo del\u00a0 Congreso, bendecido y firmado por el Papa Francisco el 24 de mayo de 2023.\u00a0<\/span><\/p>\n<p><span style=\"font-weight: 400;\">El enfoque central del encuentro estuvo dirigido a la preparaci\u00f3n del 53\u00b0 Congreso Eucar\u00edstico Internacional, a llevarse a cabo en la ciudad de Quito, del 8 al 15 de septiembre de 2024. Se recibieron iniciativas por parte de los asistentes, que permitir\u00e1n revitalizar la dimensi\u00f3n eucar\u00edstica de la acci\u00f3n pastoral hacia el IEC 2024.\u00a0 Durante la reuni\u00f3n, Mons. Alfredo Jos\u00e9 Espinoza Mateus, sdb,\u00a0 Arzobispo<\/span><span style=\"font-weight: 400;\"> de Quito y Primado del Ecuador <\/span><span style=\"font-weight: 400;\">comparti\u00f3 los avances significativos que se han realizado, incluyendo la presentaci\u00f3n del logo oficial.<\/span><\/p>\n<p><span style=\"font-weight: 400;\">\u201cEstamos viviendo el Congreso aqu\u00ed y ahora. Hemos recorrido un gran camino desde aquel 20 de marzo del 2021, cuando el Papa Francisco anunci\u00f3 al mundo que Quito, la Arquidi\u00f3cesis de Quito, ser\u00eda la sede del 53\u00b0 Congreso Eucar\u00edstico Internacional a celebrarse en septiembre de 2024\u201d, afirm\u00f3.<\/span><\/p>\n<p><span style=\"font-weight: 400;\">El P. Juan Carlos Garz\u00f3n, Secretario General del IEC 2024, agradeci\u00f3 a los presentes por su participaci\u00f3n y les anim\u00f3 a ser parte activa de la organizaci\u00f3n de este encuentro internacional que congregar\u00e1 a miles de fieles de todas las partes del mundo.\u00a0\u00a0<\/span><\/p>\n<p><span style=\"font-weight: 400;\">Asimismo, el P. Livingston Olivares, presidente de la Comisi\u00f3n de Comunicaci\u00f3n del IEC 2024, dio a conocer los avances en su \u00e1mbito de competencia e invit\u00f3 a los presentes a seguir las redes sociales del @IEC2024Quito y el sitio web <\/span><span style=\"font-weight: 400;\"><span style=\"color: #0000ff;\"><a style=\"color: #0000ff;\" href=\"https:\/\/www.iec2024.ec\/it\/\">https:\/\/www.iec2024.ec\/<\/a><\/span><\/span><span style=\"font-weight: 400;\"> para mantenerse informados y transmitir el mensaje en cada una de sus parroquias.\u00a0<\/span><\/p>\n<p><span style=\"font-weight: 400;\">La Asamblea General de Presbiterio de la Arquidi\u00f3cesis de Quito fue un paso importante en el camino hacia el Congreso Eucar\u00edstico Internacional 2024. Con la presentaci\u00f3n de iniciativas pastorales y la reflexi\u00f3n conjunta, se sientan las bases para vivir plenamente este encuentro de fe y comuni\u00f3n, fortaleciendo el compromiso pastoral.<\/span><\/p>\n","protected":false},"excerpt":{"rendered":"<p>M\u00e1s de 200 sacerdotes entre diocesanos y pertenecientes a distintas congregaciones religiosas se reunieron en la Casa Sacerdotal del Sagrado Coraz\u00f3n de Jes\u00fas de la Armenia. Este jueves 28 de junio, la Casa Sacerdotal del Sagrado Coraz\u00f3n de Jes\u00fas de la Armenia fue el escenario de la Asamblea General de Presbiterio de la\u00a0 Arquidi\u00f3cesis de [&hellip;]<\/p>\n","protected":false},"author":2,"featured_media":5100,"comment_status":"open","ping_status":"open","sticky":false,"template":"","format":"standard","meta":{"footnotes":""},"categories":[34],"tags":[],"acf":[],"yoast_head":"<!-- This site is optimized with the Yoast SEO plugin v21.1 - https:\/\/yoast.com\/wordpress\/plugins\/seo\/ -->\n<title>Clero de la Arquidi\u00f3cesis de Quito presenta iniciativas pastorales en preparaci\u00f3n al IEC 2024 - IEC 2024<\/title>\n<meta name=\"robots\" content=\"index, follow, max-snippet:-1, max-image-preview:large, max-video-preview:-1\" \/>\n<link rel=\"canonical\" href=\"https:\/\/www.iec2024.ec\/it\/clero-de-la-arquidiocesis-de-quito-presenta-iniciativas-pastorales-en-preparacion-al-iec-2024\/\" \/>\n<meta property=\"og:locale\" content=\"it_IT\" \/>\n<meta property=\"og:type\" content=\"article\" \/>\n<meta property=\"og:title\" content=\"Clero de la Arquidi\u00f3cesis de Quito presenta iniciativas pastorales en preparaci\u00f3n al IEC 2024 - IEC 2024\" \/>\n<meta property=\"og:description\" content=\"M\u00e1s de 200 sacerdotes entre diocesanos y pertenecientes a distintas congregaciones religiosas se reunieron en la Casa Sacerdotal del Sagrado Coraz\u00f3n de Jes\u00fas de la Armenia. Este jueves 28 de junio, la Casa Sacerdotal del Sagrado Coraz\u00f3n de Jes\u00fas de la Armenia fue el escenario de la Asamblea General de Presbiterio de la\u00a0 Arquidi\u00f3cesis de [&hellip;]\" \/>\n<meta property=\"og:url\" content=\"https:\/\/www.iec2024.ec\/it\/clero-de-la-arquidiocesis-de-quito-presenta-iniciativas-pastorales-en-preparacion-al-iec-2024\/\" \/>\n<meta property=\"og:site_name\" content=\"IEC 2024\" \/>\n<meta property=\"article:published_time\" content=\"2023-06-28T20:37:41+00:00\" \/>\n<meta property=\"article:modified_time\" content=\"2024-05-17T19:39:28+00:00\" \/>\n<meta property=\"og:image\" content=\"https:\/\/www.iec2024.ec\/wp-content\/uploads\/2023\/08\/IMG_1706-scaled-1.jpg\" \/>\n\t<meta property=\"og:image:width\" content=\"2560\" \/>\n\t<meta property=\"og:image:height\" content=\"1707\" \/>\n\t<meta property=\"og:image:type\" content=\"image\/jpeg\" \/>\n<meta name=\"author\" content=\"Secretario T\u00e9cnico\" \/>\n<meta name=\"twitter:card\" content=\"summary_large_image\" \/>\n<meta name=\"twitter:label1\" content=\"Scritto da\" \/>\n\t<meta name=\"twitter:data1\" content=\"Secretario T\u00e9cnico\" \/>\n\t<meta name=\"twitter:label2\" content=\"Tempo di lettura stimato\" \/>\n\t<meta name=\"twitter:data2\" content=\"3 minuti\" \/>\n<script type=\"application\/ld+json\" class=\"yoast-schema-graph\">{\"@context\":\"https:\/\/schema.org\",\"@graph\":[{\"@type\":\"Article\",\"@id\":\"https:\/\/www.iec2024.ec\/it\/clero-de-la-arquidiocesis-de-quito-presenta-iniciativas-pastorales-en-preparacion-al-iec-2024\/#article\",\"isPartOf\":{\"@id\":\"https:\/\/www.iec2024.ec\/it\/clero-de-la-arquidiocesis-de-quito-presenta-iniciativas-pastorales-en-preparacion-al-iec-2024\/\"},\"author\":{\"name\":\"Secretario T\u00e9cnico\",\"@id\":\"https:\/\/www.iec2024.ec\/it\/#\/schema\/person\/7dc46e27a804fe39ba34935ca5284fe2\"},\"headline\":\"Clero de la Arquidi\u00f3cesis de Quito presenta iniciativas pastorales en preparaci\u00f3n al IEC 2024\",\"datePublished\":\"2023-06-28T20:37:41+00:00\",\"dateModified\":\"2024-05-17T19:39:28+00:00\",\"mainEntityOfPage\":{\"@id\":\"https:\/\/www.iec2024.ec\/it\/clero-de-la-arquidiocesis-de-quito-presenta-iniciativas-pastorales-en-preparacion-al-iec-2024\/\"},\"wordCount\":520,\"commentCount\":0,\"publisher\":{\"@id\":\"https:\/\/www.iec2024.ec\/it\/#organization\"},\"articleSection\":[\"Notizia\"],\"inLanguage\":\"it-IT\",\"potentialAction\":[{\"@type\":\"CommentAction\",\"name\":\"Comment\",\"target\":[\"https:\/\/www.iec2024.ec\/it\/clero-de-la-arquidiocesis-de-quito-presenta-iniciativas-pastorales-en-preparacion-al-iec-2024\/#respond\"]}]},{\"@type\":\"WebPage\",\"@id\":\"https:\/\/www.iec2024.ec\/it\/clero-de-la-arquidiocesis-de-quito-presenta-iniciativas-pastorales-en-preparacion-al-iec-2024\/\",\"url\":\"https:\/\/www.iec2024.ec\/it\/clero-de-la-arquidiocesis-de-quito-presenta-iniciativas-pastorales-en-preparacion-al-iec-2024\/\",\"name\":\"Clero de la Arquidi\u00f3cesis de Quito presenta iniciativas pastorales en preparaci\u00f3n al IEC 2024 - IEC 2024\",\"isPartOf\":{\"@id\":\"https:\/\/www.iec2024.ec\/it\/#website\"},\"datePublished\":\"2023-06-28T20:37:41+00:00\",\"dateModified\":\"2024-05-17T19:39:28+00:00\",\"breadcrumb\":{\"@id\":\"https:\/\/www.iec2024.ec\/it\/clero-de-la-arquidiocesis-de-quito-presenta-iniciativas-pastorales-en-preparacion-al-iec-2024\/#breadcrumb\"},\"inLanguage\":\"it-IT\",\"potentialAction\":[{\"@type\":\"ReadAction\",\"target\":[\"https:\/\/www.iec2024.ec\/it\/clero-de-la-arquidiocesis-de-quito-presenta-iniciativas-pastorales-en-preparacion-al-iec-2024\/\"]}]},{\"@type\":\"BreadcrumbList\",\"@id\":\"https:\/\/www.iec2024.ec\/it\/clero-de-la-arquidiocesis-de-quito-presenta-iniciativas-pastorales-en-preparacion-al-iec-2024\/#breadcrumb\",\"itemListElement\":[{\"@type\":\"ListItem\",\"position\":1,\"name\":\"Portada\",\"item\":\"https:\/\/www.iec2024.ec\/it\/\"},{\"@type\":\"ListItem\",\"position\":2,\"name\":\"Clero de la Arquidi\u00f3cesis de Quito presenta iniciativas pastorales en preparaci\u00f3n al IEC 2024\"}]},{\"@type\":\"WebSite\",\"@id\":\"https:\/\/www.iec2024.ec\/it\/#website\",\"url\":\"https:\/\/www.iec2024.ec\/it\/\",\"name\":\"IEC 2024\",\"description\":\"\",\"publisher\":{\"@id\":\"https:\/\/www.iec2024.ec\/it\/#organization\"},\"potentialAction\":[{\"@type\":\"SearchAction\",\"target\":{\"@type\":\"EntryPoint\",\"urlTemplate\":\"https:\/\/www.iec2024.ec\/it\/?s={search_term_string}\"},\"query-input\":\"required name=search_term_string\"}],\"inLanguage\":\"it-IT\"},{\"@type\":\"Organization\",\"@id\":\"https:\/\/www.iec2024.ec\/it\/#organization\",\"name\":\"IEC 2024\",\"url\":\"https:\/\/www.iec2024.ec\/it\/\",\"logo\":{\"@type\":\"ImageObject\",\"inLanguage\":\"it-IT\",\"@id\":\"https:\/\/www.iec2024.ec\/it\/#\/schema\/logo\/image\/\",\"url\":\"https:\/\/www.iec2024.ec\/wp-content\/uploads\/2024\/01\/cropped-logo-2024.png\",\"contentUrl\":\"https:\/\/www.iec2024.ec\/wp-content\/uploads\/2024\/01\/cropped-logo-2024.png\",\"width\":1277,\"height\":332,\"caption\":\"IEC 2024\"},\"image\":{\"@id\":\"https:\/\/www.iec2024.ec\/it\/#\/schema\/logo\/image\/\"}},{\"@type\":\"Person\",\"@id\":\"https:\/\/www.iec2024.ec\/it\/#\/schema\/person\/7dc46e27a804fe39ba34935ca5284fe2\",\"name\":\"Secretario T\u00e9cnico\",\"image\":{\"@type\":\"ImageObject\",\"inLanguage\":\"it-IT\",\"@id\":\"https:\/\/www.iec2024.ec\/it\/#\/schema\/person\/image\/\",\"url\":\"https:\/\/secure.gravatar.com\/avatar\/67808a21710148ea0645bc85e43e21b6?s=96&d=mm&r=g\",\"contentUrl\":\"https:\/\/secure.gravatar.com\/avatar\/67808a21710148ea0645bc85e43e21b6?s=96&d=mm&r=g\",\"caption\":\"Secretario T\u00e9cnico\"},\"url\":\"https:\/\/www.iec2024.ec\/it\/author\/4dm1ns3cr3t4r10\/\"}]}<\/script>\n<!-- \/ Yoast SEO plugin. -->","yoast_head_json":{"title":"Clero de la Arquidi\u00f3cesis de Quito presenta iniciativas pastorales en preparaci\u00f3n al IEC 2024 - IEC 2024","robots":{"index":"index","follow":"follow","max-snippet":"max-snippet:-1","max-image-preview":"max-image-preview:large","max-video-preview":"max-video-preview:-1"},"canonical":"https:\/\/www.iec2024.ec\/it\/clero-de-la-arquidiocesis-de-quito-presenta-iniciativas-pastorales-en-preparacion-al-iec-2024\/","og_locale":"it_IT","og_type":"article","og_title":"Clero de la Arquidi\u00f3cesis de Quito presenta iniciativas pastorales en preparaci\u00f3n al IEC 2024 - IEC 2024","og_description":"M\u00e1s de 200 sacerdotes entre diocesanos y pertenecientes a distintas congregaciones religiosas se reunieron en la Casa Sacerdotal del Sagrado Coraz\u00f3n de Jes\u00fas de la Armenia. Este jueves 28 de junio, la Casa Sacerdotal del Sagrado Coraz\u00f3n de Jes\u00fas de la Armenia fue el escenario de la Asamblea General de Presbiterio de la\u00a0 Arquidi\u00f3cesis de [&hellip;]","og_url":"https:\/\/www.iec2024.ec\/it\/clero-de-la-arquidiocesis-de-quito-presenta-iniciativas-pastorales-en-preparacion-al-iec-2024\/","og_site_name":"IEC 2024","article_published_time":"2023-06-28T20:37:41+00:00","article_modified_time":"2024-05-17T19:39:28+00:00","og_image":[{"width":2560,"height":1707,"url":"https:\/\/www.iec2024.ec\/wp-content\/uploads\/2023\/08\/IMG_1706-scaled-1.jpg","type":"image\/jpeg"}],"author":"Secretario T\u00e9cnico","twitter_card":"summary_large_image","twitter_misc":{"Scritto da":"Secretario T\u00e9cnico","Tempo di lettura stimato":"3 minuti"},"schema":{"@context":"https:\/\/schema.org","@graph":[{"@type":"Article","@id":"https:\/\/www.iec2024.ec\/it\/clero-de-la-arquidiocesis-de-quito-presenta-iniciativas-pastorales-en-preparacion-al-iec-2024\/#article","isPartOf":{"@id":"https:\/\/www.iec2024.ec\/it\/clero-de-la-arquidiocesis-de-quito-presenta-iniciativas-pastorales-en-preparacion-al-iec-2024\/"},"author":{"name":"Secretario T\u00e9cnico","@id":"https:\/\/www.iec2024.ec\/it\/#\/schema\/person\/7dc46e27a804fe39ba34935ca5284fe2"},"headline":"Clero de la Arquidi\u00f3cesis de Quito presenta iniciativas pastorales en preparaci\u00f3n al IEC 2024","datePublished":"2023-06-28T20:37:41+00:00","dateModified":"2024-05-17T19:39:28+00:00","mainEntityOfPage":{"@id":"https:\/\/www.iec2024.ec\/it\/clero-de-la-arquidiocesis-de-quito-presenta-iniciativas-pastorales-en-preparacion-al-iec-2024\/"},"wordCount":520,"commentCount":0,"publisher":{"@id":"https:\/\/www.iec2024.ec\/it\/#organization"},"articleSection":["Notizia"],"inLanguage":"it-IT","potentialAction":[{"@type":"CommentAction","name":"Comment","target":["https:\/\/www.iec2024.ec\/it\/clero-de-la-arquidiocesis-de-quito-presenta-iniciativas-pastorales-en-preparacion-al-iec-2024\/#respond"]}]},{"@type":"WebPage","@id":"https:\/\/www.iec2024.ec\/it\/clero-de-la-arquidiocesis-de-quito-presenta-iniciativas-pastorales-en-preparacion-al-iec-2024\/","url":"https:\/\/www.iec2024.ec\/it\/clero-de-la-arquidiocesis-de-quito-presenta-iniciativas-pastorales-en-preparacion-al-iec-2024\/","name":"Clero de la Arquidi\u00f3cesis de Quito presenta iniciativas pastorales en preparaci\u00f3n al IEC 2024 - IEC 2024","isPartOf":{"@id":"https:\/\/www.iec2024.ec\/it\/#website"},"datePublished":"2023-06-28T20:37:41+00:00","dateModified":"2024-05-17T19:39:28+00:00","breadcrumb":{"@id":"https:\/\/www.iec2024.ec\/it\/clero-de-la-arquidiocesis-de-quito-presenta-iniciativas-pastorales-en-preparacion-al-iec-2024\/#breadcrumb"},"inLanguage":"it-IT","potentialAction":[{"@type":"ReadAction","target":["https:\/\/www.iec2024.ec\/it\/clero-de-la-arquidiocesis-de-quito-presenta-iniciativas-pastorales-en-preparacion-al-iec-2024\/"]}]},{"@type":"BreadcrumbList","@id":"https:\/\/www.iec2024.ec\/it\/clero-de-la-arquidiocesis-de-quito-presenta-iniciativas-pastorales-en-preparacion-al-iec-2024\/#breadcrumb","itemListElement":[{"@type":"ListItem","position":1,"name":"Portada","item":"https:\/\/www.iec2024.ec\/it\/"},{"@type":"ListItem","position":2,"name":"Clero de la Arquidi\u00f3cesis de Quito presenta iniciativas pastorales en preparaci\u00f3n al IEC 2024"}]},{"@type":"WebSite","@id":"https:\/\/www.iec2024.ec\/it\/#website","url":"https:\/\/www.iec2024.ec\/it\/","name":"IEC 2024","description":"","publisher":{"@id":"https:\/\/www.iec2024.ec\/it\/#organization"},"potentialAction":[{"@type":"SearchAction","target":{"@type":"EntryPoint","urlTemplate":"https:\/\/www.iec2024.ec\/it\/?s={search_term_string}"},"query-input":"required name=search_term_string"}],"inLanguage":"it-IT"},{"@type":"Organization","@id":"https:\/\/www.iec2024.ec\/it\/#organization","name":"IEC 2024","url":"https:\/\/www.iec2024.ec\/it\/","logo":{"@type":"ImageObject","inLanguage":"it-IT","@id":"https:\/\/www.iec2024.ec\/it\/#\/schema\/logo\/image\/","url":"https:\/\/www.iec2024.ec\/wp-content\/uploads\/2024\/01\/cropped-logo-2024.png","contentUrl":"https:\/\/www.iec2024.ec\/wp-content\/uploads\/2024\/01\/cropped-logo-2024.png","width":1277,"height":332,"caption":"IEC 2024"},"image":{"@id":"https:\/\/www.iec2024.ec\/it\/#\/schema\/logo\/image\/"}},{"@type":"Person","@id":"https:\/\/www.iec2024.ec\/it\/#\/schema\/person\/7dc46e27a804fe39ba34935ca5284fe2","name":"Secretario T\u00e9cnico","image":{"@type":"ImageObject","inLanguage":"it-IT","@id":"https:\/\/www.iec2024.ec\/it\/#\/schema\/person\/image\/","url":"https:\/\/secure.gravatar.com\/avatar\/67808a21710148ea0645bc85e43e21b6?s=96&d=mm&r=g","contentUrl":"https:\/\/secure.gravatar.com\/avatar\/67808a21710148ea0645bc85e43e21b6?s=96&d=mm&r=g","caption":"Secretario T\u00e9cnico"},"url":"https:\/\/www.iec2024.ec\/it\/author\/4dm1ns3cr3t4r10\/"}]}},"_links":{"self":[{"href":"https:\/\/www.iec2024.ec\/it\/wp-json\/wp\/v2\/posts\/5249"}],"collection":[{"href":"https:\/\/www.iec2024.ec\/it\/wp-json\/wp\/v2\/posts"}],"about":[{"href":"https:\/\/www.iec2024.ec\/it\/wp-json\/wp\/v2\/types\/post"}],"author":[{"embeddable":true,"href":"https:\/\/www.iec2024.ec\/it\/wp-json\/wp\/v2\/users\/2"}],"replies":[{"embeddable":true,"href":"https:\/\/www.iec2024.ec\/it\/wp-json\/wp\/v2\/comments?post=5249"}],"version-history":[{"count":1,"href":"https:\/\/www.iec2024.ec\/it\/wp-json\/wp\/v2\/posts\/5249\/revisions"}],"predecessor-version":[{"id":5666,"href":"https:\/\/www.iec2024.ec\/it\/wp-json\/wp\/v2\/posts\/5249\/revisions\/5666"}],"wp:featuredmedia":[{"embeddable":true,"href":"https:\/\/www.iec2024.ec\/it\/wp-json\/wp\/v2\/media\/5100"}],"wp:attachment":[{"href":"https:\/\/www.iec2024.ec\/it\/wp-json\/wp\/v2\/media?parent=5249"}],"wp:term":[{"taxonomy":"category","embeddable":true,"href":"https:\/\/www.iec2024.ec\/it\/wp-json\/wp\/v2\/categories?post=5249"},{"taxonomy":"post_tag","embeddable":true,"href":"https:\/\/www.iec2024.ec\/it\/wp-json\/wp\/v2\/tags?post=5249"}],"curies":[{"name":"wp","href":"https:\/\/api.w.org\/{rel}","templated":true}]}}