{"id":5264,"date":"2023-06-21T16:44:40","date_gmt":"2023-06-21T21:44:40","guid":{"rendered":"https:\/\/www.iec2024.ec\/diocesis-de-santo-domingo-en-ecuador-vive-una-semana-de-actualizacion-teologica-inspirada-en-el-iec-2024\/"},"modified":"2024-05-17T14:44:55","modified_gmt":"2024-05-17T19:44:55","slug":"diocesis-de-santo-domingo-en-ecuador-vive-una-semana-de-actualizacion-teologica-inspirada-en-el-iec-2024","status":"publish","type":"post","link":"https:\/\/www.iec2024.ec\/it\/diocesis-de-santo-domingo-en-ecuador-vive-una-semana-de-actualizacion-teologica-inspirada-en-el-iec-2024\/","title":{"rendered":"Di\u00f3cesis de Santo Domingo en Ecuador vive una Semana de Actualizaci\u00f3n Teol\u00f3gica inspirada en el IEC 2024"},"content":{"rendered":"<p><b>En la formaci\u00f3n participan alrededor de 50 sacerdotes, quienes se comprometieron a incentivar a los fieles para vivir juntos este bendecido acontecimiento.<\/b><\/p>\n<p><span style=\"font-weight: 400;\">Del 20 al 23 de junio del 2023, en la Di\u00f3cesis de Santo Domingo en Ecuador, el clero participa de la \u201cSemana de Actualizaci\u00f3n Teol\u00f3gica\u201d. En la apertura de este encuentro se brind\u00f3 informaci\u00f3n referente al 53\u00b0 Congreso Eucar\u00edstico Internacional (IEC 2024). Esta jornada cuenta con la presencia de Monse\u00f1or Bertram Wick Enzler, Obispo de la Di\u00f3cesis de Santo Domingo.\u00a0<\/span><\/p>\n<p><span style=\"font-weight: 400;\">El P. William Zambrano, delegado de comunicaci\u00f3n del IEC 2024 en esa jurisdicci\u00f3n, present\u00f3 los avances en la organizaci\u00f3n de este importante encuentro eclesial que atraer\u00e1 la atenci\u00f3n de Ecuador, Latinoam\u00e9rica y el mundo entero.\u00a0<\/span><\/p>\n<p><span style=\"font-weight: 400;\">Entreg\u00f3 material informativo referente al IEC 2024 y dio a conocer la p\u00e1gina oficial (<\/span><span style=\"color: #000080;\"><a style=\"color: #000080;\" href=\"https:\/\/www.iec2024.ec\/it\/\"><span style=\"font-weight: 400;\"><span style=\"color: #3366ff;\">https:\/\/www.iec2024.ec\/<\/span><\/span><\/a><\/span><span style=\"font-weight: 400;\">), brindando a los presentes un espacio virtual para que conozcan contenido actualizado de los eventos destacados; adem\u00e1s, de las redes sociales para as\u00ed, mantenerse informados.<\/span><\/p>\n<p><span style=\"font-weight: 400;\">Asimismo, inform\u00f3 acerca <span style=\"color: #3366ff;\"><a style=\"color: #3366ff;\" href=\"https:\/\/www.iec2024.ec\/it\/himno-oficial-del-53-congreso-eucaristico-internacional-letra-y-partituras\/\">d<\/a><\/span><\/span><span style=\"font-weight: 400; color: #3366ff;\">el himno<\/span><span style=\"font-weight: 400;\"> y el <\/span><span style=\"color: #3366ff;\"><a style=\"color: #3366ff;\" href=\"https:\/\/www.iec2024.ec\/it\/presentacion-oficial-del-logo-e-himno-del-53-congreso-eucaristico-internacional-2024\/\"><span style=\"font-weight: 400;\">logo<\/span><\/a><\/span><span style=\"font-weight: 400;\"> oficiales del IEC 2024 que representar\u00e1n de manera significativa al Congreso, previsto a llevarse a cabo del 8 al 15 de septiembre de 2024, en Quito, capital del Ecuador.<\/span><\/p>\n<p><span style=\"font-weight: 400;\">Conoce m\u00e1s de este Congreso en nuestras redes sociales <\/span><span style=\"font-weight: 400;\">@IEC2024Quito.<\/span><\/p>\n","protected":false},"excerpt":{"rendered":"<p>En la formaci\u00f3n participan alrededor de 50 sacerdotes, quienes se comprometieron a incentivar a los fieles para vivir juntos este bendecido acontecimiento. Del 20 al 23 de junio del 2023, en la Di\u00f3cesis de Santo Domingo en Ecuador, el clero participa de la \u201cSemana de Actualizaci\u00f3n Teol\u00f3gica\u201d. En la apertura de este encuentro se brind\u00f3 [&hellip;]<\/p>\n","protected":false},"author":2,"featured_media":5082,"comment_status":"open","ping_status":"open","sticky":false,"template":"","format":"standard","meta":{"footnotes":""},"categories":[34],"tags":[],"acf":[],"yoast_head":"<!-- This site is optimized with the Yoast SEO plugin v21.1 - https:\/\/yoast.com\/wordpress\/plugins\/seo\/ -->\n<title>Di\u00f3cesis de Santo Domingo en Ecuador vive una Semana de Actualizaci\u00f3n Teol\u00f3gica inspirada en el IEC 2024 - IEC 2024<\/title>\n<meta name=\"robots\" content=\"index, follow, max-snippet:-1, max-image-preview:large, max-video-preview:-1\" \/>\n<link rel=\"canonical\" href=\"https:\/\/www.iec2024.ec\/it\/diocesis-de-santo-domingo-en-ecuador-vive-una-semana-de-actualizacion-teologica-inspirada-en-el-iec-2024\/\" \/>\n<meta property=\"og:locale\" content=\"it_IT\" \/>\n<meta property=\"og:type\" content=\"article\" \/>\n<meta property=\"og:title\" content=\"Di\u00f3cesis de Santo Domingo en Ecuador vive una Semana de Actualizaci\u00f3n Teol\u00f3gica inspirada en el IEC 2024 - IEC 2024\" \/>\n<meta property=\"og:description\" content=\"En la formaci\u00f3n participan alrededor de 50 sacerdotes, quienes se comprometieron a incentivar a los fieles para vivir juntos este bendecido acontecimiento. Del 20 al 23 de junio del 2023, en la Di\u00f3cesis de Santo Domingo en Ecuador, el clero participa de la \u201cSemana de Actualizaci\u00f3n Teol\u00f3gica\u201d. En la apertura de este encuentro se brind\u00f3 [&hellip;]\" \/>\n<meta property=\"og:url\" content=\"https:\/\/www.iec2024.ec\/it\/diocesis-de-santo-domingo-en-ecuador-vive-una-semana-de-actualizacion-teologica-inspirada-en-el-iec-2024\/\" \/>\n<meta property=\"og:site_name\" content=\"IEC 2024\" \/>\n<meta property=\"article:published_time\" content=\"2023-06-21T21:44:40+00:00\" \/>\n<meta property=\"article:modified_time\" content=\"2024-05-17T19:44:55+00:00\" \/>\n<meta property=\"og:image\" content=\"https:\/\/www.iec2024.ec\/wp-content\/uploads\/2023\/08\/e373c9e0-8712-40a2-a9d3-ed49138c5c4d.jpg\" \/>\n\t<meta property=\"og:image:width\" content=\"1599\" \/>\n\t<meta property=\"og:image:height\" content=\"1200\" \/>\n\t<meta property=\"og:image:type\" content=\"image\/jpeg\" \/>\n<meta name=\"author\" content=\"Secretario T\u00e9cnico\" \/>\n<meta name=\"twitter:card\" content=\"summary_large_image\" \/>\n<meta name=\"twitter:label1\" content=\"Scritto da\" \/>\n\t<meta name=\"twitter:data1\" content=\"Secretario T\u00e9cnico\" \/>\n\t<meta name=\"twitter:label2\" content=\"Tempo di lettura stimato\" \/>\n\t<meta name=\"twitter:data2\" content=\"1 minuto\" \/>\n<script type=\"application\/ld+json\" class=\"yoast-schema-graph\">{\"@context\":\"https:\/\/schema.org\",\"@graph\":[{\"@type\":\"Article\",\"@id\":\"https:\/\/www.iec2024.ec\/it\/diocesis-de-santo-domingo-en-ecuador-vive-una-semana-de-actualizacion-teologica-inspirada-en-el-iec-2024\/#article\",\"isPartOf\":{\"@id\":\"https:\/\/www.iec2024.ec\/it\/diocesis-de-santo-domingo-en-ecuador-vive-una-semana-de-actualizacion-teologica-inspirada-en-el-iec-2024\/\"},\"author\":{\"name\":\"Secretario T\u00e9cnico\",\"@id\":\"https:\/\/www.iec2024.ec\/it\/#\/schema\/person\/7dc46e27a804fe39ba34935ca5284fe2\"},\"headline\":\"Di\u00f3cesis de Santo Domingo en Ecuador vive una Semana de Actualizaci\u00f3n Teol\u00f3gica inspirada en el IEC 2024\",\"datePublished\":\"2023-06-21T21:44:40+00:00\",\"dateModified\":\"2024-05-17T19:44:55+00:00\",\"mainEntityOfPage\":{\"@id\":\"https:\/\/www.iec2024.ec\/it\/diocesis-de-santo-domingo-en-ecuador-vive-una-semana-de-actualizacion-teologica-inspirada-en-el-iec-2024\/\"},\"wordCount\":233,\"commentCount\":0,\"publisher\":{\"@id\":\"https:\/\/www.iec2024.ec\/it\/#organization\"},\"articleSection\":[\"Notizia\"],\"inLanguage\":\"it-IT\",\"potentialAction\":[{\"@type\":\"CommentAction\",\"name\":\"Comment\",\"target\":[\"https:\/\/www.iec2024.ec\/it\/diocesis-de-santo-domingo-en-ecuador-vive-una-semana-de-actualizacion-teologica-inspirada-en-el-iec-2024\/#respond\"]}]},{\"@type\":\"WebPage\",\"@id\":\"https:\/\/www.iec2024.ec\/it\/diocesis-de-santo-domingo-en-ecuador-vive-una-semana-de-actualizacion-teologica-inspirada-en-el-iec-2024\/\",\"url\":\"https:\/\/www.iec2024.ec\/it\/diocesis-de-santo-domingo-en-ecuador-vive-una-semana-de-actualizacion-teologica-inspirada-en-el-iec-2024\/\",\"name\":\"Di\u00f3cesis de Santo Domingo en Ecuador vive una Semana de Actualizaci\u00f3n Teol\u00f3gica inspirada en el IEC 2024 - IEC 2024\",\"isPartOf\":{\"@id\":\"https:\/\/www.iec2024.ec\/it\/#website\"},\"datePublished\":\"2023-06-21T21:44:40+00:00\",\"dateModified\":\"2024-05-17T19:44:55+00:00\",\"breadcrumb\":{\"@id\":\"https:\/\/www.iec2024.ec\/it\/diocesis-de-santo-domingo-en-ecuador-vive-una-semana-de-actualizacion-teologica-inspirada-en-el-iec-2024\/#breadcrumb\"},\"inLanguage\":\"it-IT\",\"potentialAction\":[{\"@type\":\"ReadAction\",\"target\":[\"https:\/\/www.iec2024.ec\/it\/diocesis-de-santo-domingo-en-ecuador-vive-una-semana-de-actualizacion-teologica-inspirada-en-el-iec-2024\/\"]}]},{\"@type\":\"BreadcrumbList\",\"@id\":\"https:\/\/www.iec2024.ec\/it\/diocesis-de-santo-domingo-en-ecuador-vive-una-semana-de-actualizacion-teologica-inspirada-en-el-iec-2024\/#breadcrumb\",\"itemListElement\":[{\"@type\":\"ListItem\",\"position\":1,\"name\":\"Portada\",\"item\":\"https:\/\/www.iec2024.ec\/it\/\"},{\"@type\":\"ListItem\",\"position\":2,\"name\":\"Di\u00f3cesis de Santo Domingo en Ecuador vive una Semana de Actualizaci\u00f3n Teol\u00f3gica inspirada en el IEC 2024\"}]},{\"@type\":\"WebSite\",\"@id\":\"https:\/\/www.iec2024.ec\/it\/#website\",\"url\":\"https:\/\/www.iec2024.ec\/it\/\",\"name\":\"IEC 2024\",\"description\":\"\",\"publisher\":{\"@id\":\"https:\/\/www.iec2024.ec\/it\/#organization\"},\"potentialAction\":[{\"@type\":\"SearchAction\",\"target\":{\"@type\":\"EntryPoint\",\"urlTemplate\":\"https:\/\/www.iec2024.ec\/it\/?s={search_term_string}\"},\"query-input\":\"required name=search_term_string\"}],\"inLanguage\":\"it-IT\"},{\"@type\":\"Organization\",\"@id\":\"https:\/\/www.iec2024.ec\/it\/#organization\",\"name\":\"IEC 2024\",\"url\":\"https:\/\/www.iec2024.ec\/it\/\",\"logo\":{\"@type\":\"ImageObject\",\"inLanguage\":\"it-IT\",\"@id\":\"https:\/\/www.iec2024.ec\/it\/#\/schema\/logo\/image\/\",\"url\":\"https:\/\/www.iec2024.ec\/wp-content\/uploads\/2024\/01\/cropped-logo-2024.png\",\"contentUrl\":\"https:\/\/www.iec2024.ec\/wp-content\/uploads\/2024\/01\/cropped-logo-2024.png\",\"width\":1277,\"height\":332,\"caption\":\"IEC 2024\"},\"image\":{\"@id\":\"https:\/\/www.iec2024.ec\/it\/#\/schema\/logo\/image\/\"}},{\"@type\":\"Person\",\"@id\":\"https:\/\/www.iec2024.ec\/it\/#\/schema\/person\/7dc46e27a804fe39ba34935ca5284fe2\",\"name\":\"Secretario T\u00e9cnico\",\"image\":{\"@type\":\"ImageObject\",\"inLanguage\":\"it-IT\",\"@id\":\"https:\/\/www.iec2024.ec\/it\/#\/schema\/person\/image\/\",\"url\":\"https:\/\/secure.gravatar.com\/avatar\/67808a21710148ea0645bc85e43e21b6?s=96&d=mm&r=g\",\"contentUrl\":\"https:\/\/secure.gravatar.com\/avatar\/67808a21710148ea0645bc85e43e21b6?s=96&d=mm&r=g\",\"caption\":\"Secretario T\u00e9cnico\"},\"url\":\"https:\/\/www.iec2024.ec\/it\/author\/4dm1ns3cr3t4r10\/\"}]}<\/script>\n<!-- \/ Yoast SEO plugin. -->","yoast_head_json":{"title":"Di\u00f3cesis de Santo Domingo en Ecuador vive una Semana de Actualizaci\u00f3n Teol\u00f3gica inspirada en el IEC 2024 - IEC 2024","robots":{"index":"index","follow":"follow","max-snippet":"max-snippet:-1","max-image-preview":"max-image-preview:large","max-video-preview":"max-video-preview:-1"},"canonical":"https:\/\/www.iec2024.ec\/it\/diocesis-de-santo-domingo-en-ecuador-vive-una-semana-de-actualizacion-teologica-inspirada-en-el-iec-2024\/","og_locale":"it_IT","og_type":"article","og_title":"Di\u00f3cesis de Santo Domingo en Ecuador vive una Semana de Actualizaci\u00f3n Teol\u00f3gica inspirada en el IEC 2024 - IEC 2024","og_description":"En la formaci\u00f3n participan alrededor de 50 sacerdotes, quienes se comprometieron a incentivar a los fieles para vivir juntos este bendecido acontecimiento. Del 20 al 23 de junio del 2023, en la Di\u00f3cesis de Santo Domingo en Ecuador, el clero participa de la \u201cSemana de Actualizaci\u00f3n Teol\u00f3gica\u201d. En la apertura de este encuentro se brind\u00f3 [&hellip;]","og_url":"https:\/\/www.iec2024.ec\/it\/diocesis-de-santo-domingo-en-ecuador-vive-una-semana-de-actualizacion-teologica-inspirada-en-el-iec-2024\/","og_site_name":"IEC 2024","article_published_time":"2023-06-21T21:44:40+00:00","article_modified_time":"2024-05-17T19:44:55+00:00","og_image":[{"width":1599,"height":1200,"url":"https:\/\/www.iec2024.ec\/wp-content\/uploads\/2023\/08\/e373c9e0-8712-40a2-a9d3-ed49138c5c4d.jpg","type":"image\/jpeg"}],"author":"Secretario T\u00e9cnico","twitter_card":"summary_large_image","twitter_misc":{"Scritto da":"Secretario T\u00e9cnico","Tempo di lettura stimato":"1 minuto"},"schema":{"@context":"https:\/\/schema.org","@graph":[{"@type":"Article","@id":"https:\/\/www.iec2024.ec\/it\/diocesis-de-santo-domingo-en-ecuador-vive-una-semana-de-actualizacion-teologica-inspirada-en-el-iec-2024\/#article","isPartOf":{"@id":"https:\/\/www.iec2024.ec\/it\/diocesis-de-santo-domingo-en-ecuador-vive-una-semana-de-actualizacion-teologica-inspirada-en-el-iec-2024\/"},"author":{"name":"Secretario T\u00e9cnico","@id":"https:\/\/www.iec2024.ec\/it\/#\/schema\/person\/7dc46e27a804fe39ba34935ca5284fe2"},"headline":"Di\u00f3cesis de Santo Domingo en Ecuador vive una Semana de Actualizaci\u00f3n Teol\u00f3gica inspirada en el IEC 2024","datePublished":"2023-06-21T21:44:40+00:00","dateModified":"2024-05-17T19:44:55+00:00","mainEntityOfPage":{"@id":"https:\/\/www.iec2024.ec\/it\/diocesis-de-santo-domingo-en-ecuador-vive-una-semana-de-actualizacion-teologica-inspirada-en-el-iec-2024\/"},"wordCount":233,"commentCount":0,"publisher":{"@id":"https:\/\/www.iec2024.ec\/it\/#organization"},"articleSection":["Notizia"],"inLanguage":"it-IT","potentialAction":[{"@type":"CommentAction","name":"Comment","target":["https:\/\/www.iec2024.ec\/it\/diocesis-de-santo-domingo-en-ecuador-vive-una-semana-de-actualizacion-teologica-inspirada-en-el-iec-2024\/#respond"]}]},{"@type":"WebPage","@id":"https:\/\/www.iec2024.ec\/it\/diocesis-de-santo-domingo-en-ecuador-vive-una-semana-de-actualizacion-teologica-inspirada-en-el-iec-2024\/","url":"https:\/\/www.iec2024.ec\/it\/diocesis-de-santo-domingo-en-ecuador-vive-una-semana-de-actualizacion-teologica-inspirada-en-el-iec-2024\/","name":"Di\u00f3cesis de Santo Domingo en Ecuador vive una Semana de Actualizaci\u00f3n Teol\u00f3gica inspirada en el IEC 2024 - IEC 2024","isPartOf":{"@id":"https:\/\/www.iec2024.ec\/it\/#website"},"datePublished":"2023-06-21T21:44:40+00:00","dateModified":"2024-05-17T19:44:55+00:00","breadcrumb":{"@id":"https:\/\/www.iec2024.ec\/it\/diocesis-de-santo-domingo-en-ecuador-vive-una-semana-de-actualizacion-teologica-inspirada-en-el-iec-2024\/#breadcrumb"},"inLanguage":"it-IT","potentialAction":[{"@type":"ReadAction","target":["https:\/\/www.iec2024.ec\/it\/diocesis-de-santo-domingo-en-ecuador-vive-una-semana-de-actualizacion-teologica-inspirada-en-el-iec-2024\/"]}]},{"@type":"BreadcrumbList","@id":"https:\/\/www.iec2024.ec\/it\/diocesis-de-santo-domingo-en-ecuador-vive-una-semana-de-actualizacion-teologica-inspirada-en-el-iec-2024\/#breadcrumb","itemListElement":[{"@type":"ListItem","position":1,"name":"Portada","item":"https:\/\/www.iec2024.ec\/it\/"},{"@type":"ListItem","position":2,"name":"Di\u00f3cesis de Santo Domingo en Ecuador vive una Semana de Actualizaci\u00f3n Teol\u00f3gica inspirada en el IEC 2024"}]},{"@type":"WebSite","@id":"https:\/\/www.iec2024.ec\/it\/#website","url":"https:\/\/www.iec2024.ec\/it\/","name":"IEC 2024","description":"","publisher":{"@id":"https:\/\/www.iec2024.ec\/it\/#organization"},"potentialAction":[{"@type":"SearchAction","target":{"@type":"EntryPoint","urlTemplate":"https:\/\/www.iec2024.ec\/it\/?s={search_term_string}"},"query-input":"required name=search_term_string"}],"inLanguage":"it-IT"},{"@type":"Organization","@id":"https:\/\/www.iec2024.ec\/it\/#organization","name":"IEC 2024","url":"https:\/\/www.iec2024.ec\/it\/","logo":{"@type":"ImageObject","inLanguage":"it-IT","@id":"https:\/\/www.iec2024.ec\/it\/#\/schema\/logo\/image\/","url":"https:\/\/www.iec2024.ec\/wp-content\/uploads\/2024\/01\/cropped-logo-2024.png","contentUrl":"https:\/\/www.iec2024.ec\/wp-content\/uploads\/2024\/01\/cropped-logo-2024.png","width":1277,"height":332,"caption":"IEC 2024"},"image":{"@id":"https:\/\/www.iec2024.ec\/it\/#\/schema\/logo\/image\/"}},{"@type":"Person","@id":"https:\/\/www.iec2024.ec\/it\/#\/schema\/person\/7dc46e27a804fe39ba34935ca5284fe2","name":"Secretario T\u00e9cnico","image":{"@type":"ImageObject","inLanguage":"it-IT","@id":"https:\/\/www.iec2024.ec\/it\/#\/schema\/person\/image\/","url":"https:\/\/secure.gravatar.com\/avatar\/67808a21710148ea0645bc85e43e21b6?s=96&d=mm&r=g","contentUrl":"https:\/\/secure.gravatar.com\/avatar\/67808a21710148ea0645bc85e43e21b6?s=96&d=mm&r=g","caption":"Secretario T\u00e9cnico"},"url":"https:\/\/www.iec2024.ec\/it\/author\/4dm1ns3cr3t4r10\/"}]}},"_links":{"self":[{"href":"https:\/\/www.iec2024.ec\/it\/wp-json\/wp\/v2\/posts\/5264"}],"collection":[{"href":"https:\/\/www.iec2024.ec\/it\/wp-json\/wp\/v2\/posts"}],"about":[{"href":"https:\/\/www.iec2024.ec\/it\/wp-json\/wp\/v2\/types\/post"}],"author":[{"embeddable":true,"href":"https:\/\/www.iec2024.ec\/it\/wp-json\/wp\/v2\/users\/2"}],"replies":[{"embeddable":true,"href":"https:\/\/www.iec2024.ec\/it\/wp-json\/wp\/v2\/comments?post=5264"}],"version-history":[{"count":1,"href":"https:\/\/www.iec2024.ec\/it\/wp-json\/wp\/v2\/posts\/5264\/revisions"}],"predecessor-version":[{"id":5676,"href":"https:\/\/www.iec2024.ec\/it\/wp-json\/wp\/v2\/posts\/5264\/revisions\/5676"}],"wp:featuredmedia":[{"embeddable":true,"href":"https:\/\/www.iec2024.ec\/it\/wp-json\/wp\/v2\/media\/5082"}],"wp:attachment":[{"href":"https:\/\/www.iec2024.ec\/it\/wp-json\/wp\/v2\/media?parent=5264"}],"wp:term":[{"taxonomy":"category","embeddable":true,"href":"https:\/\/www.iec2024.ec\/it\/wp-json\/wp\/v2\/categories?post=5264"},{"taxonomy":"post_tag","embeddable":true,"href":"https:\/\/www.iec2024.ec\/it\/wp-json\/wp\/v2\/tags?post=5264"}],"curies":[{"name":"wp","href":"https:\/\/api.w.org\/{rel}","templated":true}]}}