{"id":5272,"date":"2023-06-15T12:04:45","date_gmt":"2023-06-15T17:04:45","guid":{"rendered":"https:\/\/www.iec2024.ec\/sagrado-corazon-de-jesus-y-eucaristiaprograma-radial-fraternidad-para-sanar-el-mundo\/"},"modified":"2024-05-17T11:42:04","modified_gmt":"2024-05-17T16:42:04","slug":"sagrado-corazon-de-jesus-y-eucaristiaprograma-radial-fraternidad-para-sanar-el-mundo","status":"publish","type":"post","link":"https:\/\/www.iec2024.ec\/it\/sagrado-corazon-de-jesus-y-eucaristiaprograma-radial-fraternidad-para-sanar-el-mundo\/","title":{"rendered":"Sagrado Coraz\u00f3n de Jes\u00fas y Eucarist\u00eda,programa radial \u201cFraternidad para Sanar el Mundo\u201d."},"content":{"rendered":"<p><span style=\"font-weight: 400;\">El 15 de junio de 2023, en nuestro onceavo<\/span><b> programa radial \u201cFraternidad para Sanar el Mundo\u201d<\/b><span style=\"font-weight: 400;\">, contamos con la presencia del Padre Ernesto Le\u00f3n D\u00edaz, o.cc.ss., Superior General de la Congregaci\u00f3n de Padres Oblatos, quien nos acompa\u00f1\u00f3 para conversar sobre la Solemnidad del Sagrado Coraz\u00f3n de Jes\u00fas.<\/span><\/p>\n<ul>\n<li style=\"font-weight: 400;\" aria-level=\"1\"><span style=\"font-weight: 400;\">Durante la entrevista, el P. Ernesto Le\u00f3n D\u00edaz, resalt\u00f3 la estrecha relaci\u00f3n entre el 53\u00b0 Congreso Eucar\u00edstico Internacional y la devoci\u00f3n al Sagrado Coraz\u00f3n de Jes\u00fas. Explic\u00f3 que el <\/span><b>Papa Francisco design\u00f3 a Ecuador como sede de este Congreso por los 150 a\u00f1os de la consagraci\u00f3n del pa\u00eds al Sagrado Coraz\u00f3n de Jes\u00fas<\/b><span style=\"font-weight: 400;\">. \u201cCuando hablamos de la Eucarist\u00eda, nos referimos al sacramento del amor, y cuando mencionamos el Sagrado Coraz\u00f3n de Jes\u00fas, nos referimos al amor mismo de Dios\u201d.\u00a0<\/span><\/li>\n<li style=\"font-weight: 400;\" aria-level=\"1\"><span style=\"font-weight: 400;\">En el contexto del Congreso Eucar\u00edstico Internacional, destac\u00f3 que en la Bas\u00edlica del Voto Nacional en Ecuador existen dos templos: el peque\u00f1o dedicado al Coraz\u00f3n de Mar\u00eda, y el grande dedicado al Coraz\u00f3n de Jes\u00fas.\u00a0\u00a0<\/span><\/li>\n<li style=\"font-weight: 400;\" aria-level=\"1\"><span style=\"font-weight: 400;\">Record\u00f3 a la audiencia que Ecuador est\u00e1 consagrado a los dos Corazones: El 25 de marzo de 1874, donde <\/span><span style=\"font-weight: 400;\">se firm\u00f3 el Concordato, convirtiendo al Ecuador en el primer pa\u00eds en el mundo en consagrarse al <\/span><a href=\"https:\/\/es.wikipedia.org\/wiki\/Sagrado_Coraz%C3%B3n_de_Jes%C3%BAs\"><span style=\"font-weight: 400;\">Sagrado Coraz\u00f3n de Jes\u00fas<\/span><\/a><span style=\"font-weight: 400;\">, y el 5 de agosto de 1892, cuando el pa\u00eds se consagr\u00f3 al <\/span><a href=\"https:\/\/es.wikipedia.org\/wiki\/Inmaculado_Coraz%C3%B3n_de_Mar%C3%ADa\"><span style=\"font-weight: 400;\">Inmaculado Coraz\u00f3n de Mar\u00eda<\/span><\/a><span style=\"font-weight: 400;\">.\u00a0<\/span><\/li>\n<li style=\"font-weight: 400;\" aria-level=\"1\"><span style=\"font-weight: 400;\">Indic\u00f3, adem\u00e1s,\u00a0 que\u00a0 el Padre <\/span><b>Julio Mar\u00eda Matovelle, <\/b><span style=\"font-weight: 400;\">\u00a0fundador de los Oblatos, <\/span><b>en Cuenca, construy\u00f3 la Iglesia Cat\u00f3lica Santo Cen\u00e1culo, <\/b><span style=\"font-weight: 400;\">con la finalidad de realizar la adoraci\u00f3n al Sant\u00edsimo las 24 horas del d\u00eda.\u00a0<\/span><\/li>\n<li style=\"font-weight: 400;\" aria-level=\"1\"><span style=\"font-weight: 400;\">Afirm\u00f3 que es importante resaltar que la Iglesia se ve fortalecida por el Esp\u00edritu Santo y la Sagrada Eucarist\u00eda y que sin ella, no existe Iglesia ni sacerdocio.<\/span><\/li>\n<\/ul>\n<p><span style=\"font-weight: 400;\">Antes de finalizar invit\u00f3 a la audiencia que con \u201cfe acrecentemos nuestro amor por la Sagrada Eucarist\u00eda, por el Sagrado Coraz\u00f3n de Jes\u00fas, que palpita de amor por nosotros\u201d.<\/span><\/p>\n<p><span style=\"font-weight: 400;\">Agradecemos por sintonizar \u201cFraternidad para sanar el mundo\u201d! El programa radial que nos invita a preparar el coraz\u00f3n camino al Congreso Eucar\u00edstico Internacional (IEC 2024), que se celebrar\u00e1 del 8 al 15 de septiembre del 2024.<\/span><\/p>\n<p><span style=\"font-weight: 400;\">Recuerda que puedes escucharnos a nivel pa\u00eds, cada jueves, a las 09h00, y a trav\u00e9s de nuestra p\u00e1gina web oficial <\/span><a href=\"https:\/\/www.iec2024.ec\/it\/\"><span style=\"font-weight: 400;\">\u00a0https:\/\/www.iec2024.ec\/<\/span><\/a><span style=\"font-weight: 400;\">, y seguirnos en nuestras redes sociales <\/span><span style=\"font-weight: 400;\">@IEC2024Quito<\/span><span style=\"font-weight: 400;\"> donde tambi\u00e9n encontrar\u00e1s m\u00e1s noticias de este gran encuentro eclesial.<\/span><\/p>\n","protected":false},"excerpt":{"rendered":"<p>El 15 de junio de 2023, en nuestro onceavo programa radial \u201cFraternidad para Sanar el Mundo\u201d, contamos con la presencia del Padre Ernesto Le\u00f3n D\u00edaz, o.cc.ss., Superior General de la Congregaci\u00f3n de Padres Oblatos, quien nos acompa\u00f1\u00f3 para conversar sobre la Solemnidad del Sagrado Coraz\u00f3n de Jes\u00fas. Durante la entrevista, el P. Ernesto Le\u00f3n D\u00edaz, [&hellip;]<\/p>\n","protected":false},"author":2,"featured_media":5080,"comment_status":"open","ping_status":"open","sticky":false,"template":"","format":"standard","meta":{"footnotes":""},"categories":[34],"tags":[],"acf":[],"yoast_head":"<!-- This site is optimized with the Yoast SEO plugin v21.1 - https:\/\/yoast.com\/wordpress\/plugins\/seo\/ -->\n<title>Sagrado Coraz\u00f3n de Jes\u00fas y Eucarist\u00eda,programa radial \u201cFraternidad para Sanar el Mundo\u201d. - IEC 2024<\/title>\n<meta name=\"robots\" content=\"index, follow, max-snippet:-1, max-image-preview:large, max-video-preview:-1\" \/>\n<link rel=\"canonical\" href=\"https:\/\/www.iec2024.ec\/it\/sagrado-corazon-de-jesus-y-eucaristiaprograma-radial-fraternidad-para-sanar-el-mundo\/\" \/>\n<meta property=\"og:locale\" content=\"it_IT\" \/>\n<meta property=\"og:type\" content=\"article\" \/>\n<meta property=\"og:title\" content=\"Sagrado Coraz\u00f3n de Jes\u00fas y Eucarist\u00eda,programa radial \u201cFraternidad para Sanar el Mundo\u201d. - IEC 2024\" \/>\n<meta property=\"og:description\" content=\"El 15 de junio de 2023, en nuestro onceavo programa radial \u201cFraternidad para Sanar el Mundo\u201d, contamos con la presencia del Padre Ernesto Le\u00f3n D\u00edaz, o.cc.ss., Superior General de la Congregaci\u00f3n de Padres Oblatos, quien nos acompa\u00f1\u00f3 para conversar sobre la Solemnidad del Sagrado Coraz\u00f3n de Jes\u00fas. Durante la entrevista, el P. Ernesto Le\u00f3n D\u00edaz, [&hellip;]\" \/>\n<meta property=\"og:url\" content=\"https:\/\/www.iec2024.ec\/it\/sagrado-corazon-de-jesus-y-eucaristiaprograma-radial-fraternidad-para-sanar-el-mundo\/\" \/>\n<meta property=\"og:site_name\" content=\"IEC 2024\" \/>\n<meta property=\"article:published_time\" content=\"2023-06-15T17:04:45+00:00\" \/>\n<meta property=\"article:modified_time\" content=\"2024-05-17T16:42:04+00:00\" \/>\n<meta property=\"og:image\" content=\"https:\/\/www.iec2024.ec\/wp-content\/uploads\/2023\/08\/0f32bb09-1248-4f17-af14-8bae3adcb232.jpg\" \/>\n\t<meta property=\"og:image:width\" content=\"1599\" \/>\n\t<meta property=\"og:image:height\" content=\"1066\" \/>\n\t<meta property=\"og:image:type\" content=\"image\/jpeg\" \/>\n<meta name=\"author\" content=\"Secretario T\u00e9cnico\" \/>\n<meta name=\"twitter:card\" content=\"summary_large_image\" \/>\n<meta name=\"twitter:label1\" content=\"Scritto da\" \/>\n\t<meta name=\"twitter:data1\" content=\"Secretario T\u00e9cnico\" \/>\n\t<meta name=\"twitter:label2\" content=\"Tempo di lettura stimato\" \/>\n\t<meta name=\"twitter:data2\" content=\"2 minuti\" \/>\n<script type=\"application\/ld+json\" class=\"yoast-schema-graph\">{\"@context\":\"https:\/\/schema.org\",\"@graph\":[{\"@type\":\"Article\",\"@id\":\"https:\/\/www.iec2024.ec\/it\/sagrado-corazon-de-jesus-y-eucaristiaprograma-radial-fraternidad-para-sanar-el-mundo\/#article\",\"isPartOf\":{\"@id\":\"https:\/\/www.iec2024.ec\/it\/sagrado-corazon-de-jesus-y-eucaristiaprograma-radial-fraternidad-para-sanar-el-mundo\/\"},\"author\":{\"name\":\"Secretario T\u00e9cnico\",\"@id\":\"https:\/\/www.iec2024.ec\/it\/#\/schema\/person\/7dc46e27a804fe39ba34935ca5284fe2\"},\"headline\":\"Sagrado Coraz\u00f3n de Jes\u00fas y Eucarist\u00eda,programa radial \u201cFraternidad para Sanar el Mundo\u201d.\",\"datePublished\":\"2023-06-15T17:04:45+00:00\",\"dateModified\":\"2024-05-17T16:42:04+00:00\",\"mainEntityOfPage\":{\"@id\":\"https:\/\/www.iec2024.ec\/it\/sagrado-corazon-de-jesus-y-eucaristiaprograma-radial-fraternidad-para-sanar-el-mundo\/\"},\"wordCount\":445,\"commentCount\":0,\"publisher\":{\"@id\":\"https:\/\/www.iec2024.ec\/it\/#organization\"},\"articleSection\":[\"Notizia\"],\"inLanguage\":\"it-IT\",\"potentialAction\":[{\"@type\":\"CommentAction\",\"name\":\"Comment\",\"target\":[\"https:\/\/www.iec2024.ec\/it\/sagrado-corazon-de-jesus-y-eucaristiaprograma-radial-fraternidad-para-sanar-el-mundo\/#respond\"]}]},{\"@type\":\"WebPage\",\"@id\":\"https:\/\/www.iec2024.ec\/it\/sagrado-corazon-de-jesus-y-eucaristiaprograma-radial-fraternidad-para-sanar-el-mundo\/\",\"url\":\"https:\/\/www.iec2024.ec\/it\/sagrado-corazon-de-jesus-y-eucaristiaprograma-radial-fraternidad-para-sanar-el-mundo\/\",\"name\":\"Sagrado Coraz\u00f3n de Jes\u00fas y Eucarist\u00eda,programa radial \u201cFraternidad para Sanar el Mundo\u201d. - IEC 2024\",\"isPartOf\":{\"@id\":\"https:\/\/www.iec2024.ec\/it\/#website\"},\"datePublished\":\"2023-06-15T17:04:45+00:00\",\"dateModified\":\"2024-05-17T16:42:04+00:00\",\"breadcrumb\":{\"@id\":\"https:\/\/www.iec2024.ec\/it\/sagrado-corazon-de-jesus-y-eucaristiaprograma-radial-fraternidad-para-sanar-el-mundo\/#breadcrumb\"},\"inLanguage\":\"it-IT\",\"potentialAction\":[{\"@type\":\"ReadAction\",\"target\":[\"https:\/\/www.iec2024.ec\/it\/sagrado-corazon-de-jesus-y-eucaristiaprograma-radial-fraternidad-para-sanar-el-mundo\/\"]}]},{\"@type\":\"BreadcrumbList\",\"@id\":\"https:\/\/www.iec2024.ec\/it\/sagrado-corazon-de-jesus-y-eucaristiaprograma-radial-fraternidad-para-sanar-el-mundo\/#breadcrumb\",\"itemListElement\":[{\"@type\":\"ListItem\",\"position\":1,\"name\":\"Portada\",\"item\":\"https:\/\/www.iec2024.ec\/it\/\"},{\"@type\":\"ListItem\",\"position\":2,\"name\":\"Sagrado Coraz\u00f3n de Jes\u00fas y Eucarist\u00eda,programa radial \u201cFraternidad para Sanar el Mundo\u201d.\"}]},{\"@type\":\"WebSite\",\"@id\":\"https:\/\/www.iec2024.ec\/it\/#website\",\"url\":\"https:\/\/www.iec2024.ec\/it\/\",\"name\":\"IEC 2024\",\"description\":\"\",\"publisher\":{\"@id\":\"https:\/\/www.iec2024.ec\/it\/#organization\"},\"potentialAction\":[{\"@type\":\"SearchAction\",\"target\":{\"@type\":\"EntryPoint\",\"urlTemplate\":\"https:\/\/www.iec2024.ec\/it\/?s={search_term_string}\"},\"query-input\":\"required name=search_term_string\"}],\"inLanguage\":\"it-IT\"},{\"@type\":\"Organization\",\"@id\":\"https:\/\/www.iec2024.ec\/it\/#organization\",\"name\":\"IEC 2024\",\"url\":\"https:\/\/www.iec2024.ec\/it\/\",\"logo\":{\"@type\":\"ImageObject\",\"inLanguage\":\"it-IT\",\"@id\":\"https:\/\/www.iec2024.ec\/it\/#\/schema\/logo\/image\/\",\"url\":\"https:\/\/www.iec2024.ec\/wp-content\/uploads\/2024\/01\/cropped-logo-2024.png\",\"contentUrl\":\"https:\/\/www.iec2024.ec\/wp-content\/uploads\/2024\/01\/cropped-logo-2024.png\",\"width\":1277,\"height\":332,\"caption\":\"IEC 2024\"},\"image\":{\"@id\":\"https:\/\/www.iec2024.ec\/it\/#\/schema\/logo\/image\/\"}},{\"@type\":\"Person\",\"@id\":\"https:\/\/www.iec2024.ec\/it\/#\/schema\/person\/7dc46e27a804fe39ba34935ca5284fe2\",\"name\":\"Secretario T\u00e9cnico\",\"image\":{\"@type\":\"ImageObject\",\"inLanguage\":\"it-IT\",\"@id\":\"https:\/\/www.iec2024.ec\/it\/#\/schema\/person\/image\/\",\"url\":\"https:\/\/secure.gravatar.com\/avatar\/67808a21710148ea0645bc85e43e21b6?s=96&d=mm&r=g\",\"contentUrl\":\"https:\/\/secure.gravatar.com\/avatar\/67808a21710148ea0645bc85e43e21b6?s=96&d=mm&r=g\",\"caption\":\"Secretario T\u00e9cnico\"},\"url\":\"https:\/\/www.iec2024.ec\/it\/author\/4dm1ns3cr3t4r10\/\"}]}<\/script>\n<!-- \/ Yoast SEO plugin. -->","yoast_head_json":{"title":"Sagrado Coraz\u00f3n de Jes\u00fas y Eucarist\u00eda,programa radial \u201cFraternidad para Sanar el Mundo\u201d. - IEC 2024","robots":{"index":"index","follow":"follow","max-snippet":"max-snippet:-1","max-image-preview":"max-image-preview:large","max-video-preview":"max-video-preview:-1"},"canonical":"https:\/\/www.iec2024.ec\/it\/sagrado-corazon-de-jesus-y-eucaristiaprograma-radial-fraternidad-para-sanar-el-mundo\/","og_locale":"it_IT","og_type":"article","og_title":"Sagrado Coraz\u00f3n de Jes\u00fas y Eucarist\u00eda,programa radial \u201cFraternidad para Sanar el Mundo\u201d. - IEC 2024","og_description":"El 15 de junio de 2023, en nuestro onceavo programa radial \u201cFraternidad para Sanar el Mundo\u201d, contamos con la presencia del Padre Ernesto Le\u00f3n D\u00edaz, o.cc.ss., Superior General de la Congregaci\u00f3n de Padres Oblatos, quien nos acompa\u00f1\u00f3 para conversar sobre la Solemnidad del Sagrado Coraz\u00f3n de Jes\u00fas. Durante la entrevista, el P. Ernesto Le\u00f3n D\u00edaz, [&hellip;]","og_url":"https:\/\/www.iec2024.ec\/it\/sagrado-corazon-de-jesus-y-eucaristiaprograma-radial-fraternidad-para-sanar-el-mundo\/","og_site_name":"IEC 2024","article_published_time":"2023-06-15T17:04:45+00:00","article_modified_time":"2024-05-17T16:42:04+00:00","og_image":[{"width":1599,"height":1066,"url":"https:\/\/www.iec2024.ec\/wp-content\/uploads\/2023\/08\/0f32bb09-1248-4f17-af14-8bae3adcb232.jpg","type":"image\/jpeg"}],"author":"Secretario T\u00e9cnico","twitter_card":"summary_large_image","twitter_misc":{"Scritto da":"Secretario T\u00e9cnico","Tempo di lettura stimato":"2 minuti"},"schema":{"@context":"https:\/\/schema.org","@graph":[{"@type":"Article","@id":"https:\/\/www.iec2024.ec\/it\/sagrado-corazon-de-jesus-y-eucaristiaprograma-radial-fraternidad-para-sanar-el-mundo\/#article","isPartOf":{"@id":"https:\/\/www.iec2024.ec\/it\/sagrado-corazon-de-jesus-y-eucaristiaprograma-radial-fraternidad-para-sanar-el-mundo\/"},"author":{"name":"Secretario T\u00e9cnico","@id":"https:\/\/www.iec2024.ec\/it\/#\/schema\/person\/7dc46e27a804fe39ba34935ca5284fe2"},"headline":"Sagrado Coraz\u00f3n de Jes\u00fas y Eucarist\u00eda,programa radial \u201cFraternidad para Sanar el Mundo\u201d.","datePublished":"2023-06-15T17:04:45+00:00","dateModified":"2024-05-17T16:42:04+00:00","mainEntityOfPage":{"@id":"https:\/\/www.iec2024.ec\/it\/sagrado-corazon-de-jesus-y-eucaristiaprograma-radial-fraternidad-para-sanar-el-mundo\/"},"wordCount":445,"commentCount":0,"publisher":{"@id":"https:\/\/www.iec2024.ec\/it\/#organization"},"articleSection":["Notizia"],"inLanguage":"it-IT","potentialAction":[{"@type":"CommentAction","name":"Comment","target":["https:\/\/www.iec2024.ec\/it\/sagrado-corazon-de-jesus-y-eucaristiaprograma-radial-fraternidad-para-sanar-el-mundo\/#respond"]}]},{"@type":"WebPage","@id":"https:\/\/www.iec2024.ec\/it\/sagrado-corazon-de-jesus-y-eucaristiaprograma-radial-fraternidad-para-sanar-el-mundo\/","url":"https:\/\/www.iec2024.ec\/it\/sagrado-corazon-de-jesus-y-eucaristiaprograma-radial-fraternidad-para-sanar-el-mundo\/","name":"Sagrado Coraz\u00f3n de Jes\u00fas y Eucarist\u00eda,programa radial \u201cFraternidad para Sanar el Mundo\u201d. - IEC 2024","isPartOf":{"@id":"https:\/\/www.iec2024.ec\/it\/#website"},"datePublished":"2023-06-15T17:04:45+00:00","dateModified":"2024-05-17T16:42:04+00:00","breadcrumb":{"@id":"https:\/\/www.iec2024.ec\/it\/sagrado-corazon-de-jesus-y-eucaristiaprograma-radial-fraternidad-para-sanar-el-mundo\/#breadcrumb"},"inLanguage":"it-IT","potentialAction":[{"@type":"ReadAction","target":["https:\/\/www.iec2024.ec\/it\/sagrado-corazon-de-jesus-y-eucaristiaprograma-radial-fraternidad-para-sanar-el-mundo\/"]}]},{"@type":"BreadcrumbList","@id":"https:\/\/www.iec2024.ec\/it\/sagrado-corazon-de-jesus-y-eucaristiaprograma-radial-fraternidad-para-sanar-el-mundo\/#breadcrumb","itemListElement":[{"@type":"ListItem","position":1,"name":"Portada","item":"https:\/\/www.iec2024.ec\/it\/"},{"@type":"ListItem","position":2,"name":"Sagrado Coraz\u00f3n de Jes\u00fas y Eucarist\u00eda,programa radial \u201cFraternidad para Sanar el Mundo\u201d."}]},{"@type":"WebSite","@id":"https:\/\/www.iec2024.ec\/it\/#website","url":"https:\/\/www.iec2024.ec\/it\/","name":"IEC 2024","description":"","publisher":{"@id":"https:\/\/www.iec2024.ec\/it\/#organization"},"potentialAction":[{"@type":"SearchAction","target":{"@type":"EntryPoint","urlTemplate":"https:\/\/www.iec2024.ec\/it\/?s={search_term_string}"},"query-input":"required name=search_term_string"}],"inLanguage":"it-IT"},{"@type":"Organization","@id":"https:\/\/www.iec2024.ec\/it\/#organization","name":"IEC 2024","url":"https:\/\/www.iec2024.ec\/it\/","logo":{"@type":"ImageObject","inLanguage":"it-IT","@id":"https:\/\/www.iec2024.ec\/it\/#\/schema\/logo\/image\/","url":"https:\/\/www.iec2024.ec\/wp-content\/uploads\/2024\/01\/cropped-logo-2024.png","contentUrl":"https:\/\/www.iec2024.ec\/wp-content\/uploads\/2024\/01\/cropped-logo-2024.png","width":1277,"height":332,"caption":"IEC 2024"},"image":{"@id":"https:\/\/www.iec2024.ec\/it\/#\/schema\/logo\/image\/"}},{"@type":"Person","@id":"https:\/\/www.iec2024.ec\/it\/#\/schema\/person\/7dc46e27a804fe39ba34935ca5284fe2","name":"Secretario T\u00e9cnico","image":{"@type":"ImageObject","inLanguage":"it-IT","@id":"https:\/\/www.iec2024.ec\/it\/#\/schema\/person\/image\/","url":"https:\/\/secure.gravatar.com\/avatar\/67808a21710148ea0645bc85e43e21b6?s=96&d=mm&r=g","contentUrl":"https:\/\/secure.gravatar.com\/avatar\/67808a21710148ea0645bc85e43e21b6?s=96&d=mm&r=g","caption":"Secretario T\u00e9cnico"},"url":"https:\/\/www.iec2024.ec\/it\/author\/4dm1ns3cr3t4r10\/"}]}},"_links":{"self":[{"href":"https:\/\/www.iec2024.ec\/it\/wp-json\/wp\/v2\/posts\/5272"}],"collection":[{"href":"https:\/\/www.iec2024.ec\/it\/wp-json\/wp\/v2\/posts"}],"about":[{"href":"https:\/\/www.iec2024.ec\/it\/wp-json\/wp\/v2\/types\/post"}],"author":[{"embeddable":true,"href":"https:\/\/www.iec2024.ec\/it\/wp-json\/wp\/v2\/users\/2"}],"replies":[{"embeddable":true,"href":"https:\/\/www.iec2024.ec\/it\/wp-json\/wp\/v2\/comments?post=5272"}],"version-history":[{"count":1,"href":"https:\/\/www.iec2024.ec\/it\/wp-json\/wp\/v2\/posts\/5272\/revisions"}],"predecessor-version":[{"id":5684,"href":"https:\/\/www.iec2024.ec\/it\/wp-json\/wp\/v2\/posts\/5272\/revisions\/5684"}],"wp:featuredmedia":[{"embeddable":true,"href":"https:\/\/www.iec2024.ec\/it\/wp-json\/wp\/v2\/media\/5080"}],"wp:attachment":[{"href":"https:\/\/www.iec2024.ec\/it\/wp-json\/wp\/v2\/media?parent=5272"}],"wp:term":[{"taxonomy":"category","embeddable":true,"href":"https:\/\/www.iec2024.ec\/it\/wp-json\/wp\/v2\/categories?post=5272"},{"taxonomy":"post_tag","embeddable":true,"href":"https:\/\/www.iec2024.ec\/it\/wp-json\/wp\/v2\/tags?post=5272"}],"curies":[{"name":"wp","href":"https:\/\/api.w.org\/{rel}","templated":true}]}}