{"id":5286,"date":"2023-05-29T09:34:56","date_gmt":"2023-05-29T14:34:56","guid":{"rendered":"https:\/\/www.iec2024.ec\/hermanas-clarisas-oran-por-el-iec-2024\/"},"modified":"2024-05-17T12:34:44","modified_gmt":"2024-05-17T17:34:44","slug":"hermanas-clarisas-oran-por-el-iec-2024","status":"publish","type":"post","link":"https:\/\/www.iec2024.ec\/it\/hermanas-clarisas-oran-por-el-iec-2024\/","title":{"rendered":"\u00a1Hermanas Clarisas oran por el IEC 2024!"},"content":{"rendered":"<p>Durante la Semana de Formaci\u00f3n Teol\u00f3gica de la Di\u00f3cesis Babahoyo\u201d , el P. Juan Carlos Garz\u00f3n, Secretario del IEC 2024, fue invitado a celebrar la Eucarist\u00eda en la comunidad de las Hermanas Clarisas.<\/p>\n<p>La comunidad religiosa contemplativa acompa\u00f1a con sus oraciones el desarrollo del Congreso Eucar\u00edstico Internacional 2024.<\/p>\n","protected":false},"excerpt":{"rendered":"<p>Durante la Semana de Formaci\u00f3n Teol\u00f3gica de la Di\u00f3cesis Babahoyo\u201d , el P. Juan Carlos Garz\u00f3n, Secretario del IEC 2024, fue invitado a celebrar la Eucarist\u00eda en la comunidad de las Hermanas Clarisas. La comunidad religiosa contemplativa acompa\u00f1a con sus oraciones el desarrollo del Congreso Eucar\u00edstico Internacional 2024.<\/p>\n","protected":false},"author":2,"featured_media":5022,"comment_status":"open","ping_status":"open","sticky":false,"template":"","format":"standard","meta":{"footnotes":""},"categories":[34],"tags":[],"acf":[],"yoast_head":"<!-- This site is optimized with the Yoast SEO plugin v21.1 - https:\/\/yoast.com\/wordpress\/plugins\/seo\/ -->\n<title>\u00a1Hermanas Clarisas oran por el IEC 2024! - IEC 2024<\/title>\n<meta name=\"robots\" content=\"index, follow, max-snippet:-1, max-image-preview:large, max-video-preview:-1\" \/>\n<link rel=\"canonical\" href=\"https:\/\/www.iec2024.ec\/it\/hermanas-clarisas-oran-por-el-iec-2024\/\" \/>\n<meta property=\"og:locale\" content=\"it_IT\" \/>\n<meta property=\"og:type\" content=\"article\" \/>\n<meta property=\"og:title\" content=\"\u00a1Hermanas Clarisas oran por el IEC 2024! - IEC 2024\" \/>\n<meta property=\"og:description\" content=\"Durante la Semana de Formaci\u00f3n Teol\u00f3gica de la Di\u00f3cesis Babahoyo\u201d , el P. Juan Carlos Garz\u00f3n, Secretario del IEC 2024, fue invitado a celebrar la Eucarist\u00eda en la comunidad de las Hermanas Clarisas. La comunidad religiosa contemplativa acompa\u00f1a con sus oraciones el desarrollo del Congreso Eucar\u00edstico Internacional 2024.\" \/>\n<meta property=\"og:url\" content=\"https:\/\/www.iec2024.ec\/it\/hermanas-clarisas-oran-por-el-iec-2024\/\" \/>\n<meta property=\"og:site_name\" content=\"IEC 2024\" \/>\n<meta property=\"article:published_time\" content=\"2023-05-29T14:34:56+00:00\" \/>\n<meta property=\"article:modified_time\" content=\"2024-05-17T17:34:44+00:00\" \/>\n<meta property=\"og:image\" content=\"https:\/\/www.iec2024.ec\/wp-content\/uploads\/2023\/08\/IMG-20230525-WA0106.jpg\" \/>\n\t<meta property=\"og:image:width\" content=\"1600\" \/>\n\t<meta property=\"og:image:height\" content=\"1066\" \/>\n\t<meta property=\"og:image:type\" content=\"image\/jpeg\" \/>\n<meta name=\"author\" content=\"Secretario T\u00e9cnico\" \/>\n<meta name=\"twitter:card\" content=\"summary_large_image\" \/>\n<meta name=\"twitter:label1\" content=\"Scritto da\" \/>\n\t<meta name=\"twitter:data1\" content=\"Secretario T\u00e9cnico\" \/>\n<script type=\"application\/ld+json\" class=\"yoast-schema-graph\">{\"@context\":\"https:\/\/schema.org\",\"@graph\":[{\"@type\":\"Article\",\"@id\":\"https:\/\/www.iec2024.ec\/it\/hermanas-clarisas-oran-por-el-iec-2024\/#article\",\"isPartOf\":{\"@id\":\"https:\/\/www.iec2024.ec\/it\/hermanas-clarisas-oran-por-el-iec-2024\/\"},\"author\":{\"name\":\"Secretario T\u00e9cnico\",\"@id\":\"https:\/\/www.iec2024.ec\/it\/#\/schema\/person\/7dc46e27a804fe39ba34935ca5284fe2\"},\"headline\":\"\u00a1Hermanas Clarisas oran por el IEC 2024!\",\"datePublished\":\"2023-05-29T14:34:56+00:00\",\"dateModified\":\"2024-05-17T17:34:44+00:00\",\"mainEntityOfPage\":{\"@id\":\"https:\/\/www.iec2024.ec\/it\/hermanas-clarisas-oran-por-el-iec-2024\/\"},\"wordCount\":58,\"commentCount\":0,\"publisher\":{\"@id\":\"https:\/\/www.iec2024.ec\/it\/#organization\"},\"articleSection\":[\"Notizia\"],\"inLanguage\":\"it-IT\",\"potentialAction\":[{\"@type\":\"CommentAction\",\"name\":\"Comment\",\"target\":[\"https:\/\/www.iec2024.ec\/it\/hermanas-clarisas-oran-por-el-iec-2024\/#respond\"]}]},{\"@type\":\"WebPage\",\"@id\":\"https:\/\/www.iec2024.ec\/it\/hermanas-clarisas-oran-por-el-iec-2024\/\",\"url\":\"https:\/\/www.iec2024.ec\/it\/hermanas-clarisas-oran-por-el-iec-2024\/\",\"name\":\"\u00a1Hermanas Clarisas oran por el IEC 2024! - IEC 2024\",\"isPartOf\":{\"@id\":\"https:\/\/www.iec2024.ec\/it\/#website\"},\"datePublished\":\"2023-05-29T14:34:56+00:00\",\"dateModified\":\"2024-05-17T17:34:44+00:00\",\"breadcrumb\":{\"@id\":\"https:\/\/www.iec2024.ec\/it\/hermanas-clarisas-oran-por-el-iec-2024\/#breadcrumb\"},\"inLanguage\":\"it-IT\",\"potentialAction\":[{\"@type\":\"ReadAction\",\"target\":[\"https:\/\/www.iec2024.ec\/it\/hermanas-clarisas-oran-por-el-iec-2024\/\"]}]},{\"@type\":\"BreadcrumbList\",\"@id\":\"https:\/\/www.iec2024.ec\/it\/hermanas-clarisas-oran-por-el-iec-2024\/#breadcrumb\",\"itemListElement\":[{\"@type\":\"ListItem\",\"position\":1,\"name\":\"Portada\",\"item\":\"https:\/\/www.iec2024.ec\/it\/\"},{\"@type\":\"ListItem\",\"position\":2,\"name\":\"\u00a1Hermanas Clarisas oran por el IEC 2024!\"}]},{\"@type\":\"WebSite\",\"@id\":\"https:\/\/www.iec2024.ec\/it\/#website\",\"url\":\"https:\/\/www.iec2024.ec\/it\/\",\"name\":\"IEC 2024\",\"description\":\"\",\"publisher\":{\"@id\":\"https:\/\/www.iec2024.ec\/it\/#organization\"},\"potentialAction\":[{\"@type\":\"SearchAction\",\"target\":{\"@type\":\"EntryPoint\",\"urlTemplate\":\"https:\/\/www.iec2024.ec\/it\/?s={search_term_string}\"},\"query-input\":\"required name=search_term_string\"}],\"inLanguage\":\"it-IT\"},{\"@type\":\"Organization\",\"@id\":\"https:\/\/www.iec2024.ec\/it\/#organization\",\"name\":\"IEC 2024\",\"url\":\"https:\/\/www.iec2024.ec\/it\/\",\"logo\":{\"@type\":\"ImageObject\",\"inLanguage\":\"it-IT\",\"@id\":\"https:\/\/www.iec2024.ec\/it\/#\/schema\/logo\/image\/\",\"url\":\"https:\/\/www.iec2024.ec\/wp-content\/uploads\/2024\/01\/cropped-logo-2024.png\",\"contentUrl\":\"https:\/\/www.iec2024.ec\/wp-content\/uploads\/2024\/01\/cropped-logo-2024.png\",\"width\":1277,\"height\":332,\"caption\":\"IEC 2024\"},\"image\":{\"@id\":\"https:\/\/www.iec2024.ec\/it\/#\/schema\/logo\/image\/\"}},{\"@type\":\"Person\",\"@id\":\"https:\/\/www.iec2024.ec\/it\/#\/schema\/person\/7dc46e27a804fe39ba34935ca5284fe2\",\"name\":\"Secretario T\u00e9cnico\",\"image\":{\"@type\":\"ImageObject\",\"inLanguage\":\"it-IT\",\"@id\":\"https:\/\/www.iec2024.ec\/it\/#\/schema\/person\/image\/\",\"url\":\"https:\/\/secure.gravatar.com\/avatar\/67808a21710148ea0645bc85e43e21b6?s=96&d=mm&r=g\",\"contentUrl\":\"https:\/\/secure.gravatar.com\/avatar\/67808a21710148ea0645bc85e43e21b6?s=96&d=mm&r=g\",\"caption\":\"Secretario T\u00e9cnico\"},\"url\":\"https:\/\/www.iec2024.ec\/it\/author\/4dm1ns3cr3t4r10\/\"}]}<\/script>\n<!-- \/ Yoast SEO plugin. -->","yoast_head_json":{"title":"\u00a1Hermanas Clarisas oran por el IEC 2024! - IEC 2024","robots":{"index":"index","follow":"follow","max-snippet":"max-snippet:-1","max-image-preview":"max-image-preview:large","max-video-preview":"max-video-preview:-1"},"canonical":"https:\/\/www.iec2024.ec\/it\/hermanas-clarisas-oran-por-el-iec-2024\/","og_locale":"it_IT","og_type":"article","og_title":"\u00a1Hermanas Clarisas oran por el IEC 2024! - IEC 2024","og_description":"Durante la Semana de Formaci\u00f3n Teol\u00f3gica de la Di\u00f3cesis Babahoyo\u201d , el P. Juan Carlos Garz\u00f3n, Secretario del IEC 2024, fue invitado a celebrar la Eucarist\u00eda en la comunidad de las Hermanas Clarisas. La comunidad religiosa contemplativa acompa\u00f1a con sus oraciones el desarrollo del Congreso Eucar\u00edstico Internacional 2024.","og_url":"https:\/\/www.iec2024.ec\/it\/hermanas-clarisas-oran-por-el-iec-2024\/","og_site_name":"IEC 2024","article_published_time":"2023-05-29T14:34:56+00:00","article_modified_time":"2024-05-17T17:34:44+00:00","og_image":[{"width":1600,"height":1066,"url":"https:\/\/www.iec2024.ec\/wp-content\/uploads\/2023\/08\/IMG-20230525-WA0106.jpg","type":"image\/jpeg"}],"author":"Secretario T\u00e9cnico","twitter_card":"summary_large_image","twitter_misc":{"Scritto da":"Secretario T\u00e9cnico"},"schema":{"@context":"https:\/\/schema.org","@graph":[{"@type":"Article","@id":"https:\/\/www.iec2024.ec\/it\/hermanas-clarisas-oran-por-el-iec-2024\/#article","isPartOf":{"@id":"https:\/\/www.iec2024.ec\/it\/hermanas-clarisas-oran-por-el-iec-2024\/"},"author":{"name":"Secretario T\u00e9cnico","@id":"https:\/\/www.iec2024.ec\/it\/#\/schema\/person\/7dc46e27a804fe39ba34935ca5284fe2"},"headline":"\u00a1Hermanas Clarisas oran por el IEC 2024!","datePublished":"2023-05-29T14:34:56+00:00","dateModified":"2024-05-17T17:34:44+00:00","mainEntityOfPage":{"@id":"https:\/\/www.iec2024.ec\/it\/hermanas-clarisas-oran-por-el-iec-2024\/"},"wordCount":58,"commentCount":0,"publisher":{"@id":"https:\/\/www.iec2024.ec\/it\/#organization"},"articleSection":["Notizia"],"inLanguage":"it-IT","potentialAction":[{"@type":"CommentAction","name":"Comment","target":["https:\/\/www.iec2024.ec\/it\/hermanas-clarisas-oran-por-el-iec-2024\/#respond"]}]},{"@type":"WebPage","@id":"https:\/\/www.iec2024.ec\/it\/hermanas-clarisas-oran-por-el-iec-2024\/","url":"https:\/\/www.iec2024.ec\/it\/hermanas-clarisas-oran-por-el-iec-2024\/","name":"\u00a1Hermanas Clarisas oran por el IEC 2024! - IEC 2024","isPartOf":{"@id":"https:\/\/www.iec2024.ec\/it\/#website"},"datePublished":"2023-05-29T14:34:56+00:00","dateModified":"2024-05-17T17:34:44+00:00","breadcrumb":{"@id":"https:\/\/www.iec2024.ec\/it\/hermanas-clarisas-oran-por-el-iec-2024\/#breadcrumb"},"inLanguage":"it-IT","potentialAction":[{"@type":"ReadAction","target":["https:\/\/www.iec2024.ec\/it\/hermanas-clarisas-oran-por-el-iec-2024\/"]}]},{"@type":"BreadcrumbList","@id":"https:\/\/www.iec2024.ec\/it\/hermanas-clarisas-oran-por-el-iec-2024\/#breadcrumb","itemListElement":[{"@type":"ListItem","position":1,"name":"Portada","item":"https:\/\/www.iec2024.ec\/it\/"},{"@type":"ListItem","position":2,"name":"\u00a1Hermanas Clarisas oran por el IEC 2024!"}]},{"@type":"WebSite","@id":"https:\/\/www.iec2024.ec\/it\/#website","url":"https:\/\/www.iec2024.ec\/it\/","name":"IEC 2024","description":"","publisher":{"@id":"https:\/\/www.iec2024.ec\/it\/#organization"},"potentialAction":[{"@type":"SearchAction","target":{"@type":"EntryPoint","urlTemplate":"https:\/\/www.iec2024.ec\/it\/?s={search_term_string}"},"query-input":"required name=search_term_string"}],"inLanguage":"it-IT"},{"@type":"Organization","@id":"https:\/\/www.iec2024.ec\/it\/#organization","name":"IEC 2024","url":"https:\/\/www.iec2024.ec\/it\/","logo":{"@type":"ImageObject","inLanguage":"it-IT","@id":"https:\/\/www.iec2024.ec\/it\/#\/schema\/logo\/image\/","url":"https:\/\/www.iec2024.ec\/wp-content\/uploads\/2024\/01\/cropped-logo-2024.png","contentUrl":"https:\/\/www.iec2024.ec\/wp-content\/uploads\/2024\/01\/cropped-logo-2024.png","width":1277,"height":332,"caption":"IEC 2024"},"image":{"@id":"https:\/\/www.iec2024.ec\/it\/#\/schema\/logo\/image\/"}},{"@type":"Person","@id":"https:\/\/www.iec2024.ec\/it\/#\/schema\/person\/7dc46e27a804fe39ba34935ca5284fe2","name":"Secretario T\u00e9cnico","image":{"@type":"ImageObject","inLanguage":"it-IT","@id":"https:\/\/www.iec2024.ec\/it\/#\/schema\/person\/image\/","url":"https:\/\/secure.gravatar.com\/avatar\/67808a21710148ea0645bc85e43e21b6?s=96&d=mm&r=g","contentUrl":"https:\/\/secure.gravatar.com\/avatar\/67808a21710148ea0645bc85e43e21b6?s=96&d=mm&r=g","caption":"Secretario T\u00e9cnico"},"url":"https:\/\/www.iec2024.ec\/it\/author\/4dm1ns3cr3t4r10\/"}]}},"_links":{"self":[{"href":"https:\/\/www.iec2024.ec\/it\/wp-json\/wp\/v2\/posts\/5286"}],"collection":[{"href":"https:\/\/www.iec2024.ec\/it\/wp-json\/wp\/v2\/posts"}],"about":[{"href":"https:\/\/www.iec2024.ec\/it\/wp-json\/wp\/v2\/types\/post"}],"author":[{"embeddable":true,"href":"https:\/\/www.iec2024.ec\/it\/wp-json\/wp\/v2\/users\/2"}],"replies":[{"embeddable":true,"href":"https:\/\/www.iec2024.ec\/it\/wp-json\/wp\/v2\/comments?post=5286"}],"version-history":[{"count":1,"href":"https:\/\/www.iec2024.ec\/it\/wp-json\/wp\/v2\/posts\/5286\/revisions"}],"predecessor-version":[{"id":5698,"href":"https:\/\/www.iec2024.ec\/it\/wp-json\/wp\/v2\/posts\/5286\/revisions\/5698"}],"wp:featuredmedia":[{"embeddable":true,"href":"https:\/\/www.iec2024.ec\/it\/wp-json\/wp\/v2\/media\/5022"}],"wp:attachment":[{"href":"https:\/\/www.iec2024.ec\/it\/wp-json\/wp\/v2\/media?parent=5286"}],"wp:term":[{"taxonomy":"category","embeddable":true,"href":"https:\/\/www.iec2024.ec\/it\/wp-json\/wp\/v2\/categories?post=5286"},{"taxonomy":"post_tag","embeddable":true,"href":"https:\/\/www.iec2024.ec\/it\/wp-json\/wp\/v2\/tags?post=5286"}],"curies":[{"name":"wp","href":"https:\/\/api.w.org\/{rel}","templated":true}]}}