{"id":5306,"date":"2023-05-23T13:07:47","date_gmt":"2023-05-23T18:07:47","guid":{"rendered":"https:\/\/www.iec2024.ec\/himno-oficial-del-53-congreso-eucaristico-internacional-letra-y-partituras\/"},"modified":"2024-05-17T11:05:44","modified_gmt":"2024-05-17T16:05:44","slug":"himno-oficial-del-53-congreso-eucaristico-internacional-letra-y-partituras","status":"publish","type":"post","link":"https:\/\/www.iec2024.ec\/it\/himno-oficial-del-53-congreso-eucaristico-internacional-letra-y-partituras\/","title":{"rendered":"Himno oficial del IEC 2024 &#8211; letra y partituras"},"content":{"rendered":"<p>Conozca la letra y partituras del himno oficial del 53\u00b0 Congreso Eucar\u00edstico Internacional, presentado el pasado 10 de mayo de 2023, en la sede de la Conferencia Episcopal Ecuatoriana.<\/p>\n<p>La composici\u00f3n titulada &#8220;En torno a tu mesa&#8221; ha sido creada por Marco Antonio Esp\u00edn y el grupo Solideo, conformado por Fr. Oscar Santiago Castro Espa\u00f1a, ofm; Fr. Jos\u00e9 Duv\u00e1n Delgado Ruiz, ofm; y Fr. \u00c1ngel Arturo Prieto Zagal, ofm., artistas cat\u00f3licos del Ecuador dedicados a la evangelizaci\u00f3n.<\/p>\n<p>Se invita a la comunidad a entonar el himno oficial del 53\u00b0 Congreso Eucar\u00edstico Internacional en cada una de sus parroquias. Conozca su letra y partituras.<\/p>\n<p>Esta cautivadora composici\u00f3n musical, nos invita a reunirnos en torno a la mesa del Se\u00f1or y a cantar su grandeza. El himno oficial busca enriquecer los corazones y resaltar el mensaje evangelizador a trav\u00e9s de la m\u00fasica contempor\u00e1nea.<\/p>\n<p>\u00a1Mant\u00e9nganse al tanto de las pr\u00f3ximas noticias y novedades del 53\u00b0Congreso Eucar\u00edstico Internacional a trav\u00e9s de los canales oficiales y del sitio web! Juntos, celebraremos la fe y fortaleceremos nuestros lazos de fraternidad en torno a la mesa del Se\u00f1or.<\/p>\n<p><strong>Video del himno oficial del IEC 2024:<\/strong> <a href=\"https:\/\/youtu.be\/L0T-hCHcG_g\"><span style=\"color: #000080;\">https:\/\/youtu.be\/L0T-hCHcG_g<\/span><\/a><\/p>\n<p><strong>Descargue aqu\u00ed letra y partituras del himno oficial del IEC 2024 \u2b07\ufe0f<\/strong><\/p>\n","protected":false},"excerpt":{"rendered":"<p>Conozca la letra y partituras del himno oficial del 53\u00b0 Congreso Eucar\u00edstico Internacional, presentado el pasado 10 de mayo de 2023, en la sede de la Conferencia Episcopal Ecuatoriana. La composici\u00f3n titulada &#8220;En torno a tu mesa&#8221; ha sido creada por Marco Antonio Esp\u00edn y el grupo Solideo, conformado por Fr. Oscar Santiago Castro Espa\u00f1a, [&hellip;]<\/p>\n","protected":false},"author":2,"featured_media":4962,"comment_status":"open","ping_status":"open","sticky":false,"template":"","format":"standard","meta":{"footnotes":""},"categories":[34],"tags":[],"acf":[],"yoast_head":"<!-- This site is optimized with the Yoast SEO plugin v21.1 - https:\/\/yoast.com\/wordpress\/plugins\/seo\/ -->\n<title>Himno oficial del IEC 2024 - letra y partituras - IEC 2024<\/title>\n<meta name=\"robots\" content=\"index, follow, max-snippet:-1, max-image-preview:large, max-video-preview:-1\" \/>\n<link rel=\"canonical\" href=\"https:\/\/www.iec2024.ec\/it\/himno-oficial-del-53-congreso-eucaristico-internacional-letra-y-partituras\/\" \/>\n<meta property=\"og:locale\" content=\"it_IT\" \/>\n<meta property=\"og:type\" content=\"article\" \/>\n<meta property=\"og:title\" content=\"Himno oficial del IEC 2024 - letra y partituras - IEC 2024\" \/>\n<meta property=\"og:description\" content=\"Conozca la letra y partituras del himno oficial del 53\u00b0 Congreso Eucar\u00edstico Internacional, presentado el pasado 10 de mayo de 2023, en la sede de la Conferencia Episcopal Ecuatoriana. La composici\u00f3n titulada &#8220;En torno a tu mesa&#8221; ha sido creada por Marco Antonio Esp\u00edn y el grupo Solideo, conformado por Fr. Oscar Santiago Castro Espa\u00f1a, [&hellip;]\" \/>\n<meta property=\"og:url\" content=\"https:\/\/www.iec2024.ec\/it\/himno-oficial-del-53-congreso-eucaristico-internacional-letra-y-partituras\/\" \/>\n<meta property=\"og:site_name\" content=\"IEC 2024\" \/>\n<meta property=\"article:published_time\" content=\"2023-05-23T18:07:47+00:00\" \/>\n<meta property=\"article:modified_time\" content=\"2024-05-17T16:05:44+00:00\" \/>\n<meta property=\"og:image\" content=\"https:\/\/www.iec2024.ec\/wp-content\/uploads\/2023\/08\/WhatsApp-Image-2023-05-23-at-13.22.45-2-e1684866657809.jpeg\" \/>\n\t<meta property=\"og:image:width\" content=\"1280\" \/>\n\t<meta property=\"og:image:height\" content=\"675\" \/>\n\t<meta property=\"og:image:type\" content=\"image\/jpeg\" \/>\n<meta name=\"author\" content=\"Secretario T\u00e9cnico\" \/>\n<meta name=\"twitter:card\" content=\"summary_large_image\" \/>\n<meta name=\"twitter:label1\" content=\"Scritto da\" \/>\n\t<meta name=\"twitter:data1\" content=\"Secretario T\u00e9cnico\" \/>\n\t<meta name=\"twitter:label2\" content=\"Tempo di lettura stimato\" \/>\n\t<meta name=\"twitter:data2\" content=\"1 minuto\" \/>\n<script type=\"application\/ld+json\" class=\"yoast-schema-graph\">{\"@context\":\"https:\/\/schema.org\",\"@graph\":[{\"@type\":\"Article\",\"@id\":\"https:\/\/www.iec2024.ec\/it\/himno-oficial-del-53-congreso-eucaristico-internacional-letra-y-partituras\/#article\",\"isPartOf\":{\"@id\":\"https:\/\/www.iec2024.ec\/it\/himno-oficial-del-53-congreso-eucaristico-internacional-letra-y-partituras\/\"},\"author\":{\"name\":\"Secretario T\u00e9cnico\",\"@id\":\"https:\/\/www.iec2024.ec\/it\/#\/schema\/person\/7dc46e27a804fe39ba34935ca5284fe2\"},\"headline\":\"Himno oficial del IEC 2024 &#8211; letra y partituras\",\"datePublished\":\"2023-05-23T18:07:47+00:00\",\"dateModified\":\"2024-05-17T16:05:44+00:00\",\"mainEntityOfPage\":{\"@id\":\"https:\/\/www.iec2024.ec\/it\/himno-oficial-del-53-congreso-eucaristico-internacional-letra-y-partituras\/\"},\"wordCount\":225,\"commentCount\":0,\"publisher\":{\"@id\":\"https:\/\/www.iec2024.ec\/it\/#organization\"},\"articleSection\":[\"Notizia\"],\"inLanguage\":\"it-IT\",\"potentialAction\":[{\"@type\":\"CommentAction\",\"name\":\"Comment\",\"target\":[\"https:\/\/www.iec2024.ec\/it\/himno-oficial-del-53-congreso-eucaristico-internacional-letra-y-partituras\/#respond\"]}]},{\"@type\":\"WebPage\",\"@id\":\"https:\/\/www.iec2024.ec\/it\/himno-oficial-del-53-congreso-eucaristico-internacional-letra-y-partituras\/\",\"url\":\"https:\/\/www.iec2024.ec\/it\/himno-oficial-del-53-congreso-eucaristico-internacional-letra-y-partituras\/\",\"name\":\"Himno oficial del IEC 2024 - letra y partituras - IEC 2024\",\"isPartOf\":{\"@id\":\"https:\/\/www.iec2024.ec\/it\/#website\"},\"datePublished\":\"2023-05-23T18:07:47+00:00\",\"dateModified\":\"2024-05-17T16:05:44+00:00\",\"breadcrumb\":{\"@id\":\"https:\/\/www.iec2024.ec\/it\/himno-oficial-del-53-congreso-eucaristico-internacional-letra-y-partituras\/#breadcrumb\"},\"inLanguage\":\"it-IT\",\"potentialAction\":[{\"@type\":\"ReadAction\",\"target\":[\"https:\/\/www.iec2024.ec\/it\/himno-oficial-del-53-congreso-eucaristico-internacional-letra-y-partituras\/\"]}]},{\"@type\":\"BreadcrumbList\",\"@id\":\"https:\/\/www.iec2024.ec\/it\/himno-oficial-del-53-congreso-eucaristico-internacional-letra-y-partituras\/#breadcrumb\",\"itemListElement\":[{\"@type\":\"ListItem\",\"position\":1,\"name\":\"Portada\",\"item\":\"https:\/\/www.iec2024.ec\/it\/\"},{\"@type\":\"ListItem\",\"position\":2,\"name\":\"Himno oficial del IEC 2024 &#8211; letra y partituras\"}]},{\"@type\":\"WebSite\",\"@id\":\"https:\/\/www.iec2024.ec\/it\/#website\",\"url\":\"https:\/\/www.iec2024.ec\/it\/\",\"name\":\"IEC 2024\",\"description\":\"\",\"publisher\":{\"@id\":\"https:\/\/www.iec2024.ec\/it\/#organization\"},\"potentialAction\":[{\"@type\":\"SearchAction\",\"target\":{\"@type\":\"EntryPoint\",\"urlTemplate\":\"https:\/\/www.iec2024.ec\/it\/?s={search_term_string}\"},\"query-input\":\"required name=search_term_string\"}],\"inLanguage\":\"it-IT\"},{\"@type\":\"Organization\",\"@id\":\"https:\/\/www.iec2024.ec\/it\/#organization\",\"name\":\"IEC 2024\",\"url\":\"https:\/\/www.iec2024.ec\/it\/\",\"logo\":{\"@type\":\"ImageObject\",\"inLanguage\":\"it-IT\",\"@id\":\"https:\/\/www.iec2024.ec\/it\/#\/schema\/logo\/image\/\",\"url\":\"https:\/\/www.iec2024.ec\/wp-content\/uploads\/2024\/01\/cropped-logo-2024.png\",\"contentUrl\":\"https:\/\/www.iec2024.ec\/wp-content\/uploads\/2024\/01\/cropped-logo-2024.png\",\"width\":1277,\"height\":332,\"caption\":\"IEC 2024\"},\"image\":{\"@id\":\"https:\/\/www.iec2024.ec\/it\/#\/schema\/logo\/image\/\"}},{\"@type\":\"Person\",\"@id\":\"https:\/\/www.iec2024.ec\/it\/#\/schema\/person\/7dc46e27a804fe39ba34935ca5284fe2\",\"name\":\"Secretario T\u00e9cnico\",\"image\":{\"@type\":\"ImageObject\",\"inLanguage\":\"it-IT\",\"@id\":\"https:\/\/www.iec2024.ec\/it\/#\/schema\/person\/image\/\",\"url\":\"https:\/\/secure.gravatar.com\/avatar\/67808a21710148ea0645bc85e43e21b6?s=96&d=mm&r=g\",\"contentUrl\":\"https:\/\/secure.gravatar.com\/avatar\/67808a21710148ea0645bc85e43e21b6?s=96&d=mm&r=g\",\"caption\":\"Secretario T\u00e9cnico\"},\"url\":\"https:\/\/www.iec2024.ec\/it\/author\/4dm1ns3cr3t4r10\/\"}]}<\/script>\n<!-- \/ Yoast SEO plugin. -->","yoast_head_json":{"title":"Himno oficial del IEC 2024 - letra y partituras - IEC 2024","robots":{"index":"index","follow":"follow","max-snippet":"max-snippet:-1","max-image-preview":"max-image-preview:large","max-video-preview":"max-video-preview:-1"},"canonical":"https:\/\/www.iec2024.ec\/it\/himno-oficial-del-53-congreso-eucaristico-internacional-letra-y-partituras\/","og_locale":"it_IT","og_type":"article","og_title":"Himno oficial del IEC 2024 - letra y partituras - IEC 2024","og_description":"Conozca la letra y partituras del himno oficial del 53\u00b0 Congreso Eucar\u00edstico Internacional, presentado el pasado 10 de mayo de 2023, en la sede de la Conferencia Episcopal Ecuatoriana. La composici\u00f3n titulada &#8220;En torno a tu mesa&#8221; ha sido creada por Marco Antonio Esp\u00edn y el grupo Solideo, conformado por Fr. Oscar Santiago Castro Espa\u00f1a, [&hellip;]","og_url":"https:\/\/www.iec2024.ec\/it\/himno-oficial-del-53-congreso-eucaristico-internacional-letra-y-partituras\/","og_site_name":"IEC 2024","article_published_time":"2023-05-23T18:07:47+00:00","article_modified_time":"2024-05-17T16:05:44+00:00","og_image":[{"width":1280,"height":675,"url":"https:\/\/www.iec2024.ec\/wp-content\/uploads\/2023\/08\/WhatsApp-Image-2023-05-23-at-13.22.45-2-e1684866657809.jpeg","type":"image\/jpeg"}],"author":"Secretario T\u00e9cnico","twitter_card":"summary_large_image","twitter_misc":{"Scritto da":"Secretario T\u00e9cnico","Tempo di lettura stimato":"1 minuto"},"schema":{"@context":"https:\/\/schema.org","@graph":[{"@type":"Article","@id":"https:\/\/www.iec2024.ec\/it\/himno-oficial-del-53-congreso-eucaristico-internacional-letra-y-partituras\/#article","isPartOf":{"@id":"https:\/\/www.iec2024.ec\/it\/himno-oficial-del-53-congreso-eucaristico-internacional-letra-y-partituras\/"},"author":{"name":"Secretario T\u00e9cnico","@id":"https:\/\/www.iec2024.ec\/it\/#\/schema\/person\/7dc46e27a804fe39ba34935ca5284fe2"},"headline":"Himno oficial del IEC 2024 &#8211; letra y partituras","datePublished":"2023-05-23T18:07:47+00:00","dateModified":"2024-05-17T16:05:44+00:00","mainEntityOfPage":{"@id":"https:\/\/www.iec2024.ec\/it\/himno-oficial-del-53-congreso-eucaristico-internacional-letra-y-partituras\/"},"wordCount":225,"commentCount":0,"publisher":{"@id":"https:\/\/www.iec2024.ec\/it\/#organization"},"articleSection":["Notizia"],"inLanguage":"it-IT","potentialAction":[{"@type":"CommentAction","name":"Comment","target":["https:\/\/www.iec2024.ec\/it\/himno-oficial-del-53-congreso-eucaristico-internacional-letra-y-partituras\/#respond"]}]},{"@type":"WebPage","@id":"https:\/\/www.iec2024.ec\/it\/himno-oficial-del-53-congreso-eucaristico-internacional-letra-y-partituras\/","url":"https:\/\/www.iec2024.ec\/it\/himno-oficial-del-53-congreso-eucaristico-internacional-letra-y-partituras\/","name":"Himno oficial del IEC 2024 - letra y partituras - IEC 2024","isPartOf":{"@id":"https:\/\/www.iec2024.ec\/it\/#website"},"datePublished":"2023-05-23T18:07:47+00:00","dateModified":"2024-05-17T16:05:44+00:00","breadcrumb":{"@id":"https:\/\/www.iec2024.ec\/it\/himno-oficial-del-53-congreso-eucaristico-internacional-letra-y-partituras\/#breadcrumb"},"inLanguage":"it-IT","potentialAction":[{"@type":"ReadAction","target":["https:\/\/www.iec2024.ec\/it\/himno-oficial-del-53-congreso-eucaristico-internacional-letra-y-partituras\/"]}]},{"@type":"BreadcrumbList","@id":"https:\/\/www.iec2024.ec\/it\/himno-oficial-del-53-congreso-eucaristico-internacional-letra-y-partituras\/#breadcrumb","itemListElement":[{"@type":"ListItem","position":1,"name":"Portada","item":"https:\/\/www.iec2024.ec\/it\/"},{"@type":"ListItem","position":2,"name":"Himno oficial del IEC 2024 &#8211; letra y partituras"}]},{"@type":"WebSite","@id":"https:\/\/www.iec2024.ec\/it\/#website","url":"https:\/\/www.iec2024.ec\/it\/","name":"IEC 2024","description":"","publisher":{"@id":"https:\/\/www.iec2024.ec\/it\/#organization"},"potentialAction":[{"@type":"SearchAction","target":{"@type":"EntryPoint","urlTemplate":"https:\/\/www.iec2024.ec\/it\/?s={search_term_string}"},"query-input":"required name=search_term_string"}],"inLanguage":"it-IT"},{"@type":"Organization","@id":"https:\/\/www.iec2024.ec\/it\/#organization","name":"IEC 2024","url":"https:\/\/www.iec2024.ec\/it\/","logo":{"@type":"ImageObject","inLanguage":"it-IT","@id":"https:\/\/www.iec2024.ec\/it\/#\/schema\/logo\/image\/","url":"https:\/\/www.iec2024.ec\/wp-content\/uploads\/2024\/01\/cropped-logo-2024.png","contentUrl":"https:\/\/www.iec2024.ec\/wp-content\/uploads\/2024\/01\/cropped-logo-2024.png","width":1277,"height":332,"caption":"IEC 2024"},"image":{"@id":"https:\/\/www.iec2024.ec\/it\/#\/schema\/logo\/image\/"}},{"@type":"Person","@id":"https:\/\/www.iec2024.ec\/it\/#\/schema\/person\/7dc46e27a804fe39ba34935ca5284fe2","name":"Secretario T\u00e9cnico","image":{"@type":"ImageObject","inLanguage":"it-IT","@id":"https:\/\/www.iec2024.ec\/it\/#\/schema\/person\/image\/","url":"https:\/\/secure.gravatar.com\/avatar\/67808a21710148ea0645bc85e43e21b6?s=96&d=mm&r=g","contentUrl":"https:\/\/secure.gravatar.com\/avatar\/67808a21710148ea0645bc85e43e21b6?s=96&d=mm&r=g","caption":"Secretario T\u00e9cnico"},"url":"https:\/\/www.iec2024.ec\/it\/author\/4dm1ns3cr3t4r10\/"}]}},"_links":{"self":[{"href":"https:\/\/www.iec2024.ec\/it\/wp-json\/wp\/v2\/posts\/5306"}],"collection":[{"href":"https:\/\/www.iec2024.ec\/it\/wp-json\/wp\/v2\/posts"}],"about":[{"href":"https:\/\/www.iec2024.ec\/it\/wp-json\/wp\/v2\/types\/post"}],"author":[{"embeddable":true,"href":"https:\/\/www.iec2024.ec\/it\/wp-json\/wp\/v2\/users\/2"}],"replies":[{"embeddable":true,"href":"https:\/\/www.iec2024.ec\/it\/wp-json\/wp\/v2\/comments?post=5306"}],"version-history":[{"count":1,"href":"https:\/\/www.iec2024.ec\/it\/wp-json\/wp\/v2\/posts\/5306\/revisions"}],"predecessor-version":[{"id":5718,"href":"https:\/\/www.iec2024.ec\/it\/wp-json\/wp\/v2\/posts\/5306\/revisions\/5718"}],"wp:featuredmedia":[{"embeddable":true,"href":"https:\/\/www.iec2024.ec\/it\/wp-json\/wp\/v2\/media\/4962"}],"wp:attachment":[{"href":"https:\/\/www.iec2024.ec\/it\/wp-json\/wp\/v2\/media?parent=5306"}],"wp:term":[{"taxonomy":"category","embeddable":true,"href":"https:\/\/www.iec2024.ec\/it\/wp-json\/wp\/v2\/categories?post=5306"},{"taxonomy":"post_tag","embeddable":true,"href":"https:\/\/www.iec2024.ec\/it\/wp-json\/wp\/v2\/tags?post=5306"}],"curies":[{"name":"wp","href":"https:\/\/api.w.org\/{rel}","templated":true}]}}