{"id":5308,"date":"2023-05-22T10:31:27","date_gmt":"2023-05-22T15:31:27","guid":{"rendered":"https:\/\/www.iec2024.ec\/comunicato-del-pontificio-comite-para-los-congresos-eucaristicos-internacionales-22-05-2023\/"},"modified":"2024-05-17T11:10:12","modified_gmt":"2024-05-17T16:10:12","slug":"comunicato-del-pontificio-comite-para-los-congresos-eucaristicos-internacionales-22-05-2023","status":"publish","type":"post","link":"https:\/\/www.iec2024.ec\/it\/comunicato-del-pontificio-comite-para-los-congresos-eucaristicos-internacionales-22-05-2023\/","title":{"rendered":"Comunicado del Pontificio Comit\u00e9 para los Congresos Eucar\u00edsticos Internacionales"},"content":{"rendered":"<p>La ma\u00f1ana del lunes 22 de mayo de 2023, la oficina de prensa de la Santa Sede emiti\u00f3 un comunicado del &#8220;Pontificio Comit\u00e9 para los Congresos Eucar\u00edsticos Internacionales&#8221;, en el cual se destaca la importancia del 53\u00b0 Congreso Eucar\u00edstico Internacional, previsto realizarse en Quito-Ecuador del 8 al 15 de septiembre de 2024 y que culminar\u00e1 con la celebraci\u00f3n de la &#8220;statio orbis&#8221; de clausura del evento.<\/p>\n<p>El comunicado hace \u00e9nfasis al tema del Congreso: &#8220;Fraternidad para sanar el mundo&#8221;, tomado del texto evang\u00e9lico &#8220;Ustedes son todos hermanos&#8221; (Mt 23,8) y recuerda la importancia del camino sinodal de la Iglesia.<\/p>\n<p>Asimismo se refiere a la presentaci\u00f3n oficial del himno y logo del Congreso, llevada a cabo en Quito-Ecuador el 10 de mayo de 2023.<\/p>\n<p style=\"text-align: left;\"><em><strong>Vatican News :<\/strong><\/em> <span style=\"color: #0000ff;\"><a style=\"color: #0000ff;\" href=\"https:\/\/www.vaticannews.va\/es\/vaticano\/news\/2023-05\/avanzan-preparativos-congreso-eucaristico-quito-2024.html\">https:\/\/www.vaticannews.va\/es\/vaticano\/news\/2023-05\/avanzan-preparativos-congreso-eucaristico-quito-2024.html<\/a><\/span><\/p>\n<p style=\"text-align: left;\"><em><strong>Oficina de prensa de la Santa Sede :\u00a0<\/strong><\/em><a style=\"color: #0000ff;\" href=\"https:\/\/press.vatican.va\/content\/salastampa\/it\/bollettino\/pubblico\/2023\/05\/22\/0385\/00839.html\"> https:\/\/press.<\/a><a style=\"color: #0000ff;\" href=\"https:\/\/press.vatican.va\/content\/salastampa\/it\/bollettino\/pubblico\/2023\/05\/22\/0385\/00839.html\" target=\"_blank\" rel=\"noopener\">vatican.va\/content\/salastampa\/it\/bollettino\/pubblico\/2023\/05\/22\/0385\/00839.html<\/a><\/p>\n","protected":false},"excerpt":{"rendered":"<p>La ma\u00f1ana del lunes 22 de mayo de 2023, la oficina de prensa de la Santa Sede emiti\u00f3 un comunicado del &#8220;Pontificio Comit\u00e9 para los Congresos Eucar\u00edsticos Internacionales&#8221;, en el cual se destaca la importancia del 53\u00b0 Congreso Eucar\u00edstico Internacional, previsto realizarse en Quito-Ecuador del 8 al 15 de septiembre de 2024 y que culminar\u00e1 [&hellip;]<\/p>\n","protected":false},"author":2,"featured_media":4948,"comment_status":"open","ping_status":"open","sticky":false,"template":"","format":"standard","meta":{"footnotes":""},"categories":[34],"tags":[],"acf":[],"yoast_head":"<!-- This site is optimized with the Yoast SEO plugin v21.1 - https:\/\/yoast.com\/wordpress\/plugins\/seo\/ -->\n<title>Comunicado del Pontificio Comit\u00e9 para los Congresos Eucar\u00edsticos Internacionales - IEC 2024<\/title>\n<meta name=\"robots\" content=\"index, follow, max-snippet:-1, max-image-preview:large, max-video-preview:-1\" \/>\n<link rel=\"canonical\" href=\"https:\/\/www.iec2024.ec\/it\/comunicato-del-pontificio-comite-para-los-congresos-eucaristicos-internacionales-22-05-2023\/\" \/>\n<meta property=\"og:locale\" content=\"it_IT\" \/>\n<meta property=\"og:type\" content=\"article\" \/>\n<meta property=\"og:title\" content=\"Comunicado del Pontificio Comit\u00e9 para los Congresos Eucar\u00edsticos Internacionales - IEC 2024\" \/>\n<meta property=\"og:description\" content=\"La ma\u00f1ana del lunes 22 de mayo de 2023, la oficina de prensa de la Santa Sede emiti\u00f3 un comunicado del &#8220;Pontificio Comit\u00e9 para los Congresos Eucar\u00edsticos Internacionales&#8221;, en el cual se destaca la importancia del 53\u00b0 Congreso Eucar\u00edstico Internacional, previsto realizarse en Quito-Ecuador del 8 al 15 de septiembre de 2024 y que culminar\u00e1 [&hellip;]\" \/>\n<meta property=\"og:url\" content=\"https:\/\/www.iec2024.ec\/it\/comunicato-del-pontificio-comite-para-los-congresos-eucaristicos-internacionales-22-05-2023\/\" \/>\n<meta property=\"og:site_name\" content=\"IEC 2024\" \/>\n<meta property=\"article:published_time\" content=\"2023-05-22T15:31:27+00:00\" \/>\n<meta property=\"article:modified_time\" content=\"2024-05-17T16:10:12+00:00\" \/>\n<meta property=\"og:image\" content=\"https:\/\/www.iec2024.ec\/wp-content\/uploads\/2023\/08\/Press-Release-Holy-See-Press-Office-1634297090.webp\" \/>\n\t<meta property=\"og:image:width\" content=\"990\" \/>\n\t<meta property=\"og:image:height\" content=\"350\" \/>\n\t<meta property=\"og:image:type\" content=\"image\/webp\" \/>\n<meta name=\"author\" content=\"Secretario T\u00e9cnico\" \/>\n<meta name=\"twitter:card\" content=\"summary_large_image\" \/>\n<meta name=\"twitter:label1\" content=\"Scritto da\" \/>\n\t<meta name=\"twitter:data1\" content=\"Secretario T\u00e9cnico\" \/>\n\t<meta name=\"twitter:label2\" content=\"Tempo di lettura stimato\" \/>\n\t<meta name=\"twitter:data2\" content=\"1 minuto\" \/>\n<script type=\"application\/ld+json\" class=\"yoast-schema-graph\">{\"@context\":\"https:\/\/schema.org\",\"@graph\":[{\"@type\":\"Article\",\"@id\":\"https:\/\/www.iec2024.ec\/it\/comunicato-del-pontificio-comite-para-los-congresos-eucaristicos-internacionales-22-05-2023\/#article\",\"isPartOf\":{\"@id\":\"https:\/\/www.iec2024.ec\/it\/comunicato-del-pontificio-comite-para-los-congresos-eucaristicos-internacionales-22-05-2023\/\"},\"author\":{\"name\":\"Secretario T\u00e9cnico\",\"@id\":\"https:\/\/www.iec2024.ec\/it\/#\/schema\/person\/7dc46e27a804fe39ba34935ca5284fe2\"},\"headline\":\"Comunicado del Pontificio Comit\u00e9 para los Congresos Eucar\u00edsticos Internacionales\",\"datePublished\":\"2023-05-22T15:31:27+00:00\",\"dateModified\":\"2024-05-17T16:10:12+00:00\",\"mainEntityOfPage\":{\"@id\":\"https:\/\/www.iec2024.ec\/it\/comunicato-del-pontificio-comite-para-los-congresos-eucaristicos-internacionales-22-05-2023\/\"},\"wordCount\":159,\"commentCount\":0,\"publisher\":{\"@id\":\"https:\/\/www.iec2024.ec\/it\/#organization\"},\"articleSection\":[\"Notizia\"],\"inLanguage\":\"it-IT\",\"potentialAction\":[{\"@type\":\"CommentAction\",\"name\":\"Comment\",\"target\":[\"https:\/\/www.iec2024.ec\/it\/comunicato-del-pontificio-comite-para-los-congresos-eucaristicos-internacionales-22-05-2023\/#respond\"]}]},{\"@type\":\"WebPage\",\"@id\":\"https:\/\/www.iec2024.ec\/it\/comunicato-del-pontificio-comite-para-los-congresos-eucaristicos-internacionales-22-05-2023\/\",\"url\":\"https:\/\/www.iec2024.ec\/it\/comunicato-del-pontificio-comite-para-los-congresos-eucaristicos-internacionales-22-05-2023\/\",\"name\":\"Comunicado del Pontificio Comit\u00e9 para los Congresos Eucar\u00edsticos Internacionales - IEC 2024\",\"isPartOf\":{\"@id\":\"https:\/\/www.iec2024.ec\/it\/#website\"},\"datePublished\":\"2023-05-22T15:31:27+00:00\",\"dateModified\":\"2024-05-17T16:10:12+00:00\",\"breadcrumb\":{\"@id\":\"https:\/\/www.iec2024.ec\/it\/comunicato-del-pontificio-comite-para-los-congresos-eucaristicos-internacionales-22-05-2023\/#breadcrumb\"},\"inLanguage\":\"it-IT\",\"potentialAction\":[{\"@type\":\"ReadAction\",\"target\":[\"https:\/\/www.iec2024.ec\/it\/comunicato-del-pontificio-comite-para-los-congresos-eucaristicos-internacionales-22-05-2023\/\"]}]},{\"@type\":\"BreadcrumbList\",\"@id\":\"https:\/\/www.iec2024.ec\/it\/comunicato-del-pontificio-comite-para-los-congresos-eucaristicos-internacionales-22-05-2023\/#breadcrumb\",\"itemListElement\":[{\"@type\":\"ListItem\",\"position\":1,\"name\":\"Portada\",\"item\":\"https:\/\/www.iec2024.ec\/it\/\"},{\"@type\":\"ListItem\",\"position\":2,\"name\":\"Comunicado del Pontificio Comit\u00e9 para los Congresos Eucar\u00edsticos Internacionales\"}]},{\"@type\":\"WebSite\",\"@id\":\"https:\/\/www.iec2024.ec\/it\/#website\",\"url\":\"https:\/\/www.iec2024.ec\/it\/\",\"name\":\"IEC 2024\",\"description\":\"\",\"publisher\":{\"@id\":\"https:\/\/www.iec2024.ec\/it\/#organization\"},\"potentialAction\":[{\"@type\":\"SearchAction\",\"target\":{\"@type\":\"EntryPoint\",\"urlTemplate\":\"https:\/\/www.iec2024.ec\/it\/?s={search_term_string}\"},\"query-input\":\"required name=search_term_string\"}],\"inLanguage\":\"it-IT\"},{\"@type\":\"Organization\",\"@id\":\"https:\/\/www.iec2024.ec\/it\/#organization\",\"name\":\"IEC 2024\",\"url\":\"https:\/\/www.iec2024.ec\/it\/\",\"logo\":{\"@type\":\"ImageObject\",\"inLanguage\":\"it-IT\",\"@id\":\"https:\/\/www.iec2024.ec\/it\/#\/schema\/logo\/image\/\",\"url\":\"https:\/\/www.iec2024.ec\/wp-content\/uploads\/2024\/01\/cropped-logo-2024.png\",\"contentUrl\":\"https:\/\/www.iec2024.ec\/wp-content\/uploads\/2024\/01\/cropped-logo-2024.png\",\"width\":1277,\"height\":332,\"caption\":\"IEC 2024\"},\"image\":{\"@id\":\"https:\/\/www.iec2024.ec\/it\/#\/schema\/logo\/image\/\"}},{\"@type\":\"Person\",\"@id\":\"https:\/\/www.iec2024.ec\/it\/#\/schema\/person\/7dc46e27a804fe39ba34935ca5284fe2\",\"name\":\"Secretario T\u00e9cnico\",\"image\":{\"@type\":\"ImageObject\",\"inLanguage\":\"it-IT\",\"@id\":\"https:\/\/www.iec2024.ec\/it\/#\/schema\/person\/image\/\",\"url\":\"https:\/\/secure.gravatar.com\/avatar\/67808a21710148ea0645bc85e43e21b6?s=96&d=mm&r=g\",\"contentUrl\":\"https:\/\/secure.gravatar.com\/avatar\/67808a21710148ea0645bc85e43e21b6?s=96&d=mm&r=g\",\"caption\":\"Secretario T\u00e9cnico\"},\"url\":\"https:\/\/www.iec2024.ec\/it\/author\/4dm1ns3cr3t4r10\/\"}]}<\/script>\n<!-- \/ Yoast SEO plugin. -->","yoast_head_json":{"title":"Comunicado del Pontificio Comit\u00e9 para los Congresos Eucar\u00edsticos Internacionales - IEC 2024","robots":{"index":"index","follow":"follow","max-snippet":"max-snippet:-1","max-image-preview":"max-image-preview:large","max-video-preview":"max-video-preview:-1"},"canonical":"https:\/\/www.iec2024.ec\/it\/comunicato-del-pontificio-comite-para-los-congresos-eucaristicos-internacionales-22-05-2023\/","og_locale":"it_IT","og_type":"article","og_title":"Comunicado del Pontificio Comit\u00e9 para los Congresos Eucar\u00edsticos Internacionales - IEC 2024","og_description":"La ma\u00f1ana del lunes 22 de mayo de 2023, la oficina de prensa de la Santa Sede emiti\u00f3 un comunicado del &#8220;Pontificio Comit\u00e9 para los Congresos Eucar\u00edsticos Internacionales&#8221;, en el cual se destaca la importancia del 53\u00b0 Congreso Eucar\u00edstico Internacional, previsto realizarse en Quito-Ecuador del 8 al 15 de septiembre de 2024 y que culminar\u00e1 [&hellip;]","og_url":"https:\/\/www.iec2024.ec\/it\/comunicato-del-pontificio-comite-para-los-congresos-eucaristicos-internacionales-22-05-2023\/","og_site_name":"IEC 2024","article_published_time":"2023-05-22T15:31:27+00:00","article_modified_time":"2024-05-17T16:10:12+00:00","og_image":[{"width":990,"height":350,"url":"https:\/\/www.iec2024.ec\/wp-content\/uploads\/2023\/08\/Press-Release-Holy-See-Press-Office-1634297090.webp","type":"image\/webp"}],"author":"Secretario T\u00e9cnico","twitter_card":"summary_large_image","twitter_misc":{"Scritto da":"Secretario T\u00e9cnico","Tempo di lettura stimato":"1 minuto"},"schema":{"@context":"https:\/\/schema.org","@graph":[{"@type":"Article","@id":"https:\/\/www.iec2024.ec\/it\/comunicato-del-pontificio-comite-para-los-congresos-eucaristicos-internacionales-22-05-2023\/#article","isPartOf":{"@id":"https:\/\/www.iec2024.ec\/it\/comunicato-del-pontificio-comite-para-los-congresos-eucaristicos-internacionales-22-05-2023\/"},"author":{"name":"Secretario T\u00e9cnico","@id":"https:\/\/www.iec2024.ec\/it\/#\/schema\/person\/7dc46e27a804fe39ba34935ca5284fe2"},"headline":"Comunicado del Pontificio Comit\u00e9 para los Congresos Eucar\u00edsticos Internacionales","datePublished":"2023-05-22T15:31:27+00:00","dateModified":"2024-05-17T16:10:12+00:00","mainEntityOfPage":{"@id":"https:\/\/www.iec2024.ec\/it\/comunicato-del-pontificio-comite-para-los-congresos-eucaristicos-internacionales-22-05-2023\/"},"wordCount":159,"commentCount":0,"publisher":{"@id":"https:\/\/www.iec2024.ec\/it\/#organization"},"articleSection":["Notizia"],"inLanguage":"it-IT","potentialAction":[{"@type":"CommentAction","name":"Comment","target":["https:\/\/www.iec2024.ec\/it\/comunicato-del-pontificio-comite-para-los-congresos-eucaristicos-internacionales-22-05-2023\/#respond"]}]},{"@type":"WebPage","@id":"https:\/\/www.iec2024.ec\/it\/comunicato-del-pontificio-comite-para-los-congresos-eucaristicos-internacionales-22-05-2023\/","url":"https:\/\/www.iec2024.ec\/it\/comunicato-del-pontificio-comite-para-los-congresos-eucaristicos-internacionales-22-05-2023\/","name":"Comunicado del Pontificio Comit\u00e9 para los Congresos Eucar\u00edsticos Internacionales - IEC 2024","isPartOf":{"@id":"https:\/\/www.iec2024.ec\/it\/#website"},"datePublished":"2023-05-22T15:31:27+00:00","dateModified":"2024-05-17T16:10:12+00:00","breadcrumb":{"@id":"https:\/\/www.iec2024.ec\/it\/comunicato-del-pontificio-comite-para-los-congresos-eucaristicos-internacionales-22-05-2023\/#breadcrumb"},"inLanguage":"it-IT","potentialAction":[{"@type":"ReadAction","target":["https:\/\/www.iec2024.ec\/it\/comunicato-del-pontificio-comite-para-los-congresos-eucaristicos-internacionales-22-05-2023\/"]}]},{"@type":"BreadcrumbList","@id":"https:\/\/www.iec2024.ec\/it\/comunicato-del-pontificio-comite-para-los-congresos-eucaristicos-internacionales-22-05-2023\/#breadcrumb","itemListElement":[{"@type":"ListItem","position":1,"name":"Portada","item":"https:\/\/www.iec2024.ec\/it\/"},{"@type":"ListItem","position":2,"name":"Comunicado del Pontificio Comit\u00e9 para los Congresos Eucar\u00edsticos Internacionales"}]},{"@type":"WebSite","@id":"https:\/\/www.iec2024.ec\/it\/#website","url":"https:\/\/www.iec2024.ec\/it\/","name":"IEC 2024","description":"","publisher":{"@id":"https:\/\/www.iec2024.ec\/it\/#organization"},"potentialAction":[{"@type":"SearchAction","target":{"@type":"EntryPoint","urlTemplate":"https:\/\/www.iec2024.ec\/it\/?s={search_term_string}"},"query-input":"required name=search_term_string"}],"inLanguage":"it-IT"},{"@type":"Organization","@id":"https:\/\/www.iec2024.ec\/it\/#organization","name":"IEC 2024","url":"https:\/\/www.iec2024.ec\/it\/","logo":{"@type":"ImageObject","inLanguage":"it-IT","@id":"https:\/\/www.iec2024.ec\/it\/#\/schema\/logo\/image\/","url":"https:\/\/www.iec2024.ec\/wp-content\/uploads\/2024\/01\/cropped-logo-2024.png","contentUrl":"https:\/\/www.iec2024.ec\/wp-content\/uploads\/2024\/01\/cropped-logo-2024.png","width":1277,"height":332,"caption":"IEC 2024"},"image":{"@id":"https:\/\/www.iec2024.ec\/it\/#\/schema\/logo\/image\/"}},{"@type":"Person","@id":"https:\/\/www.iec2024.ec\/it\/#\/schema\/person\/7dc46e27a804fe39ba34935ca5284fe2","name":"Secretario T\u00e9cnico","image":{"@type":"ImageObject","inLanguage":"it-IT","@id":"https:\/\/www.iec2024.ec\/it\/#\/schema\/person\/image\/","url":"https:\/\/secure.gravatar.com\/avatar\/67808a21710148ea0645bc85e43e21b6?s=96&d=mm&r=g","contentUrl":"https:\/\/secure.gravatar.com\/avatar\/67808a21710148ea0645bc85e43e21b6?s=96&d=mm&r=g","caption":"Secretario T\u00e9cnico"},"url":"https:\/\/www.iec2024.ec\/it\/author\/4dm1ns3cr3t4r10\/"}]}},"_links":{"self":[{"href":"https:\/\/www.iec2024.ec\/it\/wp-json\/wp\/v2\/posts\/5308"}],"collection":[{"href":"https:\/\/www.iec2024.ec\/it\/wp-json\/wp\/v2\/posts"}],"about":[{"href":"https:\/\/www.iec2024.ec\/it\/wp-json\/wp\/v2\/types\/post"}],"author":[{"embeddable":true,"href":"https:\/\/www.iec2024.ec\/it\/wp-json\/wp\/v2\/users\/2"}],"replies":[{"embeddable":true,"href":"https:\/\/www.iec2024.ec\/it\/wp-json\/wp\/v2\/comments?post=5308"}],"version-history":[{"count":1,"href":"https:\/\/www.iec2024.ec\/it\/wp-json\/wp\/v2\/posts\/5308\/revisions"}],"predecessor-version":[{"id":5720,"href":"https:\/\/www.iec2024.ec\/it\/wp-json\/wp\/v2\/posts\/5308\/revisions\/5720"}],"wp:featuredmedia":[{"embeddable":true,"href":"https:\/\/www.iec2024.ec\/it\/wp-json\/wp\/v2\/media\/4948"}],"wp:attachment":[{"href":"https:\/\/www.iec2024.ec\/it\/wp-json\/wp\/v2\/media?parent=5308"}],"wp:term":[{"taxonomy":"category","embeddable":true,"href":"https:\/\/www.iec2024.ec\/it\/wp-json\/wp\/v2\/categories?post=5308"},{"taxonomy":"post_tag","embeddable":true,"href":"https:\/\/www.iec2024.ec\/it\/wp-json\/wp\/v2\/tags?post=5308"}],"curies":[{"name":"wp","href":"https:\/\/api.w.org\/{rel}","templated":true}]}}