{"id":5312,"date":"2023-05-16T12:33:18","date_gmt":"2023-05-16T17:33:18","guid":{"rendered":"https:\/\/www.iec2024.ec\/congreso-eucaristico-2024-a-desarrollarse-en-quito-presento-su-logo-e-himno-oficial\/"},"modified":"2024-09-19T12:30:05","modified_gmt":"2024-09-19T17:30:05","slug":"congreso-eucaristico-2024-a-desarrollarse-en-quito-presento-su-logo-e-himno-oficial","status":"publish","type":"post","link":"https:\/\/www.iec2024.ec\/it\/congreso-eucaristico-2024-a-desarrollarse-en-quito-presento-su-logo-e-himno-oficial\/","title":{"rendered":"Congreso Eucar\u00edstico 2024, a desarrollarse en Quito, present\u00f3 su logo e himno oficial."},"content":{"rendered":"<p><a href=\"https:\/\/www.elcomercio.com\/actualidad\/ecuador\/iec-2024-desarrollarse-quito-presento-logo-himno-oficial.html\" target=\"_blank\" rel=\"noopener\">Informaci\u00f3n publicada en elcomercio.com\u00a0<\/a><\/p>\n<p><a href=\"https:\/\/www.elcomercio.com\/actualidad\/ecuador\/iec-2024-desarrollarse-quito-presento-logo-himno-oficial.html\" target=\"_blank\" rel=\"noopener\">https:\/\/www.elcomercio.com\/actualidad\/ecuador\/iec-2024-desarrollarse-quito-presento-logo-himno-oficial.html<\/a><\/p>\n","protected":false},"excerpt":{"rendered":"<p>Informaci\u00f3n publicada en elcomercio.com\u00a0 https:\/\/www.elcomercio.com\/actualidad\/ecuador\/iec-2024-desarrollarse-quito-presento-logo-himno-oficial.html<\/p>\n","protected":false},"author":2,"featured_media":4942,"comment_status":"open","ping_status":"open","sticky":false,"template":"","format":"standard","meta":{"footnotes":""},"categories":[119],"tags":[],"acf":[],"yoast_head":"<!-- This site is optimized with the Yoast SEO plugin v21.1 - https:\/\/yoast.com\/wordpress\/plugins\/seo\/ -->\n<title>Congreso Eucar\u00edstico 2024, a desarrollarse en Quito, present\u00f3 su logo e himno oficial. - IEC 2024<\/title>\n<meta name=\"robots\" content=\"index, follow, max-snippet:-1, max-image-preview:large, max-video-preview:-1\" \/>\n<link rel=\"canonical\" href=\"https:\/\/www.iec2024.ec\/it\/congreso-eucaristico-2024-a-desarrollarse-en-quito-presento-su-logo-e-himno-oficial\/\" \/>\n<meta property=\"og:locale\" content=\"it_IT\" \/>\n<meta property=\"og:type\" content=\"article\" \/>\n<meta property=\"og:title\" content=\"Congreso Eucar\u00edstico 2024, a desarrollarse en Quito, present\u00f3 su logo e himno oficial. - IEC 2024\" \/>\n<meta property=\"og:description\" content=\"Informaci\u00f3n publicada en elcomercio.com\u00a0 https:\/\/www.elcomercio.com\/actualidad\/ecuador\/iec-2024-desarrollarse-quito-presento-logo-himno-oficial.html\" \/>\n<meta property=\"og:url\" content=\"https:\/\/www.iec2024.ec\/it\/congreso-eucaristico-2024-a-desarrollarse-en-quito-presento-su-logo-e-himno-oficial\/\" \/>\n<meta property=\"og:site_name\" content=\"IEC 2024\" \/>\n<meta property=\"article:published_time\" content=\"2023-05-16T17:33:18+00:00\" \/>\n<meta property=\"article:modified_time\" content=\"2024-09-19T17:30:05+00:00\" \/>\n<meta property=\"og:image\" content=\"https:\/\/www.iec2024.ec\/wp-content\/uploads\/2023\/08\/DSC_4477-scaled-1.jpg\" \/>\n\t<meta property=\"og:image:width\" content=\"2560\" \/>\n\t<meta property=\"og:image:height\" content=\"1707\" \/>\n\t<meta property=\"og:image:type\" content=\"image\/jpeg\" \/>\n<meta name=\"author\" content=\"Secretario T\u00e9cnico\" \/>\n<meta name=\"twitter:card\" content=\"summary_large_image\" \/>\n<meta name=\"twitter:label1\" content=\"Scritto da\" \/>\n\t<meta name=\"twitter:data1\" content=\"Secretario T\u00e9cnico\" \/>\n<script type=\"application\/ld+json\" class=\"yoast-schema-graph\">{\"@context\":\"https:\/\/schema.org\",\"@graph\":[{\"@type\":\"Article\",\"@id\":\"https:\/\/www.iec2024.ec\/it\/congreso-eucaristico-2024-a-desarrollarse-en-quito-presento-su-logo-e-himno-oficial\/#article\",\"isPartOf\":{\"@id\":\"https:\/\/www.iec2024.ec\/it\/congreso-eucaristico-2024-a-desarrollarse-en-quito-presento-su-logo-e-himno-oficial\/\"},\"author\":{\"name\":\"Secretario T\u00e9cnico\",\"@id\":\"https:\/\/www.iec2024.ec\/it\/#\/schema\/person\/7dc46e27a804fe39ba34935ca5284fe2\"},\"headline\":\"Congreso Eucar\u00edstico 2024, a desarrollarse en Quito, present\u00f3 su logo e himno oficial.\",\"datePublished\":\"2023-05-16T17:33:18+00:00\",\"dateModified\":\"2024-09-19T17:30:05+00:00\",\"mainEntityOfPage\":{\"@id\":\"https:\/\/www.iec2024.ec\/it\/congreso-eucaristico-2024-a-desarrollarse-en-quito-presento-su-logo-e-himno-oficial\/\"},\"wordCount\":28,\"commentCount\":0,\"publisher\":{\"@id\":\"https:\/\/www.iec2024.ec\/it\/#organization\"},\"articleSection\":[\"Notas de Prensa\"],\"inLanguage\":\"it-IT\",\"potentialAction\":[{\"@type\":\"CommentAction\",\"name\":\"Comment\",\"target\":[\"https:\/\/www.iec2024.ec\/it\/congreso-eucaristico-2024-a-desarrollarse-en-quito-presento-su-logo-e-himno-oficial\/#respond\"]}]},{\"@type\":\"WebPage\",\"@id\":\"https:\/\/www.iec2024.ec\/it\/congreso-eucaristico-2024-a-desarrollarse-en-quito-presento-su-logo-e-himno-oficial\/\",\"url\":\"https:\/\/www.iec2024.ec\/it\/congreso-eucaristico-2024-a-desarrollarse-en-quito-presento-su-logo-e-himno-oficial\/\",\"name\":\"Congreso Eucar\u00edstico 2024, a desarrollarse en Quito, present\u00f3 su logo e himno oficial. - IEC 2024\",\"isPartOf\":{\"@id\":\"https:\/\/www.iec2024.ec\/it\/#website\"},\"datePublished\":\"2023-05-16T17:33:18+00:00\",\"dateModified\":\"2024-09-19T17:30:05+00:00\",\"breadcrumb\":{\"@id\":\"https:\/\/www.iec2024.ec\/it\/congreso-eucaristico-2024-a-desarrollarse-en-quito-presento-su-logo-e-himno-oficial\/#breadcrumb\"},\"inLanguage\":\"it-IT\",\"potentialAction\":[{\"@type\":\"ReadAction\",\"target\":[\"https:\/\/www.iec2024.ec\/it\/congreso-eucaristico-2024-a-desarrollarse-en-quito-presento-su-logo-e-himno-oficial\/\"]}]},{\"@type\":\"BreadcrumbList\",\"@id\":\"https:\/\/www.iec2024.ec\/it\/congreso-eucaristico-2024-a-desarrollarse-en-quito-presento-su-logo-e-himno-oficial\/#breadcrumb\",\"itemListElement\":[{\"@type\":\"ListItem\",\"position\":1,\"name\":\"Portada\",\"item\":\"https:\/\/www.iec2024.ec\/it\/\"},{\"@type\":\"ListItem\",\"position\":2,\"name\":\"Congreso Eucar\u00edstico 2024, a desarrollarse en Quito, present\u00f3 su logo e himno oficial.\"}]},{\"@type\":\"WebSite\",\"@id\":\"https:\/\/www.iec2024.ec\/it\/#website\",\"url\":\"https:\/\/www.iec2024.ec\/it\/\",\"name\":\"IEC 2024\",\"description\":\"\",\"publisher\":{\"@id\":\"https:\/\/www.iec2024.ec\/it\/#organization\"},\"potentialAction\":[{\"@type\":\"SearchAction\",\"target\":{\"@type\":\"EntryPoint\",\"urlTemplate\":\"https:\/\/www.iec2024.ec\/it\/?s={search_term_string}\"},\"query-input\":\"required name=search_term_string\"}],\"inLanguage\":\"it-IT\"},{\"@type\":\"Organization\",\"@id\":\"https:\/\/www.iec2024.ec\/it\/#organization\",\"name\":\"IEC 2024\",\"url\":\"https:\/\/www.iec2024.ec\/it\/\",\"logo\":{\"@type\":\"ImageObject\",\"inLanguage\":\"it-IT\",\"@id\":\"https:\/\/www.iec2024.ec\/it\/#\/schema\/logo\/image\/\",\"url\":\"https:\/\/www.iec2024.ec\/wp-content\/uploads\/2024\/01\/cropped-logo-2024.png\",\"contentUrl\":\"https:\/\/www.iec2024.ec\/wp-content\/uploads\/2024\/01\/cropped-logo-2024.png\",\"width\":1277,\"height\":332,\"caption\":\"IEC 2024\"},\"image\":{\"@id\":\"https:\/\/www.iec2024.ec\/it\/#\/schema\/logo\/image\/\"}},{\"@type\":\"Person\",\"@id\":\"https:\/\/www.iec2024.ec\/it\/#\/schema\/person\/7dc46e27a804fe39ba34935ca5284fe2\",\"name\":\"Secretario T\u00e9cnico\",\"image\":{\"@type\":\"ImageObject\",\"inLanguage\":\"it-IT\",\"@id\":\"https:\/\/www.iec2024.ec\/it\/#\/schema\/person\/image\/\",\"url\":\"https:\/\/secure.gravatar.com\/avatar\/67808a21710148ea0645bc85e43e21b6?s=96&d=mm&r=g\",\"contentUrl\":\"https:\/\/secure.gravatar.com\/avatar\/67808a21710148ea0645bc85e43e21b6?s=96&d=mm&r=g\",\"caption\":\"Secretario T\u00e9cnico\"},\"url\":\"https:\/\/www.iec2024.ec\/it\/author\/4dm1ns3cr3t4r10\/\"}]}<\/script>\n<!-- \/ Yoast SEO plugin. -->","yoast_head_json":{"title":"Congreso Eucar\u00edstico 2024, a desarrollarse en Quito, present\u00f3 su logo e himno oficial. - IEC 2024","robots":{"index":"index","follow":"follow","max-snippet":"max-snippet:-1","max-image-preview":"max-image-preview:large","max-video-preview":"max-video-preview:-1"},"canonical":"https:\/\/www.iec2024.ec\/it\/congreso-eucaristico-2024-a-desarrollarse-en-quito-presento-su-logo-e-himno-oficial\/","og_locale":"it_IT","og_type":"article","og_title":"Congreso Eucar\u00edstico 2024, a desarrollarse en Quito, present\u00f3 su logo e himno oficial. - IEC 2024","og_description":"Informaci\u00f3n publicada en elcomercio.com\u00a0 https:\/\/www.elcomercio.com\/actualidad\/ecuador\/iec-2024-desarrollarse-quito-presento-logo-himno-oficial.html","og_url":"https:\/\/www.iec2024.ec\/it\/congreso-eucaristico-2024-a-desarrollarse-en-quito-presento-su-logo-e-himno-oficial\/","og_site_name":"IEC 2024","article_published_time":"2023-05-16T17:33:18+00:00","article_modified_time":"2024-09-19T17:30:05+00:00","og_image":[{"width":2560,"height":1707,"url":"https:\/\/www.iec2024.ec\/wp-content\/uploads\/2023\/08\/DSC_4477-scaled-1.jpg","type":"image\/jpeg"}],"author":"Secretario T\u00e9cnico","twitter_card":"summary_large_image","twitter_misc":{"Scritto da":"Secretario T\u00e9cnico"},"schema":{"@context":"https:\/\/schema.org","@graph":[{"@type":"Article","@id":"https:\/\/www.iec2024.ec\/it\/congreso-eucaristico-2024-a-desarrollarse-en-quito-presento-su-logo-e-himno-oficial\/#article","isPartOf":{"@id":"https:\/\/www.iec2024.ec\/it\/congreso-eucaristico-2024-a-desarrollarse-en-quito-presento-su-logo-e-himno-oficial\/"},"author":{"name":"Secretario T\u00e9cnico","@id":"https:\/\/www.iec2024.ec\/it\/#\/schema\/person\/7dc46e27a804fe39ba34935ca5284fe2"},"headline":"Congreso Eucar\u00edstico 2024, a desarrollarse en Quito, present\u00f3 su logo e himno oficial.","datePublished":"2023-05-16T17:33:18+00:00","dateModified":"2024-09-19T17:30:05+00:00","mainEntityOfPage":{"@id":"https:\/\/www.iec2024.ec\/it\/congreso-eucaristico-2024-a-desarrollarse-en-quito-presento-su-logo-e-himno-oficial\/"},"wordCount":28,"commentCount":0,"publisher":{"@id":"https:\/\/www.iec2024.ec\/it\/#organization"},"articleSection":["Notas de Prensa"],"inLanguage":"it-IT","potentialAction":[{"@type":"CommentAction","name":"Comment","target":["https:\/\/www.iec2024.ec\/it\/congreso-eucaristico-2024-a-desarrollarse-en-quito-presento-su-logo-e-himno-oficial\/#respond"]}]},{"@type":"WebPage","@id":"https:\/\/www.iec2024.ec\/it\/congreso-eucaristico-2024-a-desarrollarse-en-quito-presento-su-logo-e-himno-oficial\/","url":"https:\/\/www.iec2024.ec\/it\/congreso-eucaristico-2024-a-desarrollarse-en-quito-presento-su-logo-e-himno-oficial\/","name":"Congreso Eucar\u00edstico 2024, a desarrollarse en Quito, present\u00f3 su logo e himno oficial. - IEC 2024","isPartOf":{"@id":"https:\/\/www.iec2024.ec\/it\/#website"},"datePublished":"2023-05-16T17:33:18+00:00","dateModified":"2024-09-19T17:30:05+00:00","breadcrumb":{"@id":"https:\/\/www.iec2024.ec\/it\/congreso-eucaristico-2024-a-desarrollarse-en-quito-presento-su-logo-e-himno-oficial\/#breadcrumb"},"inLanguage":"it-IT","potentialAction":[{"@type":"ReadAction","target":["https:\/\/www.iec2024.ec\/it\/congreso-eucaristico-2024-a-desarrollarse-en-quito-presento-su-logo-e-himno-oficial\/"]}]},{"@type":"BreadcrumbList","@id":"https:\/\/www.iec2024.ec\/it\/congreso-eucaristico-2024-a-desarrollarse-en-quito-presento-su-logo-e-himno-oficial\/#breadcrumb","itemListElement":[{"@type":"ListItem","position":1,"name":"Portada","item":"https:\/\/www.iec2024.ec\/it\/"},{"@type":"ListItem","position":2,"name":"Congreso Eucar\u00edstico 2024, a desarrollarse en Quito, present\u00f3 su logo e himno oficial."}]},{"@type":"WebSite","@id":"https:\/\/www.iec2024.ec\/it\/#website","url":"https:\/\/www.iec2024.ec\/it\/","name":"IEC 2024","description":"","publisher":{"@id":"https:\/\/www.iec2024.ec\/it\/#organization"},"potentialAction":[{"@type":"SearchAction","target":{"@type":"EntryPoint","urlTemplate":"https:\/\/www.iec2024.ec\/it\/?s={search_term_string}"},"query-input":"required name=search_term_string"}],"inLanguage":"it-IT"},{"@type":"Organization","@id":"https:\/\/www.iec2024.ec\/it\/#organization","name":"IEC 2024","url":"https:\/\/www.iec2024.ec\/it\/","logo":{"@type":"ImageObject","inLanguage":"it-IT","@id":"https:\/\/www.iec2024.ec\/it\/#\/schema\/logo\/image\/","url":"https:\/\/www.iec2024.ec\/wp-content\/uploads\/2024\/01\/cropped-logo-2024.png","contentUrl":"https:\/\/www.iec2024.ec\/wp-content\/uploads\/2024\/01\/cropped-logo-2024.png","width":1277,"height":332,"caption":"IEC 2024"},"image":{"@id":"https:\/\/www.iec2024.ec\/it\/#\/schema\/logo\/image\/"}},{"@type":"Person","@id":"https:\/\/www.iec2024.ec\/it\/#\/schema\/person\/7dc46e27a804fe39ba34935ca5284fe2","name":"Secretario T\u00e9cnico","image":{"@type":"ImageObject","inLanguage":"it-IT","@id":"https:\/\/www.iec2024.ec\/it\/#\/schema\/person\/image\/","url":"https:\/\/secure.gravatar.com\/avatar\/67808a21710148ea0645bc85e43e21b6?s=96&d=mm&r=g","contentUrl":"https:\/\/secure.gravatar.com\/avatar\/67808a21710148ea0645bc85e43e21b6?s=96&d=mm&r=g","caption":"Secretario T\u00e9cnico"},"url":"https:\/\/www.iec2024.ec\/it\/author\/4dm1ns3cr3t4r10\/"}]}},"_links":{"self":[{"href":"https:\/\/www.iec2024.ec\/it\/wp-json\/wp\/v2\/posts\/5312"}],"collection":[{"href":"https:\/\/www.iec2024.ec\/it\/wp-json\/wp\/v2\/posts"}],"about":[{"href":"https:\/\/www.iec2024.ec\/it\/wp-json\/wp\/v2\/types\/post"}],"author":[{"embeddable":true,"href":"https:\/\/www.iec2024.ec\/it\/wp-json\/wp\/v2\/users\/2"}],"replies":[{"embeddable":true,"href":"https:\/\/www.iec2024.ec\/it\/wp-json\/wp\/v2\/comments?post=5312"}],"version-history":[{"count":3,"href":"https:\/\/www.iec2024.ec\/it\/wp-json\/wp\/v2\/posts\/5312\/revisions"}],"predecessor-version":[{"id":24066,"href":"https:\/\/www.iec2024.ec\/it\/wp-json\/wp\/v2\/posts\/5312\/revisions\/24066"}],"wp:featuredmedia":[{"embeddable":true,"href":"https:\/\/www.iec2024.ec\/it\/wp-json\/wp\/v2\/media\/4942"}],"wp:attachment":[{"href":"https:\/\/www.iec2024.ec\/it\/wp-json\/wp\/v2\/media?parent=5312"}],"wp:term":[{"taxonomy":"category","embeddable":true,"href":"https:\/\/www.iec2024.ec\/it\/wp-json\/wp\/v2\/categories?post=5312"},{"taxonomy":"post_tag","embeddable":true,"href":"https:\/\/www.iec2024.ec\/it\/wp-json\/wp\/v2\/tags?post=5312"}],"curies":[{"name":"wp","href":"https:\/\/api.w.org\/{rel}","templated":true}]}}