{"id":5318,"date":"2023-05-10T16:28:42","date_gmt":"2023-05-10T21:28:42","guid":{"rendered":"https:\/\/www.iec2024.ec\/presentacion-oficial-del-logo-e-himno-del-53-congreso-eucaristico-internacional-2024\/"},"modified":"2024-09-19T12:22:00","modified_gmt":"2024-09-19T17:22:00","slug":"presentacion-oficial-del-logo-e-himno-del-53-congreso-eucaristico-internacional-2024","status":"publish","type":"post","link":"https:\/\/www.iec2024.ec\/it\/presentacion-oficial-del-logo-e-himno-del-53-congreso-eucaristico-internacional-2024\/","title":{"rendered":"Presentaci\u00f3n oficial del logo e himno del 53\u00b0 Congreso Eucar\u00edstico Internacional 2024"},"content":{"rendered":"<p>Conozca el video, la letra y las partituras del <a href=\"https:\/\/youtu.be\/L0T-hCHcG_g\" target=\"_blank\" rel=\"noopener\">himno oficial del 53\u00b0 Congreso Eucar\u00edstico Internacional<\/a>, presentado el pasado 10 de mayo de 2023, en la sede de la Conferencia Episcopal Ecuatoriana. <strong><em>Aqu\u00ed el video del himno oficial del IEC 2024:<\/em><\/strong>\u00a0<a href=\"https:\/\/youtu.be\/L0T-hCHcG_g\" target=\"_blank\" rel=\"noopener\">https:\/\/youtu.be\/L0T-hCHcG_g<\/a><\/p>\n<p>La composici\u00f3n titulada <strong>&#8220;En torno a tu mesa&#8221;<\/strong> ha sido creada por Marco Antonio Esp\u00edn y el grupo Solideo, conformado por Fr. Oscar Santiago Castro Espa\u00f1a, ofm; Fr. Jos\u00e9 Duv\u00e1n Delgado Ruiz, ofm; y Fr. \u00c1ngel Arturo Prieto Zagal, ofm., artistas cat\u00f3licos del Ecuador dedicados a la evangelizaci\u00f3n.<\/p>\n<p>Esta cautivadora composici\u00f3n musical, nos invita a reunirnos en torno a la mesa del Se\u00f1or y a cantar su grandeza. El himno oficial busca enriquecer los corazones y resaltar el mensaje evangelizador a trav\u00e9s de la m\u00fasica contempor\u00e1nea.<\/p>\n<p>\u00a1Mant\u00e9nganse al tanto de las noticias y novedades del 53\u00b0 Congreso Eucar\u00edstico Internacional a trav\u00e9s de los canales oficiales y del sitio web <a href=\"http:\/\/www.iec2024.ec\">www.iec2024.ec<\/a><\/p>\n<p>Encu\u00e9ntrenos en <a href=\"https:\/\/www.facebook.com\/IEC2024Quito\">Facebook<\/a> , <a href=\"https:\/\/twitter.com\/iec2024quito\">Twiter<\/a> , <a href=\"https:\/\/www.instagram.com\/iec2024quito\/\">Instagram<\/a> y <a href=\"https:\/\/www.tiktok.com\/@iec2024\">Tiktok<\/a><\/p>\n","protected":false},"excerpt":{"rendered":"<p>Conozca el video, la letra y las partituras del himno oficial del 53\u00b0 Congreso Eucar\u00edstico Internacional, presentado el pasado 10 de mayo de 2023, en la sede de la Conferencia Episcopal Ecuatoriana. Aqu\u00ed el video del himno oficial del IEC 2024:\u00a0https:\/\/youtu.be\/L0T-hCHcG_g La composici\u00f3n titulada &#8220;En torno a tu mesa&#8221; ha sido creada por Marco Antonio [&hellip;]<\/p>\n","protected":false},"author":2,"featured_media":4938,"comment_status":"open","ping_status":"open","sticky":false,"template":"","format":"standard","meta":{"footnotes":""},"categories":[34],"tags":[],"acf":[],"yoast_head":"<!-- This site is optimized with the Yoast SEO plugin v21.1 - https:\/\/yoast.com\/wordpress\/plugins\/seo\/ -->\n<title>Presentaci\u00f3n oficial del logo e himno del 53\u00b0 Congreso Eucar\u00edstico Internacional 2024 - IEC 2024<\/title>\n<meta name=\"robots\" content=\"index, follow, max-snippet:-1, max-image-preview:large, max-video-preview:-1\" \/>\n<link rel=\"canonical\" href=\"https:\/\/www.iec2024.ec\/it\/presentacion-oficial-del-logo-e-himno-del-53-congreso-eucaristico-internacional-2024\/\" \/>\n<meta property=\"og:locale\" content=\"it_IT\" \/>\n<meta property=\"og:type\" content=\"article\" \/>\n<meta property=\"og:title\" content=\"Presentaci\u00f3n oficial del logo e himno del 53\u00b0 Congreso Eucar\u00edstico Internacional 2024 - IEC 2024\" \/>\n<meta property=\"og:description\" content=\"Conozca el video, la letra y las partituras del himno oficial del 53\u00b0 Congreso Eucar\u00edstico Internacional, presentado el pasado 10 de mayo de 2023, en la sede de la Conferencia Episcopal Ecuatoriana. Aqu\u00ed el video del himno oficial del IEC 2024:\u00a0https:\/\/youtu.be\/L0T-hCHcG_g La composici\u00f3n titulada &#8220;En torno a tu mesa&#8221; ha sido creada por Marco Antonio [&hellip;]\" \/>\n<meta property=\"og:url\" content=\"https:\/\/www.iec2024.ec\/it\/presentacion-oficial-del-logo-e-himno-del-53-congreso-eucaristico-internacional-2024\/\" \/>\n<meta property=\"og:site_name\" content=\"IEC 2024\" \/>\n<meta property=\"article:published_time\" content=\"2023-05-10T21:28:42+00:00\" \/>\n<meta property=\"article:modified_time\" content=\"2024-09-19T17:22:00+00:00\" \/>\n<meta property=\"og:image\" content=\"https:\/\/www.iec2024.ec\/wp-content\/uploads\/2023\/08\/WhatsApp-Image-2023-05-10-at-16.19.23-e1683754104248.jpeg\" \/>\n\t<meta property=\"og:image:width\" content=\"1234\" \/>\n\t<meta property=\"og:image:height\" content=\"687\" \/>\n\t<meta property=\"og:image:type\" content=\"image\/jpeg\" \/>\n<meta name=\"author\" content=\"Secretario T\u00e9cnico\" \/>\n<meta name=\"twitter:card\" content=\"summary_large_image\" \/>\n<meta name=\"twitter:label1\" content=\"Scritto da\" \/>\n\t<meta name=\"twitter:data1\" content=\"Secretario T\u00e9cnico\" \/>\n\t<meta name=\"twitter:label2\" content=\"Tempo di lettura stimato\" \/>\n\t<meta name=\"twitter:data2\" content=\"1 minuto\" \/>\n<script type=\"application\/ld+json\" class=\"yoast-schema-graph\">{\"@context\":\"https:\/\/schema.org\",\"@graph\":[{\"@type\":\"Article\",\"@id\":\"https:\/\/www.iec2024.ec\/it\/presentacion-oficial-del-logo-e-himno-del-53-congreso-eucaristico-internacional-2024\/#article\",\"isPartOf\":{\"@id\":\"https:\/\/www.iec2024.ec\/it\/presentacion-oficial-del-logo-e-himno-del-53-congreso-eucaristico-internacional-2024\/\"},\"author\":{\"name\":\"Secretario T\u00e9cnico\",\"@id\":\"https:\/\/www.iec2024.ec\/it\/#\/schema\/person\/7dc46e27a804fe39ba34935ca5284fe2\"},\"headline\":\"Presentaci\u00f3n oficial del logo e himno del 53\u00b0 Congreso Eucar\u00edstico Internacional 2024\",\"datePublished\":\"2023-05-10T21:28:42+00:00\",\"dateModified\":\"2024-09-19T17:22:00+00:00\",\"mainEntityOfPage\":{\"@id\":\"https:\/\/www.iec2024.ec\/it\/presentacion-oficial-del-logo-e-himno-del-53-congreso-eucaristico-internacional-2024\/\"},\"wordCount\":189,\"commentCount\":0,\"publisher\":{\"@id\":\"https:\/\/www.iec2024.ec\/it\/#organization\"},\"articleSection\":[\"Notizia\"],\"inLanguage\":\"it-IT\",\"potentialAction\":[{\"@type\":\"CommentAction\",\"name\":\"Comment\",\"target\":[\"https:\/\/www.iec2024.ec\/it\/presentacion-oficial-del-logo-e-himno-del-53-congreso-eucaristico-internacional-2024\/#respond\"]}]},{\"@type\":\"WebPage\",\"@id\":\"https:\/\/www.iec2024.ec\/it\/presentacion-oficial-del-logo-e-himno-del-53-congreso-eucaristico-internacional-2024\/\",\"url\":\"https:\/\/www.iec2024.ec\/it\/presentacion-oficial-del-logo-e-himno-del-53-congreso-eucaristico-internacional-2024\/\",\"name\":\"Presentaci\u00f3n oficial del logo e himno del 53\u00b0 Congreso Eucar\u00edstico Internacional 2024 - IEC 2024\",\"isPartOf\":{\"@id\":\"https:\/\/www.iec2024.ec\/it\/#website\"},\"datePublished\":\"2023-05-10T21:28:42+00:00\",\"dateModified\":\"2024-09-19T17:22:00+00:00\",\"breadcrumb\":{\"@id\":\"https:\/\/www.iec2024.ec\/it\/presentacion-oficial-del-logo-e-himno-del-53-congreso-eucaristico-internacional-2024\/#breadcrumb\"},\"inLanguage\":\"it-IT\",\"potentialAction\":[{\"@type\":\"ReadAction\",\"target\":[\"https:\/\/www.iec2024.ec\/it\/presentacion-oficial-del-logo-e-himno-del-53-congreso-eucaristico-internacional-2024\/\"]}]},{\"@type\":\"BreadcrumbList\",\"@id\":\"https:\/\/www.iec2024.ec\/it\/presentacion-oficial-del-logo-e-himno-del-53-congreso-eucaristico-internacional-2024\/#breadcrumb\",\"itemListElement\":[{\"@type\":\"ListItem\",\"position\":1,\"name\":\"Portada\",\"item\":\"https:\/\/www.iec2024.ec\/it\/\"},{\"@type\":\"ListItem\",\"position\":2,\"name\":\"Presentaci\u00f3n oficial del logo e himno del 53\u00b0 Congreso Eucar\u00edstico Internacional 2024\"}]},{\"@type\":\"WebSite\",\"@id\":\"https:\/\/www.iec2024.ec\/it\/#website\",\"url\":\"https:\/\/www.iec2024.ec\/it\/\",\"name\":\"IEC 2024\",\"description\":\"\",\"publisher\":{\"@id\":\"https:\/\/www.iec2024.ec\/it\/#organization\"},\"potentialAction\":[{\"@type\":\"SearchAction\",\"target\":{\"@type\":\"EntryPoint\",\"urlTemplate\":\"https:\/\/www.iec2024.ec\/it\/?s={search_term_string}\"},\"query-input\":\"required name=search_term_string\"}],\"inLanguage\":\"it-IT\"},{\"@type\":\"Organization\",\"@id\":\"https:\/\/www.iec2024.ec\/it\/#organization\",\"name\":\"IEC 2024\",\"url\":\"https:\/\/www.iec2024.ec\/it\/\",\"logo\":{\"@type\":\"ImageObject\",\"inLanguage\":\"it-IT\",\"@id\":\"https:\/\/www.iec2024.ec\/it\/#\/schema\/logo\/image\/\",\"url\":\"https:\/\/www.iec2024.ec\/wp-content\/uploads\/2024\/01\/cropped-logo-2024.png\",\"contentUrl\":\"https:\/\/www.iec2024.ec\/wp-content\/uploads\/2024\/01\/cropped-logo-2024.png\",\"width\":1277,\"height\":332,\"caption\":\"IEC 2024\"},\"image\":{\"@id\":\"https:\/\/www.iec2024.ec\/it\/#\/schema\/logo\/image\/\"}},{\"@type\":\"Person\",\"@id\":\"https:\/\/www.iec2024.ec\/it\/#\/schema\/person\/7dc46e27a804fe39ba34935ca5284fe2\",\"name\":\"Secretario T\u00e9cnico\",\"image\":{\"@type\":\"ImageObject\",\"inLanguage\":\"it-IT\",\"@id\":\"https:\/\/www.iec2024.ec\/it\/#\/schema\/person\/image\/\",\"url\":\"https:\/\/secure.gravatar.com\/avatar\/67808a21710148ea0645bc85e43e21b6?s=96&d=mm&r=g\",\"contentUrl\":\"https:\/\/secure.gravatar.com\/avatar\/67808a21710148ea0645bc85e43e21b6?s=96&d=mm&r=g\",\"caption\":\"Secretario T\u00e9cnico\"},\"url\":\"https:\/\/www.iec2024.ec\/it\/author\/4dm1ns3cr3t4r10\/\"}]}<\/script>\n<!-- \/ Yoast SEO plugin. -->","yoast_head_json":{"title":"Presentaci\u00f3n oficial del logo e himno del 53\u00b0 Congreso Eucar\u00edstico Internacional 2024 - IEC 2024","robots":{"index":"index","follow":"follow","max-snippet":"max-snippet:-1","max-image-preview":"max-image-preview:large","max-video-preview":"max-video-preview:-1"},"canonical":"https:\/\/www.iec2024.ec\/it\/presentacion-oficial-del-logo-e-himno-del-53-congreso-eucaristico-internacional-2024\/","og_locale":"it_IT","og_type":"article","og_title":"Presentaci\u00f3n oficial del logo e himno del 53\u00b0 Congreso Eucar\u00edstico Internacional 2024 - IEC 2024","og_description":"Conozca el video, la letra y las partituras del himno oficial del 53\u00b0 Congreso Eucar\u00edstico Internacional, presentado el pasado 10 de mayo de 2023, en la sede de la Conferencia Episcopal Ecuatoriana. Aqu\u00ed el video del himno oficial del IEC 2024:\u00a0https:\/\/youtu.be\/L0T-hCHcG_g La composici\u00f3n titulada &#8220;En torno a tu mesa&#8221; ha sido creada por Marco Antonio [&hellip;]","og_url":"https:\/\/www.iec2024.ec\/it\/presentacion-oficial-del-logo-e-himno-del-53-congreso-eucaristico-internacional-2024\/","og_site_name":"IEC 2024","article_published_time":"2023-05-10T21:28:42+00:00","article_modified_time":"2024-09-19T17:22:00+00:00","og_image":[{"width":1234,"height":687,"url":"https:\/\/www.iec2024.ec\/wp-content\/uploads\/2023\/08\/WhatsApp-Image-2023-05-10-at-16.19.23-e1683754104248.jpeg","type":"image\/jpeg"}],"author":"Secretario T\u00e9cnico","twitter_card":"summary_large_image","twitter_misc":{"Scritto da":"Secretario T\u00e9cnico","Tempo di lettura stimato":"1 minuto"},"schema":{"@context":"https:\/\/schema.org","@graph":[{"@type":"Article","@id":"https:\/\/www.iec2024.ec\/it\/presentacion-oficial-del-logo-e-himno-del-53-congreso-eucaristico-internacional-2024\/#article","isPartOf":{"@id":"https:\/\/www.iec2024.ec\/it\/presentacion-oficial-del-logo-e-himno-del-53-congreso-eucaristico-internacional-2024\/"},"author":{"name":"Secretario T\u00e9cnico","@id":"https:\/\/www.iec2024.ec\/it\/#\/schema\/person\/7dc46e27a804fe39ba34935ca5284fe2"},"headline":"Presentaci\u00f3n oficial del logo e himno del 53\u00b0 Congreso Eucar\u00edstico Internacional 2024","datePublished":"2023-05-10T21:28:42+00:00","dateModified":"2024-09-19T17:22:00+00:00","mainEntityOfPage":{"@id":"https:\/\/www.iec2024.ec\/it\/presentacion-oficial-del-logo-e-himno-del-53-congreso-eucaristico-internacional-2024\/"},"wordCount":189,"commentCount":0,"publisher":{"@id":"https:\/\/www.iec2024.ec\/it\/#organization"},"articleSection":["Notizia"],"inLanguage":"it-IT","potentialAction":[{"@type":"CommentAction","name":"Comment","target":["https:\/\/www.iec2024.ec\/it\/presentacion-oficial-del-logo-e-himno-del-53-congreso-eucaristico-internacional-2024\/#respond"]}]},{"@type":"WebPage","@id":"https:\/\/www.iec2024.ec\/it\/presentacion-oficial-del-logo-e-himno-del-53-congreso-eucaristico-internacional-2024\/","url":"https:\/\/www.iec2024.ec\/it\/presentacion-oficial-del-logo-e-himno-del-53-congreso-eucaristico-internacional-2024\/","name":"Presentaci\u00f3n oficial del logo e himno del 53\u00b0 Congreso Eucar\u00edstico Internacional 2024 - IEC 2024","isPartOf":{"@id":"https:\/\/www.iec2024.ec\/it\/#website"},"datePublished":"2023-05-10T21:28:42+00:00","dateModified":"2024-09-19T17:22:00+00:00","breadcrumb":{"@id":"https:\/\/www.iec2024.ec\/it\/presentacion-oficial-del-logo-e-himno-del-53-congreso-eucaristico-internacional-2024\/#breadcrumb"},"inLanguage":"it-IT","potentialAction":[{"@type":"ReadAction","target":["https:\/\/www.iec2024.ec\/it\/presentacion-oficial-del-logo-e-himno-del-53-congreso-eucaristico-internacional-2024\/"]}]},{"@type":"BreadcrumbList","@id":"https:\/\/www.iec2024.ec\/it\/presentacion-oficial-del-logo-e-himno-del-53-congreso-eucaristico-internacional-2024\/#breadcrumb","itemListElement":[{"@type":"ListItem","position":1,"name":"Portada","item":"https:\/\/www.iec2024.ec\/it\/"},{"@type":"ListItem","position":2,"name":"Presentaci\u00f3n oficial del logo e himno del 53\u00b0 Congreso Eucar\u00edstico Internacional 2024"}]},{"@type":"WebSite","@id":"https:\/\/www.iec2024.ec\/it\/#website","url":"https:\/\/www.iec2024.ec\/it\/","name":"IEC 2024","description":"","publisher":{"@id":"https:\/\/www.iec2024.ec\/it\/#organization"},"potentialAction":[{"@type":"SearchAction","target":{"@type":"EntryPoint","urlTemplate":"https:\/\/www.iec2024.ec\/it\/?s={search_term_string}"},"query-input":"required name=search_term_string"}],"inLanguage":"it-IT"},{"@type":"Organization","@id":"https:\/\/www.iec2024.ec\/it\/#organization","name":"IEC 2024","url":"https:\/\/www.iec2024.ec\/it\/","logo":{"@type":"ImageObject","inLanguage":"it-IT","@id":"https:\/\/www.iec2024.ec\/it\/#\/schema\/logo\/image\/","url":"https:\/\/www.iec2024.ec\/wp-content\/uploads\/2024\/01\/cropped-logo-2024.png","contentUrl":"https:\/\/www.iec2024.ec\/wp-content\/uploads\/2024\/01\/cropped-logo-2024.png","width":1277,"height":332,"caption":"IEC 2024"},"image":{"@id":"https:\/\/www.iec2024.ec\/it\/#\/schema\/logo\/image\/"}},{"@type":"Person","@id":"https:\/\/www.iec2024.ec\/it\/#\/schema\/person\/7dc46e27a804fe39ba34935ca5284fe2","name":"Secretario T\u00e9cnico","image":{"@type":"ImageObject","inLanguage":"it-IT","@id":"https:\/\/www.iec2024.ec\/it\/#\/schema\/person\/image\/","url":"https:\/\/secure.gravatar.com\/avatar\/67808a21710148ea0645bc85e43e21b6?s=96&d=mm&r=g","contentUrl":"https:\/\/secure.gravatar.com\/avatar\/67808a21710148ea0645bc85e43e21b6?s=96&d=mm&r=g","caption":"Secretario T\u00e9cnico"},"url":"https:\/\/www.iec2024.ec\/it\/author\/4dm1ns3cr3t4r10\/"}]}},"_links":{"self":[{"href":"https:\/\/www.iec2024.ec\/it\/wp-json\/wp\/v2\/posts\/5318"}],"collection":[{"href":"https:\/\/www.iec2024.ec\/it\/wp-json\/wp\/v2\/posts"}],"about":[{"href":"https:\/\/www.iec2024.ec\/it\/wp-json\/wp\/v2\/types\/post"}],"author":[{"embeddable":true,"href":"https:\/\/www.iec2024.ec\/it\/wp-json\/wp\/v2\/users\/2"}],"replies":[{"embeddable":true,"href":"https:\/\/www.iec2024.ec\/it\/wp-json\/wp\/v2\/comments?post=5318"}],"version-history":[{"count":2,"href":"https:\/\/www.iec2024.ec\/it\/wp-json\/wp\/v2\/posts\/5318\/revisions"}],"predecessor-version":[{"id":24059,"href":"https:\/\/www.iec2024.ec\/it\/wp-json\/wp\/v2\/posts\/5318\/revisions\/24059"}],"wp:featuredmedia":[{"embeddable":true,"href":"https:\/\/www.iec2024.ec\/it\/wp-json\/wp\/v2\/media\/4938"}],"wp:attachment":[{"href":"https:\/\/www.iec2024.ec\/it\/wp-json\/wp\/v2\/media?parent=5318"}],"wp:term":[{"taxonomy":"category","embeddable":true,"href":"https:\/\/www.iec2024.ec\/it\/wp-json\/wp\/v2\/categories?post=5318"},{"taxonomy":"post_tag","embeddable":true,"href":"https:\/\/www.iec2024.ec\/it\/wp-json\/wp\/v2\/tags?post=5318"}],"curies":[{"name":"wp","href":"https:\/\/api.w.org\/{rel}","templated":true}]}}