{"id":5330,"date":"2023-04-26T17:32:10","date_gmt":"2023-04-26T22:32:10","guid":{"rendered":"https:\/\/www.iec2024.ec\/p-corrado-maggioni-smm-cumplio-agenda-de-visita-en-ecuador\/"},"modified":"2024-05-16T15:14:29","modified_gmt":"2024-05-16T20:14:29","slug":"p-corrado-maggioni-smm-cumplio-agenda-de-visita-en-ecuador","status":"publish","type":"post","link":"https:\/\/www.iec2024.ec\/it\/p-corrado-maggioni-smm-cumplio-agenda-de-visita-en-ecuador\/","title":{"rendered":"P. Corrado Maggioni, smm, cumpli\u00f3 agenda de visita en Ecuador"},"content":{"rendered":"<p><strong>El presidente de la Comisi\u00f3n Pontificia para los Congresos Eucar\u00edsticos, visit\u00f3 el Ecuador durante 15 d\u00edas para acompa\u00f1ar la organizaci\u00f3n del IEC 2024<\/strong><\/p>\n<p>Desde Roma, Italia, lleg\u00f3 el Padre Corrado Maggioni, smm, a Quito este 10 de abril de 2023 para cumplir una agenda de trabajo de 15 d\u00edas en la capital de los ecuatorianos.\u00a0 Durante su visita\u00a0acompa\u00f1\u00f3 al Comit\u00e9 Local y a las diferentes comisiones del 53\u00b0 Congreso Eucar\u00edstico Internacional (IEC 2024), entre ellas: Lit\u00fargica, Teol\u00f3gica, Log\u00edstica, Comunicaci\u00f3n, entre otras, que al momento avanzan en la organizaci\u00f3n del encuentro eclesial.<\/p>\n<p>En sus primeros d\u00edas, el P. Corrado Maggioni se reuni\u00f3 con el Comit\u00e9 Local, compuesto por Mons. Andr\u00e9s Carrascosa Coso, Nuncio Apost\u00f3lico del Ecuador; Mons. Alfredo Jos\u00e9 Espinoza Mateus, sdb; Arzobispo de Quito y Primado del Ecuador; P. Juan Carlos Garz\u00f3n, secretario del IEC 2024; sacerdotes, religiosos, religiosas y laicos.\u00a0 El P. Jhan Wilson Morales, presidente de la Comisi\u00f3n Musical, inform\u00f3 acerca del proceso para la selecci\u00f3n del himno oficial del IEC 2024.<\/p>\n<p>En la reuni\u00f3n con la Comisi\u00f3n Teol\u00f3gica, presidida por Monse\u00f1or David de la Torre, ss.cc, obispo auxiliar de Quito, el P. Maggioni, conoci\u00f3 los avances del Texto Base cuyo tema escogido por el Papa Francisco es:\u00a0\u201cFraternidad para sanar el mundo\u201d.<\/p>\n<p>Asimismo, realiz\u00f3 un recorrido por el Centro de Convenciones Metropolitano de Quito (CCMQ), uno de los lugares en donde se prev\u00e9 llevar a cabo parte de las actividades. Ver\u00f3nica Sevilla, presidenta de la Comisi\u00f3n de Log\u00edstica del IEC 2024, acompa\u00f1\u00f3 al P. Maggioni en el trayecto.<\/p>\n<p>Del 17 al 19 de abril, el P. Maggioni dict\u00f3 un curso de \u201cMaestros de Celebraciones Lit\u00fargicas\u201d a 73 personas entre seminaristas, religiosos y delegados de liturgia de las distintas jurisdicciones eclesi\u00e1sticas del pa\u00eds. El curso se llev\u00f3 a cabo en la Casa de Espiritualidad y Encuentros de las Hnas. Bethlemitas, en la parroquia de Conocoto y fue coordinado por Monse\u00f1or Danilo Echeverr\u00eda, presidente de la Comisi\u00f3n Lit\u00fargica.<\/p>\n<p>El jueves 20 de abril el Presidente del Comit\u00e9 Pontificio para los Congresos Eucar\u00edsticos mantuvo un encuentro con los obispos del pa\u00eds, en el marco de la 153\u00b0 Asamblea General del Episcopado Ecuatoriano, realizado en la casa de retiros Bethania, ubicada en el Valle de los Chillos.<\/p>\n<p>Asimismo, recibi\u00f3 la visita de Pabel Mu\u00f1oz, alcalde electo de Quito y de Paola Pab\u00f3n, prefecta de Pichincha, quienes se comprometieron a colaborar en la organizaci\u00f3n del IEC 2024 dentro de cada una de sus competencias.<\/p>\n<p>El P. Maggioni visit\u00f3 varios medios de comunicaci\u00f3n escritos, televisivos, radiales y online para informar sobre este importante acontecimiento mundial que se realizar\u00e1 en la capital de los ecuatorianos, del 8 al 15 de septiembre de 2024.<\/p>\n<p>Destac\u00f3 que los encuentros mantenidos durante su segunda visita a Ecuador han sido fruct\u00edferos e incentiv\u00f3 al p\u00fablico en general, a entusiasmarse y ser parte de este Congreso que busca profundizar el misterio de la Eucarist\u00eda y llegar a creyentes y no creyentes puesto que la fraternidad, tema central del IEC 2024, es universal.<\/p>\n","protected":false},"excerpt":{"rendered":"<p>El presidente de la Comisi\u00f3n Pontificia para los Congresos Eucar\u00edsticos, visit\u00f3 el Ecuador durante 15 d\u00edas para acompa\u00f1ar la organizaci\u00f3n del IEC 2024 Desde Roma, Italia, lleg\u00f3 el Padre Corrado Maggioni, smm, a Quito este 10 de abril de 2023 para cumplir una agenda de trabajo de 15 d\u00edas en la capital de los ecuatorianos.\u00a0 [&hellip;]<\/p>\n","protected":false},"author":2,"featured_media":4922,"comment_status":"open","ping_status":"open","sticky":false,"template":"","format":"standard","meta":{"footnotes":""},"categories":[31],"tags":[],"acf":[],"yoast_head":"<!-- This site is optimized with the Yoast SEO plugin v21.1 - https:\/\/yoast.com\/wordpress\/plugins\/seo\/ -->\n<title>P. Corrado Maggioni, smm, cumpli\u00f3 agenda de visita en Ecuador - IEC 2024<\/title>\n<meta name=\"robots\" content=\"index, follow, max-snippet:-1, max-image-preview:large, max-video-preview:-1\" \/>\n<link rel=\"canonical\" href=\"https:\/\/www.iec2024.ec\/it\/p-corrado-maggioni-smm-cumplio-agenda-de-visita-en-ecuador\/\" \/>\n<meta property=\"og:locale\" content=\"it_IT\" \/>\n<meta property=\"og:type\" content=\"article\" \/>\n<meta property=\"og:title\" content=\"P. Corrado Maggioni, smm, cumpli\u00f3 agenda de visita en Ecuador - IEC 2024\" \/>\n<meta property=\"og:description\" content=\"El presidente de la Comisi\u00f3n Pontificia para los Congresos Eucar\u00edsticos, visit\u00f3 el Ecuador durante 15 d\u00edas para acompa\u00f1ar la organizaci\u00f3n del IEC 2024 Desde Roma, Italia, lleg\u00f3 el Padre Corrado Maggioni, smm, a Quito este 10 de abril de 2023 para cumplir una agenda de trabajo de 15 d\u00edas en la capital de los ecuatorianos.\u00a0 [&hellip;]\" \/>\n<meta property=\"og:url\" content=\"https:\/\/www.iec2024.ec\/it\/p-corrado-maggioni-smm-cumplio-agenda-de-visita-en-ecuador\/\" \/>\n<meta property=\"og:site_name\" content=\"IEC 2024\" \/>\n<meta property=\"article:published_time\" content=\"2023-04-26T22:32:10+00:00\" \/>\n<meta property=\"article:modified_time\" content=\"2024-05-16T20:14:29+00:00\" \/>\n<meta property=\"og:image\" content=\"https:\/\/www.iec2024.ec\/wp-content\/uploads\/2023\/08\/Creative-Greyscale-Photography-Portfolio-Presentation-2.jpg\" \/>\n\t<meta property=\"og:image:width\" content=\"1920\" \/>\n\t<meta property=\"og:image:height\" content=\"1080\" \/>\n\t<meta property=\"og:image:type\" content=\"image\/jpeg\" \/>\n<meta name=\"author\" content=\"Secretario T\u00e9cnico\" \/>\n<meta name=\"twitter:card\" content=\"summary_large_image\" \/>\n<meta name=\"twitter:label1\" content=\"Scritto da\" \/>\n\t<meta name=\"twitter:data1\" content=\"Secretario T\u00e9cnico\" \/>\n\t<meta name=\"twitter:label2\" content=\"Tempo di lettura stimato\" \/>\n\t<meta name=\"twitter:data2\" content=\"3 minuti\" \/>\n<script type=\"application\/ld+json\" class=\"yoast-schema-graph\">{\"@context\":\"https:\/\/schema.org\",\"@graph\":[{\"@type\":\"Article\",\"@id\":\"https:\/\/www.iec2024.ec\/it\/p-corrado-maggioni-smm-cumplio-agenda-de-visita-en-ecuador\/#article\",\"isPartOf\":{\"@id\":\"https:\/\/www.iec2024.ec\/it\/p-corrado-maggioni-smm-cumplio-agenda-de-visita-en-ecuador\/\"},\"author\":{\"name\":\"Secretario T\u00e9cnico\",\"@id\":\"https:\/\/www.iec2024.ec\/it\/#\/schema\/person\/7dc46e27a804fe39ba34935ca5284fe2\"},\"headline\":\"P. Corrado Maggioni, smm, cumpli\u00f3 agenda de visita en Ecuador\",\"datePublished\":\"2023-04-26T22:32:10+00:00\",\"dateModified\":\"2024-05-16T20:14:29+00:00\",\"mainEntityOfPage\":{\"@id\":\"https:\/\/www.iec2024.ec\/it\/p-corrado-maggioni-smm-cumplio-agenda-de-visita-en-ecuador\/\"},\"wordCount\":526,\"commentCount\":0,\"publisher\":{\"@id\":\"https:\/\/www.iec2024.ec\/it\/#organization\"},\"articleSection\":[\"Eventi\"],\"inLanguage\":\"it-IT\",\"potentialAction\":[{\"@type\":\"CommentAction\",\"name\":\"Comment\",\"target\":[\"https:\/\/www.iec2024.ec\/it\/p-corrado-maggioni-smm-cumplio-agenda-de-visita-en-ecuador\/#respond\"]}]},{\"@type\":\"WebPage\",\"@id\":\"https:\/\/www.iec2024.ec\/it\/p-corrado-maggioni-smm-cumplio-agenda-de-visita-en-ecuador\/\",\"url\":\"https:\/\/www.iec2024.ec\/it\/p-corrado-maggioni-smm-cumplio-agenda-de-visita-en-ecuador\/\",\"name\":\"P. Corrado Maggioni, smm, cumpli\u00f3 agenda de visita en Ecuador - IEC 2024\",\"isPartOf\":{\"@id\":\"https:\/\/www.iec2024.ec\/it\/#website\"},\"datePublished\":\"2023-04-26T22:32:10+00:00\",\"dateModified\":\"2024-05-16T20:14:29+00:00\",\"breadcrumb\":{\"@id\":\"https:\/\/www.iec2024.ec\/it\/p-corrado-maggioni-smm-cumplio-agenda-de-visita-en-ecuador\/#breadcrumb\"},\"inLanguage\":\"it-IT\",\"potentialAction\":[{\"@type\":\"ReadAction\",\"target\":[\"https:\/\/www.iec2024.ec\/it\/p-corrado-maggioni-smm-cumplio-agenda-de-visita-en-ecuador\/\"]}]},{\"@type\":\"BreadcrumbList\",\"@id\":\"https:\/\/www.iec2024.ec\/it\/p-corrado-maggioni-smm-cumplio-agenda-de-visita-en-ecuador\/#breadcrumb\",\"itemListElement\":[{\"@type\":\"ListItem\",\"position\":1,\"name\":\"Portada\",\"item\":\"https:\/\/www.iec2024.ec\/it\/\"},{\"@type\":\"ListItem\",\"position\":2,\"name\":\"P. Corrado Maggioni, smm, cumpli\u00f3 agenda de visita en Ecuador\"}]},{\"@type\":\"WebSite\",\"@id\":\"https:\/\/www.iec2024.ec\/it\/#website\",\"url\":\"https:\/\/www.iec2024.ec\/it\/\",\"name\":\"IEC 2024\",\"description\":\"\",\"publisher\":{\"@id\":\"https:\/\/www.iec2024.ec\/it\/#organization\"},\"potentialAction\":[{\"@type\":\"SearchAction\",\"target\":{\"@type\":\"EntryPoint\",\"urlTemplate\":\"https:\/\/www.iec2024.ec\/it\/?s={search_term_string}\"},\"query-input\":\"required name=search_term_string\"}],\"inLanguage\":\"it-IT\"},{\"@type\":\"Organization\",\"@id\":\"https:\/\/www.iec2024.ec\/it\/#organization\",\"name\":\"IEC 2024\",\"url\":\"https:\/\/www.iec2024.ec\/it\/\",\"logo\":{\"@type\":\"ImageObject\",\"inLanguage\":\"it-IT\",\"@id\":\"https:\/\/www.iec2024.ec\/it\/#\/schema\/logo\/image\/\",\"url\":\"https:\/\/www.iec2024.ec\/wp-content\/uploads\/2024\/01\/cropped-logo-2024.png\",\"contentUrl\":\"https:\/\/www.iec2024.ec\/wp-content\/uploads\/2024\/01\/cropped-logo-2024.png\",\"width\":1277,\"height\":332,\"caption\":\"IEC 2024\"},\"image\":{\"@id\":\"https:\/\/www.iec2024.ec\/it\/#\/schema\/logo\/image\/\"}},{\"@type\":\"Person\",\"@id\":\"https:\/\/www.iec2024.ec\/it\/#\/schema\/person\/7dc46e27a804fe39ba34935ca5284fe2\",\"name\":\"Secretario T\u00e9cnico\",\"image\":{\"@type\":\"ImageObject\",\"inLanguage\":\"it-IT\",\"@id\":\"https:\/\/www.iec2024.ec\/it\/#\/schema\/person\/image\/\",\"url\":\"https:\/\/secure.gravatar.com\/avatar\/67808a21710148ea0645bc85e43e21b6?s=96&d=mm&r=g\",\"contentUrl\":\"https:\/\/secure.gravatar.com\/avatar\/67808a21710148ea0645bc85e43e21b6?s=96&d=mm&r=g\",\"caption\":\"Secretario T\u00e9cnico\"},\"url\":\"https:\/\/www.iec2024.ec\/it\/author\/4dm1ns3cr3t4r10\/\"}]}<\/script>\n<!-- \/ Yoast SEO plugin. -->","yoast_head_json":{"title":"P. Corrado Maggioni, smm, cumpli\u00f3 agenda de visita en Ecuador - IEC 2024","robots":{"index":"index","follow":"follow","max-snippet":"max-snippet:-1","max-image-preview":"max-image-preview:large","max-video-preview":"max-video-preview:-1"},"canonical":"https:\/\/www.iec2024.ec\/it\/p-corrado-maggioni-smm-cumplio-agenda-de-visita-en-ecuador\/","og_locale":"it_IT","og_type":"article","og_title":"P. Corrado Maggioni, smm, cumpli\u00f3 agenda de visita en Ecuador - IEC 2024","og_description":"El presidente de la Comisi\u00f3n Pontificia para los Congresos Eucar\u00edsticos, visit\u00f3 el Ecuador durante 15 d\u00edas para acompa\u00f1ar la organizaci\u00f3n del IEC 2024 Desde Roma, Italia, lleg\u00f3 el Padre Corrado Maggioni, smm, a Quito este 10 de abril de 2023 para cumplir una agenda de trabajo de 15 d\u00edas en la capital de los ecuatorianos.\u00a0 [&hellip;]","og_url":"https:\/\/www.iec2024.ec\/it\/p-corrado-maggioni-smm-cumplio-agenda-de-visita-en-ecuador\/","og_site_name":"IEC 2024","article_published_time":"2023-04-26T22:32:10+00:00","article_modified_time":"2024-05-16T20:14:29+00:00","og_image":[{"width":1920,"height":1080,"url":"https:\/\/www.iec2024.ec\/wp-content\/uploads\/2023\/08\/Creative-Greyscale-Photography-Portfolio-Presentation-2.jpg","type":"image\/jpeg"}],"author":"Secretario T\u00e9cnico","twitter_card":"summary_large_image","twitter_misc":{"Scritto da":"Secretario T\u00e9cnico","Tempo di lettura stimato":"3 minuti"},"schema":{"@context":"https:\/\/schema.org","@graph":[{"@type":"Article","@id":"https:\/\/www.iec2024.ec\/it\/p-corrado-maggioni-smm-cumplio-agenda-de-visita-en-ecuador\/#article","isPartOf":{"@id":"https:\/\/www.iec2024.ec\/it\/p-corrado-maggioni-smm-cumplio-agenda-de-visita-en-ecuador\/"},"author":{"name":"Secretario T\u00e9cnico","@id":"https:\/\/www.iec2024.ec\/it\/#\/schema\/person\/7dc46e27a804fe39ba34935ca5284fe2"},"headline":"P. Corrado Maggioni, smm, cumpli\u00f3 agenda de visita en Ecuador","datePublished":"2023-04-26T22:32:10+00:00","dateModified":"2024-05-16T20:14:29+00:00","mainEntityOfPage":{"@id":"https:\/\/www.iec2024.ec\/it\/p-corrado-maggioni-smm-cumplio-agenda-de-visita-en-ecuador\/"},"wordCount":526,"commentCount":0,"publisher":{"@id":"https:\/\/www.iec2024.ec\/it\/#organization"},"articleSection":["Eventi"],"inLanguage":"it-IT","potentialAction":[{"@type":"CommentAction","name":"Comment","target":["https:\/\/www.iec2024.ec\/it\/p-corrado-maggioni-smm-cumplio-agenda-de-visita-en-ecuador\/#respond"]}]},{"@type":"WebPage","@id":"https:\/\/www.iec2024.ec\/it\/p-corrado-maggioni-smm-cumplio-agenda-de-visita-en-ecuador\/","url":"https:\/\/www.iec2024.ec\/it\/p-corrado-maggioni-smm-cumplio-agenda-de-visita-en-ecuador\/","name":"P. Corrado Maggioni, smm, cumpli\u00f3 agenda de visita en Ecuador - IEC 2024","isPartOf":{"@id":"https:\/\/www.iec2024.ec\/it\/#website"},"datePublished":"2023-04-26T22:32:10+00:00","dateModified":"2024-05-16T20:14:29+00:00","breadcrumb":{"@id":"https:\/\/www.iec2024.ec\/it\/p-corrado-maggioni-smm-cumplio-agenda-de-visita-en-ecuador\/#breadcrumb"},"inLanguage":"it-IT","potentialAction":[{"@type":"ReadAction","target":["https:\/\/www.iec2024.ec\/it\/p-corrado-maggioni-smm-cumplio-agenda-de-visita-en-ecuador\/"]}]},{"@type":"BreadcrumbList","@id":"https:\/\/www.iec2024.ec\/it\/p-corrado-maggioni-smm-cumplio-agenda-de-visita-en-ecuador\/#breadcrumb","itemListElement":[{"@type":"ListItem","position":1,"name":"Portada","item":"https:\/\/www.iec2024.ec\/it\/"},{"@type":"ListItem","position":2,"name":"P. Corrado Maggioni, smm, cumpli\u00f3 agenda de visita en Ecuador"}]},{"@type":"WebSite","@id":"https:\/\/www.iec2024.ec\/it\/#website","url":"https:\/\/www.iec2024.ec\/it\/","name":"IEC 2024","description":"","publisher":{"@id":"https:\/\/www.iec2024.ec\/it\/#organization"},"potentialAction":[{"@type":"SearchAction","target":{"@type":"EntryPoint","urlTemplate":"https:\/\/www.iec2024.ec\/it\/?s={search_term_string}"},"query-input":"required name=search_term_string"}],"inLanguage":"it-IT"},{"@type":"Organization","@id":"https:\/\/www.iec2024.ec\/it\/#organization","name":"IEC 2024","url":"https:\/\/www.iec2024.ec\/it\/","logo":{"@type":"ImageObject","inLanguage":"it-IT","@id":"https:\/\/www.iec2024.ec\/it\/#\/schema\/logo\/image\/","url":"https:\/\/www.iec2024.ec\/wp-content\/uploads\/2024\/01\/cropped-logo-2024.png","contentUrl":"https:\/\/www.iec2024.ec\/wp-content\/uploads\/2024\/01\/cropped-logo-2024.png","width":1277,"height":332,"caption":"IEC 2024"},"image":{"@id":"https:\/\/www.iec2024.ec\/it\/#\/schema\/logo\/image\/"}},{"@type":"Person","@id":"https:\/\/www.iec2024.ec\/it\/#\/schema\/person\/7dc46e27a804fe39ba34935ca5284fe2","name":"Secretario T\u00e9cnico","image":{"@type":"ImageObject","inLanguage":"it-IT","@id":"https:\/\/www.iec2024.ec\/it\/#\/schema\/person\/image\/","url":"https:\/\/secure.gravatar.com\/avatar\/67808a21710148ea0645bc85e43e21b6?s=96&d=mm&r=g","contentUrl":"https:\/\/secure.gravatar.com\/avatar\/67808a21710148ea0645bc85e43e21b6?s=96&d=mm&r=g","caption":"Secretario T\u00e9cnico"},"url":"https:\/\/www.iec2024.ec\/it\/author\/4dm1ns3cr3t4r10\/"}]}},"_links":{"self":[{"href":"https:\/\/www.iec2024.ec\/it\/wp-json\/wp\/v2\/posts\/5330"}],"collection":[{"href":"https:\/\/www.iec2024.ec\/it\/wp-json\/wp\/v2\/posts"}],"about":[{"href":"https:\/\/www.iec2024.ec\/it\/wp-json\/wp\/v2\/types\/post"}],"author":[{"embeddable":true,"href":"https:\/\/www.iec2024.ec\/it\/wp-json\/wp\/v2\/users\/2"}],"replies":[{"embeddable":true,"href":"https:\/\/www.iec2024.ec\/it\/wp-json\/wp\/v2\/comments?post=5330"}],"version-history":[{"count":1,"href":"https:\/\/www.iec2024.ec\/it\/wp-json\/wp\/v2\/posts\/5330\/revisions"}],"predecessor-version":[{"id":5740,"href":"https:\/\/www.iec2024.ec\/it\/wp-json\/wp\/v2\/posts\/5330\/revisions\/5740"}],"wp:featuredmedia":[{"embeddable":true,"href":"https:\/\/www.iec2024.ec\/it\/wp-json\/wp\/v2\/media\/4922"}],"wp:attachment":[{"href":"https:\/\/www.iec2024.ec\/it\/wp-json\/wp\/v2\/media?parent=5330"}],"wp:term":[{"taxonomy":"category","embeddable":true,"href":"https:\/\/www.iec2024.ec\/it\/wp-json\/wp\/v2\/categories?post=5330"},{"taxonomy":"post_tag","embeddable":true,"href":"https:\/\/www.iec2024.ec\/it\/wp-json\/wp\/v2\/tags?post=5330"}],"curies":[{"name":"wp","href":"https:\/\/api.w.org\/{rel}","templated":true}]}}