{"id":5372,"date":"2022-11-23T17:45:50","date_gmt":"2022-11-23T22:45:50","guid":{"rendered":"https:\/\/www.iec2024.ec\/himno-iec2024-convocatoria-abierta\/"},"modified":"2024-03-04T12:36:34","modified_gmt":"2024-03-04T17:36:34","slug":"himno-iec2024-convocatoria-abierta","status":"publish","type":"post","link":"https:\/\/www.iec2024.ec\/it\/himno-iec2024-convocatoria-abierta\/","title":{"rendered":"Convocatoria abierta para el Himno del IEC 2024"},"content":{"rendered":"<p>En el marco de la organizaci\u00f3n del 53\u00b0 Congreso Eucar\u00edstico Internacional -IEC2024- previsto realizarse en Quito del 8 al 15 de septiembre de 2024, este mi\u00e9rcoles se llev\u00f3 a cabo el acto de <strong>presentaci\u00f3n del concurso para la creaci\u00f3n del himno oficial<\/strong>.<\/p>\n<p>Las <strong>bases del concurso<\/strong> contemplan, entre otros temas, que sea una melod\u00eda f\u00e1cilmente aprendida, llegue al coraz\u00f3n y permita en su trabajo final, ser armonizada e instrumentada, as\u00ed como tambi\u00e9n que la letra sea de f\u00e1cil traducci\u00f3n a otros idiomas.<\/p>\n<p>Quien gane el concurso, recibir\u00e1 un premio de <strong>USD 3.000,00<\/strong>; entre los finalistas se realizar\u00e1 una producci\u00f3n musical con temas elegidos para su difusi\u00f3n a prop\u00f3sito del Congreso.<\/p>\n<p>Las personas interesadas pueden enviar sus obras hasta el 28 de febrero de 2023 y encontrar m\u00e1s informaci\u00f3n en el siguiente link: <span style=\"color: #3366ff;\"><a style=\"color: #3366ff;\" href=\"https:\/\/www.iec2024.ec\/wp-content\/uploads\/2022\/11\/Bases-Concurso-Himno.pdf.\">https:\/\/www.iec2024.ec\/wp-content\/uploads\/2022\/11\/Bases-Concurso-Himno.pdf.<\/a><\/span><\/p>\n<p>En el evento estuvo presente Monse\u00f1or Alfredo Jos\u00e9 Espinoza Mateus, sdb. Arzobispo de Quito y Primado del Ecuador, quien resalt\u00f3 la trascendencia de contar con un Himno que <strong>llegue a la mente y al coraz\u00f3n de todos<\/strong>.<\/p>\n<p>Por su parte, P. Vittore Boccardi, Secretario del Comit\u00e9 Pontificio Eucar\u00edstico Internacional, realiz\u00f3 un recorrido a trav\u00e9s de la historia de creaci\u00f3n de himnos en Congresos similares: \u201cEn las iglesias de habla espa\u00f1ola se sigue cantando el himno <strong>Cantemos al Amor de los Amores<\/strong>, utilizado en el Congreso Eucar\u00edstico Internacional celebrado en Madrid en 1911\u201d, expres\u00f3.<\/p>\n<p>Mientras que el Padre Jhan Wilson Morales, presidente de la comisi\u00f3n musical del IEC2024, sostuvo que la creaci\u00f3n no se limita solo al himno, sino a la producci\u00f3n de m\u00e1s material que permita <strong>renovar el cancionero de la iglesia<\/strong> e invit\u00f3 a realizar sugerencias a trav\u00e9s del correo electr\u00f3nico <span style=\"color: #000000;\"><em><strong>infomusica@iec2024.ec<\/strong><\/em><\/span><\/p>\n<p>El <strong>coro de la Arquidi\u00f3cesis de Quito<\/strong> deleit\u00f3 al p\u00fablico con melod\u00edas como \u201cDios de Amores\u201d y \u201cEcuador, abre las puertas al Redentor\u201d.<\/p>\n<p>De esta manera contin\u00faan los preparativos rumbo al 53\u00b0 Congreso Eucar\u00edstico Internacional IEC2024.<\/p>\n","protected":false},"excerpt":{"rendered":"<p>En el marco de la organizaci\u00f3n del 53\u00b0 Congreso Eucar\u00edstico Internacional -IEC2024- previsto realizarse en Quito del 8 al 15 de septiembre de 2024, este mi\u00e9rcoles se llev\u00f3 a cabo el acto de presentaci\u00f3n del concurso para la creaci\u00f3n del himno oficial. Las bases del concurso contemplan, entre otros temas, que sea una melod\u00eda f\u00e1cilmente [&hellip;]<\/p>\n","protected":false},"author":3,"featured_media":4862,"comment_status":"open","ping_status":"open","sticky":false,"template":"","format":"standard","meta":{"footnotes":""},"categories":[34],"tags":[],"acf":[],"yoast_head":"<!-- This site is optimized with the Yoast SEO plugin v21.1 - https:\/\/yoast.com\/wordpress\/plugins\/seo\/ -->\n<title>Convocatoria abierta para el Himno del IEC 2024 - IEC 2024<\/title>\n<meta name=\"robots\" content=\"index, follow, max-snippet:-1, max-image-preview:large, max-video-preview:-1\" \/>\n<link rel=\"canonical\" href=\"https:\/\/www.iec2024.ec\/it\/himno-iec2024-convocatoria-abierta\/\" \/>\n<meta property=\"og:locale\" content=\"it_IT\" \/>\n<meta property=\"og:type\" content=\"article\" \/>\n<meta property=\"og:title\" content=\"Convocatoria abierta para el Himno del IEC 2024 - IEC 2024\" \/>\n<meta property=\"og:description\" content=\"En el marco de la organizaci\u00f3n del 53\u00b0 Congreso Eucar\u00edstico Internacional -IEC2024- previsto realizarse en Quito del 8 al 15 de septiembre de 2024, este mi\u00e9rcoles se llev\u00f3 a cabo el acto de presentaci\u00f3n del concurso para la creaci\u00f3n del himno oficial. Las bases del concurso contemplan, entre otros temas, que sea una melod\u00eda f\u00e1cilmente [&hellip;]\" \/>\n<meta property=\"og:url\" content=\"https:\/\/www.iec2024.ec\/it\/himno-iec2024-convocatoria-abierta\/\" \/>\n<meta property=\"og:site_name\" content=\"IEC 2024\" \/>\n<meta property=\"article:published_time\" content=\"2022-11-23T22:45:50+00:00\" \/>\n<meta property=\"article:modified_time\" content=\"2024-03-04T17:36:34+00:00\" \/>\n<meta property=\"og:image\" content=\"https:\/\/www.iec2024.ec\/wp-content\/uploads\/2023\/08\/WhatsApp-Image-2022-11-23-at-5.07.19-PM.jpeg\" \/>\n\t<meta property=\"og:image:width\" content=\"1024\" \/>\n\t<meta property=\"og:image:height\" content=\"466\" \/>\n\t<meta property=\"og:image:type\" content=\"image\/jpeg\" \/>\n<meta name=\"author\" content=\"Xavier Romero\" \/>\n<meta name=\"twitter:card\" content=\"summary_large_image\" \/>\n<meta name=\"twitter:label1\" content=\"Scritto da\" \/>\n\t<meta name=\"twitter:data1\" content=\"Xavier Romero\" \/>\n\t<meta name=\"twitter:label2\" content=\"Tempo di lettura stimato\" \/>\n\t<meta name=\"twitter:data2\" content=\"2 minuti\" \/>\n<script type=\"application\/ld+json\" class=\"yoast-schema-graph\">{\"@context\":\"https:\/\/schema.org\",\"@graph\":[{\"@type\":\"Article\",\"@id\":\"https:\/\/www.iec2024.ec\/it\/himno-iec2024-convocatoria-abierta\/#article\",\"isPartOf\":{\"@id\":\"https:\/\/www.iec2024.ec\/it\/himno-iec2024-convocatoria-abierta\/\"},\"author\":{\"name\":\"Xavier Romero\",\"@id\":\"https:\/\/www.iec2024.ec\/it\/#\/schema\/person\/de92ba894d75ebc07df8f1027ef5c545\"},\"headline\":\"Convocatoria abierta para el Himno del IEC 2024\",\"datePublished\":\"2022-11-23T22:45:50+00:00\",\"dateModified\":\"2024-03-04T17:36:34+00:00\",\"mainEntityOfPage\":{\"@id\":\"https:\/\/www.iec2024.ec\/it\/himno-iec2024-convocatoria-abierta\/\"},\"wordCount\":354,\"commentCount\":0,\"publisher\":{\"@id\":\"https:\/\/www.iec2024.ec\/it\/#organization\"},\"articleSection\":[\"Notizia\"],\"inLanguage\":\"it-IT\",\"potentialAction\":[{\"@type\":\"CommentAction\",\"name\":\"Comment\",\"target\":[\"https:\/\/www.iec2024.ec\/it\/himno-iec2024-convocatoria-abierta\/#respond\"]}]},{\"@type\":\"WebPage\",\"@id\":\"https:\/\/www.iec2024.ec\/it\/himno-iec2024-convocatoria-abierta\/\",\"url\":\"https:\/\/www.iec2024.ec\/it\/himno-iec2024-convocatoria-abierta\/\",\"name\":\"Convocatoria abierta para el Himno del IEC 2024 - IEC 2024\",\"isPartOf\":{\"@id\":\"https:\/\/www.iec2024.ec\/it\/#website\"},\"datePublished\":\"2022-11-23T22:45:50+00:00\",\"dateModified\":\"2024-03-04T17:36:34+00:00\",\"breadcrumb\":{\"@id\":\"https:\/\/www.iec2024.ec\/it\/himno-iec2024-convocatoria-abierta\/#breadcrumb\"},\"inLanguage\":\"it-IT\",\"potentialAction\":[{\"@type\":\"ReadAction\",\"target\":[\"https:\/\/www.iec2024.ec\/it\/himno-iec2024-convocatoria-abierta\/\"]}]},{\"@type\":\"BreadcrumbList\",\"@id\":\"https:\/\/www.iec2024.ec\/it\/himno-iec2024-convocatoria-abierta\/#breadcrumb\",\"itemListElement\":[{\"@type\":\"ListItem\",\"position\":1,\"name\":\"Portada\",\"item\":\"https:\/\/www.iec2024.ec\/it\/\"},{\"@type\":\"ListItem\",\"position\":2,\"name\":\"Convocatoria abierta para el Himno del IEC 2024\"}]},{\"@type\":\"WebSite\",\"@id\":\"https:\/\/www.iec2024.ec\/it\/#website\",\"url\":\"https:\/\/www.iec2024.ec\/it\/\",\"name\":\"IEC 2024\",\"description\":\"\",\"publisher\":{\"@id\":\"https:\/\/www.iec2024.ec\/it\/#organization\"},\"potentialAction\":[{\"@type\":\"SearchAction\",\"target\":{\"@type\":\"EntryPoint\",\"urlTemplate\":\"https:\/\/www.iec2024.ec\/it\/?s={search_term_string}\"},\"query-input\":\"required name=search_term_string\"}],\"inLanguage\":\"it-IT\"},{\"@type\":\"Organization\",\"@id\":\"https:\/\/www.iec2024.ec\/it\/#organization\",\"name\":\"IEC 2024\",\"url\":\"https:\/\/www.iec2024.ec\/it\/\",\"logo\":{\"@type\":\"ImageObject\",\"inLanguage\":\"it-IT\",\"@id\":\"https:\/\/www.iec2024.ec\/it\/#\/schema\/logo\/image\/\",\"url\":\"https:\/\/www.iec2024.ec\/wp-content\/uploads\/2024\/01\/cropped-logo-2024.png\",\"contentUrl\":\"https:\/\/www.iec2024.ec\/wp-content\/uploads\/2024\/01\/cropped-logo-2024.png\",\"width\":1277,\"height\":332,\"caption\":\"IEC 2024\"},\"image\":{\"@id\":\"https:\/\/www.iec2024.ec\/it\/#\/schema\/logo\/image\/\"}},{\"@type\":\"Person\",\"@id\":\"https:\/\/www.iec2024.ec\/it\/#\/schema\/person\/de92ba894d75ebc07df8f1027ef5c545\",\"name\":\"Xavier Romero\",\"image\":{\"@type\":\"ImageObject\",\"inLanguage\":\"it-IT\",\"@id\":\"https:\/\/www.iec2024.ec\/it\/#\/schema\/person\/image\/\",\"url\":\"https:\/\/secure.gravatar.com\/avatar\/b613cf907ec2a3494ae839f68a613b11?s=96&d=mm&r=g\",\"contentUrl\":\"https:\/\/secure.gravatar.com\/avatar\/b613cf907ec2a3494ae839f68a613b11?s=96&d=mm&r=g\",\"caption\":\"Xavier Romero\"},\"url\":\"https:\/\/www.iec2024.ec\/it\/author\/xromero\/\"}]}<\/script>\n<!-- \/ Yoast SEO plugin. -->","yoast_head_json":{"title":"Convocatoria abierta para el Himno del IEC 2024 - IEC 2024","robots":{"index":"index","follow":"follow","max-snippet":"max-snippet:-1","max-image-preview":"max-image-preview:large","max-video-preview":"max-video-preview:-1"},"canonical":"https:\/\/www.iec2024.ec\/it\/himno-iec2024-convocatoria-abierta\/","og_locale":"it_IT","og_type":"article","og_title":"Convocatoria abierta para el Himno del IEC 2024 - IEC 2024","og_description":"En el marco de la organizaci\u00f3n del 53\u00b0 Congreso Eucar\u00edstico Internacional -IEC2024- previsto realizarse en Quito del 8 al 15 de septiembre de 2024, este mi\u00e9rcoles se llev\u00f3 a cabo el acto de presentaci\u00f3n del concurso para la creaci\u00f3n del himno oficial. Las bases del concurso contemplan, entre otros temas, que sea una melod\u00eda f\u00e1cilmente [&hellip;]","og_url":"https:\/\/www.iec2024.ec\/it\/himno-iec2024-convocatoria-abierta\/","og_site_name":"IEC 2024","article_published_time":"2022-11-23T22:45:50+00:00","article_modified_time":"2024-03-04T17:36:34+00:00","og_image":[{"width":1024,"height":466,"url":"https:\/\/www.iec2024.ec\/wp-content\/uploads\/2023\/08\/WhatsApp-Image-2022-11-23-at-5.07.19-PM.jpeg","type":"image\/jpeg"}],"author":"Xavier Romero","twitter_card":"summary_large_image","twitter_misc":{"Scritto da":"Xavier Romero","Tempo di lettura stimato":"2 minuti"},"schema":{"@context":"https:\/\/schema.org","@graph":[{"@type":"Article","@id":"https:\/\/www.iec2024.ec\/it\/himno-iec2024-convocatoria-abierta\/#article","isPartOf":{"@id":"https:\/\/www.iec2024.ec\/it\/himno-iec2024-convocatoria-abierta\/"},"author":{"name":"Xavier Romero","@id":"https:\/\/www.iec2024.ec\/it\/#\/schema\/person\/de92ba894d75ebc07df8f1027ef5c545"},"headline":"Convocatoria abierta para el Himno del IEC 2024","datePublished":"2022-11-23T22:45:50+00:00","dateModified":"2024-03-04T17:36:34+00:00","mainEntityOfPage":{"@id":"https:\/\/www.iec2024.ec\/it\/himno-iec2024-convocatoria-abierta\/"},"wordCount":354,"commentCount":0,"publisher":{"@id":"https:\/\/www.iec2024.ec\/it\/#organization"},"articleSection":["Notizia"],"inLanguage":"it-IT","potentialAction":[{"@type":"CommentAction","name":"Comment","target":["https:\/\/www.iec2024.ec\/it\/himno-iec2024-convocatoria-abierta\/#respond"]}]},{"@type":"WebPage","@id":"https:\/\/www.iec2024.ec\/it\/himno-iec2024-convocatoria-abierta\/","url":"https:\/\/www.iec2024.ec\/it\/himno-iec2024-convocatoria-abierta\/","name":"Convocatoria abierta para el Himno del IEC 2024 - IEC 2024","isPartOf":{"@id":"https:\/\/www.iec2024.ec\/it\/#website"},"datePublished":"2022-11-23T22:45:50+00:00","dateModified":"2024-03-04T17:36:34+00:00","breadcrumb":{"@id":"https:\/\/www.iec2024.ec\/it\/himno-iec2024-convocatoria-abierta\/#breadcrumb"},"inLanguage":"it-IT","potentialAction":[{"@type":"ReadAction","target":["https:\/\/www.iec2024.ec\/it\/himno-iec2024-convocatoria-abierta\/"]}]},{"@type":"BreadcrumbList","@id":"https:\/\/www.iec2024.ec\/it\/himno-iec2024-convocatoria-abierta\/#breadcrumb","itemListElement":[{"@type":"ListItem","position":1,"name":"Portada","item":"https:\/\/www.iec2024.ec\/it\/"},{"@type":"ListItem","position":2,"name":"Convocatoria abierta para el Himno del IEC 2024"}]},{"@type":"WebSite","@id":"https:\/\/www.iec2024.ec\/it\/#website","url":"https:\/\/www.iec2024.ec\/it\/","name":"IEC 2024","description":"","publisher":{"@id":"https:\/\/www.iec2024.ec\/it\/#organization"},"potentialAction":[{"@type":"SearchAction","target":{"@type":"EntryPoint","urlTemplate":"https:\/\/www.iec2024.ec\/it\/?s={search_term_string}"},"query-input":"required name=search_term_string"}],"inLanguage":"it-IT"},{"@type":"Organization","@id":"https:\/\/www.iec2024.ec\/it\/#organization","name":"IEC 2024","url":"https:\/\/www.iec2024.ec\/it\/","logo":{"@type":"ImageObject","inLanguage":"it-IT","@id":"https:\/\/www.iec2024.ec\/it\/#\/schema\/logo\/image\/","url":"https:\/\/www.iec2024.ec\/wp-content\/uploads\/2024\/01\/cropped-logo-2024.png","contentUrl":"https:\/\/www.iec2024.ec\/wp-content\/uploads\/2024\/01\/cropped-logo-2024.png","width":1277,"height":332,"caption":"IEC 2024"},"image":{"@id":"https:\/\/www.iec2024.ec\/it\/#\/schema\/logo\/image\/"}},{"@type":"Person","@id":"https:\/\/www.iec2024.ec\/it\/#\/schema\/person\/de92ba894d75ebc07df8f1027ef5c545","name":"Xavier Romero","image":{"@type":"ImageObject","inLanguage":"it-IT","@id":"https:\/\/www.iec2024.ec\/it\/#\/schema\/person\/image\/","url":"https:\/\/secure.gravatar.com\/avatar\/b613cf907ec2a3494ae839f68a613b11?s=96&d=mm&r=g","contentUrl":"https:\/\/secure.gravatar.com\/avatar\/b613cf907ec2a3494ae839f68a613b11?s=96&d=mm&r=g","caption":"Xavier Romero"},"url":"https:\/\/www.iec2024.ec\/it\/author\/xromero\/"}]}},"_links":{"self":[{"href":"https:\/\/www.iec2024.ec\/it\/wp-json\/wp\/v2\/posts\/5372"}],"collection":[{"href":"https:\/\/www.iec2024.ec\/it\/wp-json\/wp\/v2\/posts"}],"about":[{"href":"https:\/\/www.iec2024.ec\/it\/wp-json\/wp\/v2\/types\/post"}],"author":[{"embeddable":true,"href":"https:\/\/www.iec2024.ec\/it\/wp-json\/wp\/v2\/users\/3"}],"replies":[{"embeddable":true,"href":"https:\/\/www.iec2024.ec\/it\/wp-json\/wp\/v2\/comments?post=5372"}],"version-history":[{"count":3,"href":"https:\/\/www.iec2024.ec\/it\/wp-json\/wp\/v2\/posts\/5372\/revisions"}],"predecessor-version":[{"id":12800,"href":"https:\/\/www.iec2024.ec\/it\/wp-json\/wp\/v2\/posts\/5372\/revisions\/12800"}],"wp:featuredmedia":[{"embeddable":true,"href":"https:\/\/www.iec2024.ec\/it\/wp-json\/wp\/v2\/media\/4862"}],"wp:attachment":[{"href":"https:\/\/www.iec2024.ec\/it\/wp-json\/wp\/v2\/media?parent=5372"}],"wp:term":[{"taxonomy":"category","embeddable":true,"href":"https:\/\/www.iec2024.ec\/it\/wp-json\/wp\/v2\/categories?post=5372"},{"taxonomy":"post_tag","embeddable":true,"href":"https:\/\/www.iec2024.ec\/it\/wp-json\/wp\/v2\/tags?post=5372"}],"curies":[{"name":"wp","href":"https:\/\/api.w.org\/{rel}","templated":true}]}}