{"id":7410,"date":"2023-10-04T16:45:26","date_gmt":"2023-10-04T21:45:26","guid":{"rendered":"https:\/\/www.iec2024.ec\/la-parroquia-san-jose-de-chilibulo\/"},"modified":"2023-10-13T15:28:33","modified_gmt":"2023-10-13T20:28:33","slug":"la-parroquia-san-jose-de-chilibulo","status":"publish","type":"post","link":"https:\/\/www.iec2024.ec\/it\/la-parroquia-san-jose-de-chilibulo\/","title":{"rendered":"La parrocchia San Jos\u00e9 de Chilibulo di Quito si prepara con dedizione al Congresso Eucaristico Internazionale del 2024"},"content":{"rendered":"<p>Sabato scorso, 30 settembre, la parrocchia San Jos\u00e9 de Chilibulo, situata nel Settore La Magdalena, appartenente al Vicariato Santo Hermano Miguel dell&#8217;Arcidiocesi di Quito, ha vissuto una giornata di profonda formazione e spiritualit\u00e0. In questo significativo incontro tutti i gruppi pastorali, compresi i catechisti e i gruppi laici, si sono riuniti con entusiasmo [\u2026]<\/p>\n<p>El encuentro tuvo lugar en las instalaciones de la parroquia y cont\u00f3 con la participaci\u00f3n de numerosos fieles y l\u00edderes pastorales de la comunidad. Durante la jornada, se abordaron temas fundamentales relacionados con el IEC 2024, un evento de gran relevancia que se llevar\u00e1 a cabo en el futuro cercano y que promete ser un momento de profunda reflexi\u00f3n espiritual y uni\u00f3n para la Iglesia Cat\u00f3lica.<\/p>\n<p>Uno de los momentos destacados de la formaci\u00f3n fue la socializaci\u00f3n del primer tema del Documento Texto Base: \u201cDesignio Creador De Dios: Hijos\u00a0y\u00a0Hermanos&#8221;. Este apartado servir\u00e1 como gu\u00eda y referencia para los fieles que deseen profundizar en la tem\u00e1tica del Congreso y entender su impacto en el mundo actual. Los participantes expresaron su gratitud por la oportunidad de enriquecer su conocimiento y comprensi\u00f3n de la fe a trav\u00e9s de esta formaci\u00f3n.<\/p>\n<p>El p\u00e1rroco de San Jos\u00e9 de Chilibulo, Rvdo. Padre Marcelo Campoverde, expres\u00f3 su alegr\u00eda por la participaci\u00f3n activa de la comunidad en este proceso de preparaci\u00f3n. &#8220;El Congreso Eucar\u00edstico Internacional 2024 es una oportunidad invaluable para renovar nuestra fe y unirnos como hermanos en Cristo. Estamos comprometidos en prepararnos de la mejor manera para este importante evento&#8221;, coment\u00f3 el p\u00e1rroco.<\/p>\n<p>Este encuentro marca el inicio de un camino de preparaci\u00f3n espiritual que llevar\u00e1 a la comunidad de San Jos\u00e9 de Chilibulo a participar plenamente en el IEC 2024 y a compartir su fe con el mundo.<\/p>\n","protected":false},"excerpt":{"rendered":"<p>Sabato scorso, 30 settembre, la parrocchia San Jos\u00e9 de Chilibulo, situata nel Settore La Magdalena, appartenente al Vicariato Santo Hermano Miguel dell&#8217;Arcidiocesi di Quito, ha vissuto una giornata di profonda formazione e spiritualit\u00e0. In questo significativo incontro tutti i gruppi pastorali, compresi i catechisti e i gruppi laici, si sono riuniti con entusiasmo [\u2026] El [&hellip;]<\/p>\n","protected":false},"author":2,"featured_media":7091,"comment_status":"open","ping_status":"open","sticky":false,"template":"","format":"standard","meta":{"footnotes":""},"categories":[34],"tags":[],"acf":[],"yoast_head":"<!-- This site is optimized with the Yoast SEO plugin v21.1 - https:\/\/yoast.com\/wordpress\/plugins\/seo\/ -->\n<title>La parrocchia San Jos\u00e9 de Chilibulo di Quito si prepara con dedizione al Congresso Eucaristico Internazionale del 2024 - IEC 2024<\/title>\n<meta name=\"robots\" content=\"index, follow, max-snippet:-1, max-image-preview:large, max-video-preview:-1\" \/>\n<link rel=\"canonical\" href=\"https:\/\/www.iec2024.ec\/it\/la-parroquia-san-jose-de-chilibulo\/\" \/>\n<meta property=\"og:locale\" content=\"it_IT\" \/>\n<meta property=\"og:type\" content=\"article\" \/>\n<meta property=\"og:title\" content=\"La parrocchia San Jos\u00e9 de Chilibulo di Quito si prepara con dedizione al Congresso Eucaristico Internazionale del 2024 - IEC 2024\" \/>\n<meta property=\"og:description\" content=\"Sabato scorso, 30 settembre, la parrocchia San Jos\u00e9 de Chilibulo, situata nel Settore La Magdalena, appartenente al Vicariato Santo Hermano Miguel dell&#8217;Arcidiocesi di Quito, ha vissuto una giornata di profonda formazione e spiritualit\u00e0. In questo significativo incontro tutti i gruppi pastorali, compresi i catechisti e i gruppi laici, si sono riuniti con entusiasmo [\u2026] El [&hellip;]\" \/>\n<meta property=\"og:url\" content=\"https:\/\/www.iec2024.ec\/it\/la-parroquia-san-jose-de-chilibulo\/\" \/>\n<meta property=\"og:site_name\" content=\"IEC 2024\" \/>\n<meta property=\"article:published_time\" content=\"2023-10-04T21:45:26+00:00\" \/>\n<meta property=\"article:modified_time\" content=\"2023-10-13T20:28:33+00:00\" \/>\n<meta property=\"og:image\" content=\"https:\/\/www.iec2024.ec\/wp-content\/uploads\/2023\/10\/Imagen-de-WhatsApp-2023-10-04-a-las-15.44.32_0a5cc1da.jpg\" \/>\n\t<meta property=\"og:image:width\" content=\"1600\" \/>\n\t<meta property=\"og:image:height\" content=\"900\" \/>\n\t<meta property=\"og:image:type\" content=\"image\/jpeg\" \/>\n<meta name=\"author\" content=\"Secretario T\u00e9cnico\" \/>\n<meta name=\"twitter:card\" content=\"summary_large_image\" \/>\n<meta name=\"twitter:label1\" content=\"Scritto da\" \/>\n\t<meta name=\"twitter:data1\" content=\"Secretario T\u00e9cnico\" \/>\n\t<meta name=\"twitter:label2\" content=\"Tempo di lettura stimato\" \/>\n\t<meta name=\"twitter:data2\" content=\"2 minuti\" \/>\n<script type=\"application\/ld+json\" class=\"yoast-schema-graph\">{\"@context\":\"https:\/\/schema.org\",\"@graph\":[{\"@type\":\"Article\",\"@id\":\"https:\/\/www.iec2024.ec\/it\/la-parroquia-san-jose-de-chilibulo\/#article\",\"isPartOf\":{\"@id\":\"https:\/\/www.iec2024.ec\/it\/la-parroquia-san-jose-de-chilibulo\/\"},\"author\":{\"name\":\"Secretario T\u00e9cnico\",\"@id\":\"https:\/\/www.iec2024.ec\/it\/#\/schema\/person\/7dc46e27a804fe39ba34935ca5284fe2\"},\"headline\":\"La parrocchia San Jos\u00e9 de Chilibulo di Quito si prepara con dedizione al Congresso Eucaristico Internazionale del 2024\",\"datePublished\":\"2023-10-04T21:45:26+00:00\",\"dateModified\":\"2023-10-13T20:28:33+00:00\",\"mainEntityOfPage\":{\"@id\":\"https:\/\/www.iec2024.ec\/it\/la-parroquia-san-jose-de-chilibulo\/\"},\"wordCount\":320,\"commentCount\":0,\"publisher\":{\"@id\":\"https:\/\/www.iec2024.ec\/it\/#organization\"},\"articleSection\":[\"Notizia\"],\"inLanguage\":\"it-IT\",\"potentialAction\":[{\"@type\":\"CommentAction\",\"name\":\"Comment\",\"target\":[\"https:\/\/www.iec2024.ec\/it\/la-parroquia-san-jose-de-chilibulo\/#respond\"]}]},{\"@type\":\"WebPage\",\"@id\":\"https:\/\/www.iec2024.ec\/it\/la-parroquia-san-jose-de-chilibulo\/\",\"url\":\"https:\/\/www.iec2024.ec\/it\/la-parroquia-san-jose-de-chilibulo\/\",\"name\":\"La parrocchia San Jos\u00e9 de Chilibulo di Quito si prepara con dedizione al Congresso Eucaristico Internazionale del 2024 - IEC 2024\",\"isPartOf\":{\"@id\":\"https:\/\/www.iec2024.ec\/it\/#website\"},\"datePublished\":\"2023-10-04T21:45:26+00:00\",\"dateModified\":\"2023-10-13T20:28:33+00:00\",\"breadcrumb\":{\"@id\":\"https:\/\/www.iec2024.ec\/it\/la-parroquia-san-jose-de-chilibulo\/#breadcrumb\"},\"inLanguage\":\"it-IT\",\"potentialAction\":[{\"@type\":\"ReadAction\",\"target\":[\"https:\/\/www.iec2024.ec\/it\/la-parroquia-san-jose-de-chilibulo\/\"]}]},{\"@type\":\"BreadcrumbList\",\"@id\":\"https:\/\/www.iec2024.ec\/it\/la-parroquia-san-jose-de-chilibulo\/#breadcrumb\",\"itemListElement\":[{\"@type\":\"ListItem\",\"position\":1,\"name\":\"Portada\",\"item\":\"https:\/\/www.iec2024.ec\/it\/\"},{\"@type\":\"ListItem\",\"position\":2,\"name\":\"La parrocchia San Jos\u00e9 de Chilibulo di Quito si prepara con dedizione al Congresso Eucaristico Internazionale del 2024\"}]},{\"@type\":\"WebSite\",\"@id\":\"https:\/\/www.iec2024.ec\/it\/#website\",\"url\":\"https:\/\/www.iec2024.ec\/it\/\",\"name\":\"IEC 2024\",\"description\":\"\",\"publisher\":{\"@id\":\"https:\/\/www.iec2024.ec\/it\/#organization\"},\"potentialAction\":[{\"@type\":\"SearchAction\",\"target\":{\"@type\":\"EntryPoint\",\"urlTemplate\":\"https:\/\/www.iec2024.ec\/it\/?s={search_term_string}\"},\"query-input\":\"required name=search_term_string\"}],\"inLanguage\":\"it-IT\"},{\"@type\":\"Organization\",\"@id\":\"https:\/\/www.iec2024.ec\/it\/#organization\",\"name\":\"IEC 2024\",\"url\":\"https:\/\/www.iec2024.ec\/it\/\",\"logo\":{\"@type\":\"ImageObject\",\"inLanguage\":\"it-IT\",\"@id\":\"https:\/\/www.iec2024.ec\/it\/#\/schema\/logo\/image\/\",\"url\":\"https:\/\/www.iec2024.ec\/wp-content\/uploads\/2024\/01\/cropped-logo-2024.png\",\"contentUrl\":\"https:\/\/www.iec2024.ec\/wp-content\/uploads\/2024\/01\/cropped-logo-2024.png\",\"width\":1277,\"height\":332,\"caption\":\"IEC 2024\"},\"image\":{\"@id\":\"https:\/\/www.iec2024.ec\/it\/#\/schema\/logo\/image\/\"}},{\"@type\":\"Person\",\"@id\":\"https:\/\/www.iec2024.ec\/it\/#\/schema\/person\/7dc46e27a804fe39ba34935ca5284fe2\",\"name\":\"Secretario T\u00e9cnico\",\"image\":{\"@type\":\"ImageObject\",\"inLanguage\":\"it-IT\",\"@id\":\"https:\/\/www.iec2024.ec\/it\/#\/schema\/person\/image\/\",\"url\":\"https:\/\/secure.gravatar.com\/avatar\/67808a21710148ea0645bc85e43e21b6?s=96&d=mm&r=g\",\"contentUrl\":\"https:\/\/secure.gravatar.com\/avatar\/67808a21710148ea0645bc85e43e21b6?s=96&d=mm&r=g\",\"caption\":\"Secretario T\u00e9cnico\"},\"url\":\"https:\/\/www.iec2024.ec\/it\/author\/4dm1ns3cr3t4r10\/\"}]}<\/script>\n<!-- \/ Yoast SEO plugin. -->","yoast_head_json":{"title":"La parrocchia San Jos\u00e9 de Chilibulo di Quito si prepara con dedizione al Congresso Eucaristico Internazionale del 2024 - IEC 2024","robots":{"index":"index","follow":"follow","max-snippet":"max-snippet:-1","max-image-preview":"max-image-preview:large","max-video-preview":"max-video-preview:-1"},"canonical":"https:\/\/www.iec2024.ec\/it\/la-parroquia-san-jose-de-chilibulo\/","og_locale":"it_IT","og_type":"article","og_title":"La parrocchia San Jos\u00e9 de Chilibulo di Quito si prepara con dedizione al Congresso Eucaristico Internazionale del 2024 - IEC 2024","og_description":"Sabato scorso, 30 settembre, la parrocchia San Jos\u00e9 de Chilibulo, situata nel Settore La Magdalena, appartenente al Vicariato Santo Hermano Miguel dell&#8217;Arcidiocesi di Quito, ha vissuto una giornata di profonda formazione e spiritualit\u00e0. In questo significativo incontro tutti i gruppi pastorali, compresi i catechisti e i gruppi laici, si sono riuniti con entusiasmo [\u2026] El [&hellip;]","og_url":"https:\/\/www.iec2024.ec\/it\/la-parroquia-san-jose-de-chilibulo\/","og_site_name":"IEC 2024","article_published_time":"2023-10-04T21:45:26+00:00","article_modified_time":"2023-10-13T20:28:33+00:00","og_image":[{"width":1600,"height":900,"url":"https:\/\/www.iec2024.ec\/wp-content\/uploads\/2023\/10\/Imagen-de-WhatsApp-2023-10-04-a-las-15.44.32_0a5cc1da.jpg","type":"image\/jpeg"}],"author":"Secretario T\u00e9cnico","twitter_card":"summary_large_image","twitter_misc":{"Scritto da":"Secretario T\u00e9cnico","Tempo di lettura stimato":"2 minuti"},"schema":{"@context":"https:\/\/schema.org","@graph":[{"@type":"Article","@id":"https:\/\/www.iec2024.ec\/it\/la-parroquia-san-jose-de-chilibulo\/#article","isPartOf":{"@id":"https:\/\/www.iec2024.ec\/it\/la-parroquia-san-jose-de-chilibulo\/"},"author":{"name":"Secretario T\u00e9cnico","@id":"https:\/\/www.iec2024.ec\/it\/#\/schema\/person\/7dc46e27a804fe39ba34935ca5284fe2"},"headline":"La parrocchia San Jos\u00e9 de Chilibulo di Quito si prepara con dedizione al Congresso Eucaristico Internazionale del 2024","datePublished":"2023-10-04T21:45:26+00:00","dateModified":"2023-10-13T20:28:33+00:00","mainEntityOfPage":{"@id":"https:\/\/www.iec2024.ec\/it\/la-parroquia-san-jose-de-chilibulo\/"},"wordCount":320,"commentCount":0,"publisher":{"@id":"https:\/\/www.iec2024.ec\/it\/#organization"},"articleSection":["Notizia"],"inLanguage":"it-IT","potentialAction":[{"@type":"CommentAction","name":"Comment","target":["https:\/\/www.iec2024.ec\/it\/la-parroquia-san-jose-de-chilibulo\/#respond"]}]},{"@type":"WebPage","@id":"https:\/\/www.iec2024.ec\/it\/la-parroquia-san-jose-de-chilibulo\/","url":"https:\/\/www.iec2024.ec\/it\/la-parroquia-san-jose-de-chilibulo\/","name":"La parrocchia San Jos\u00e9 de Chilibulo di Quito si prepara con dedizione al Congresso Eucaristico Internazionale del 2024 - IEC 2024","isPartOf":{"@id":"https:\/\/www.iec2024.ec\/it\/#website"},"datePublished":"2023-10-04T21:45:26+00:00","dateModified":"2023-10-13T20:28:33+00:00","breadcrumb":{"@id":"https:\/\/www.iec2024.ec\/it\/la-parroquia-san-jose-de-chilibulo\/#breadcrumb"},"inLanguage":"it-IT","potentialAction":[{"@type":"ReadAction","target":["https:\/\/www.iec2024.ec\/it\/la-parroquia-san-jose-de-chilibulo\/"]}]},{"@type":"BreadcrumbList","@id":"https:\/\/www.iec2024.ec\/it\/la-parroquia-san-jose-de-chilibulo\/#breadcrumb","itemListElement":[{"@type":"ListItem","position":1,"name":"Portada","item":"https:\/\/www.iec2024.ec\/it\/"},{"@type":"ListItem","position":2,"name":"La parrocchia San Jos\u00e9 de Chilibulo di Quito si prepara con dedizione al Congresso Eucaristico Internazionale del 2024"}]},{"@type":"WebSite","@id":"https:\/\/www.iec2024.ec\/it\/#website","url":"https:\/\/www.iec2024.ec\/it\/","name":"IEC 2024","description":"","publisher":{"@id":"https:\/\/www.iec2024.ec\/it\/#organization"},"potentialAction":[{"@type":"SearchAction","target":{"@type":"EntryPoint","urlTemplate":"https:\/\/www.iec2024.ec\/it\/?s={search_term_string}"},"query-input":"required name=search_term_string"}],"inLanguage":"it-IT"},{"@type":"Organization","@id":"https:\/\/www.iec2024.ec\/it\/#organization","name":"IEC 2024","url":"https:\/\/www.iec2024.ec\/it\/","logo":{"@type":"ImageObject","inLanguage":"it-IT","@id":"https:\/\/www.iec2024.ec\/it\/#\/schema\/logo\/image\/","url":"https:\/\/www.iec2024.ec\/wp-content\/uploads\/2024\/01\/cropped-logo-2024.png","contentUrl":"https:\/\/www.iec2024.ec\/wp-content\/uploads\/2024\/01\/cropped-logo-2024.png","width":1277,"height":332,"caption":"IEC 2024"},"image":{"@id":"https:\/\/www.iec2024.ec\/it\/#\/schema\/logo\/image\/"}},{"@type":"Person","@id":"https:\/\/www.iec2024.ec\/it\/#\/schema\/person\/7dc46e27a804fe39ba34935ca5284fe2","name":"Secretario T\u00e9cnico","image":{"@type":"ImageObject","inLanguage":"it-IT","@id":"https:\/\/www.iec2024.ec\/it\/#\/schema\/person\/image\/","url":"https:\/\/secure.gravatar.com\/avatar\/67808a21710148ea0645bc85e43e21b6?s=96&d=mm&r=g","contentUrl":"https:\/\/secure.gravatar.com\/avatar\/67808a21710148ea0645bc85e43e21b6?s=96&d=mm&r=g","caption":"Secretario T\u00e9cnico"},"url":"https:\/\/www.iec2024.ec\/it\/author\/4dm1ns3cr3t4r10\/"}]}},"_links":{"self":[{"href":"https:\/\/www.iec2024.ec\/it\/wp-json\/wp\/v2\/posts\/7410"}],"collection":[{"href":"https:\/\/www.iec2024.ec\/it\/wp-json\/wp\/v2\/posts"}],"about":[{"href":"https:\/\/www.iec2024.ec\/it\/wp-json\/wp\/v2\/types\/post"}],"author":[{"embeddable":true,"href":"https:\/\/www.iec2024.ec\/it\/wp-json\/wp\/v2\/users\/2"}],"replies":[{"embeddable":true,"href":"https:\/\/www.iec2024.ec\/it\/wp-json\/wp\/v2\/comments?post=7410"}],"version-history":[{"count":3,"href":"https:\/\/www.iec2024.ec\/it\/wp-json\/wp\/v2\/posts\/7410\/revisions"}],"predecessor-version":[{"id":7869,"href":"https:\/\/www.iec2024.ec\/it\/wp-json\/wp\/v2\/posts\/7410\/revisions\/7869"}],"wp:featuredmedia":[{"embeddable":true,"href":"https:\/\/www.iec2024.ec\/it\/wp-json\/wp\/v2\/media\/7091"}],"wp:attachment":[{"href":"https:\/\/www.iec2024.ec\/it\/wp-json\/wp\/v2\/media?parent=7410"}],"wp:term":[{"taxonomy":"category","embeddable":true,"href":"https:\/\/www.iec2024.ec\/it\/wp-json\/wp\/v2\/categories?post=7410"},{"taxonomy":"post_tag","embeddable":true,"href":"https:\/\/www.iec2024.ec\/it\/wp-json\/wp\/v2\/tags?post=7410"}],"curies":[{"name":"wp","href":"https:\/\/api.w.org\/{rel}","templated":true}]}}