{"id":7412,"date":"2023-10-04T14:53:31","date_gmt":"2023-10-04T19:53:31","guid":{"rendered":"https:\/\/www.iec2024.ec\/el-clero-de-la-diocesis-de-santo-domingo-en-ecuador-se-prepara-con-entusiasmo-para-el-congreso-eucaristico-internacional-2024\/"},"modified":"2023-10-18T16:18:01","modified_gmt":"2023-10-18T21:18:01","slug":"el-clero-de-la-diocesis-de-santo-domingo-en-ecuador-se-prepara-con-entusiasmo-para-el-congreso-eucaristico-internacional-2024","status":"publish","type":"post","link":"https:\/\/www.iec2024.ec\/it\/el-clero-de-la-diocesis-de-santo-domingo-en-ecuador-se-prepara-con-entusiasmo-para-el-congreso-eucaristico-internacional-2024\/","title":{"rendered":"Il clero della diocesi di Santo Domingo in Ecuador si prepara con entusiasmo al Congresso Eucaristico Internazionale."},"content":{"rendered":"<p>El clero de la Di\u00f3cesis de Santo Domingo en Ecuador, junto con su obispo, Mons. Bertram Wick Enzler, se congreg\u00f3 para una charla fundamental sobre el Congreso Eucar\u00edstico Internacional 2024 (IEC 2024). Este evento que se llev\u00f3 a cabo en la sede diocesana, reuni\u00f3 a sus sacerdotes en un esfuerzo por prepararse de manera adecuada para este importante acontecimiento previsto realizarse en Ecuador del 8 al 15 de septiembre de 2024.<br \/>\nDurante la charla se dio a conocer los temas relevantes que ser\u00e1n abordados en el IEC 2024, encuentro que promete ser una experiencia espiritual \u00fanica en la vida de los fieles de todo el mundo. En la presentaci\u00f3n se resaltaron los aspectos m\u00e1s significativos de la Eucarist\u00eda y su importancia en la vida de la Iglesia y de los creyentes.<br \/>\nAdem\u00e1s, se proporcionaron detalles sobre los subsidios, es decir el material informativo pastoral disponible, para ayudar en la preparaci\u00f3n de la Di\u00f3cesis y de sus fieles en este camino hacia el IEC 2024.<br \/>\nLos participantes se mostraron emocionados y comprometidos en su preparaci\u00f3n para el 53\u00b0 Congreso Eucar\u00edstico Internacional 2024, encuentro que ofrecer\u00e1 una oportunidad \u00fanica para profundizar en la fe y la espiritualidad, adem\u00e1s de promover la unidad en la Iglesia universal.<\/p>\n","protected":false},"excerpt":{"rendered":"<p>El clero de la Di\u00f3cesis de Santo Domingo en Ecuador, junto con su obispo, Mons. Bertram Wick Enzler, se congreg\u00f3 para una charla fundamental sobre el Congreso Eucar\u00edstico Internacional 2024 (IEC 2024). Este evento que se llev\u00f3 a cabo en la sede diocesana, reuni\u00f3 a sus sacerdotes en un esfuerzo por prepararse de manera adecuada [&hellip;]<\/p>\n","protected":false},"author":2,"featured_media":7053,"comment_status":"open","ping_status":"open","sticky":false,"template":"","format":"standard","meta":{"footnotes":""},"categories":[34],"tags":[],"acf":[],"yoast_head":"<!-- This site is optimized with the Yoast SEO plugin v21.1 - https:\/\/yoast.com\/wordpress\/plugins\/seo\/ -->\n<title>Il clero della diocesi di Santo Domingo in Ecuador si prepara con entusiasmo al Congresso Eucaristico Internazionale. - IEC 2024<\/title>\n<meta name=\"robots\" content=\"index, follow, max-snippet:-1, max-image-preview:large, max-video-preview:-1\" \/>\n<link rel=\"canonical\" href=\"https:\/\/www.iec2024.ec\/it\/el-clero-de-la-diocesis-de-santo-domingo-en-ecuador-se-prepara-con-entusiasmo-para-el-congreso-eucaristico-internacional-2024\/\" \/>\n<meta property=\"og:locale\" content=\"it_IT\" \/>\n<meta property=\"og:type\" content=\"article\" \/>\n<meta property=\"og:title\" content=\"Il clero della diocesi di Santo Domingo in Ecuador si prepara con entusiasmo al Congresso Eucaristico Internazionale. - IEC 2024\" \/>\n<meta property=\"og:description\" content=\"El clero de la Di\u00f3cesis de Santo Domingo en Ecuador, junto con su obispo, Mons. Bertram Wick Enzler, se congreg\u00f3 para una charla fundamental sobre el Congreso Eucar\u00edstico Internacional 2024 (IEC 2024). Este evento que se llev\u00f3 a cabo en la sede diocesana, reuni\u00f3 a sus sacerdotes en un esfuerzo por prepararse de manera adecuada [&hellip;]\" \/>\n<meta property=\"og:url\" content=\"https:\/\/www.iec2024.ec\/it\/el-clero-de-la-diocesis-de-santo-domingo-en-ecuador-se-prepara-con-entusiasmo-para-el-congreso-eucaristico-internacional-2024\/\" \/>\n<meta property=\"og:site_name\" content=\"IEC 2024\" \/>\n<meta property=\"article:published_time\" content=\"2023-10-04T19:53:31+00:00\" \/>\n<meta property=\"article:modified_time\" content=\"2023-10-18T21:18:01+00:00\" \/>\n<meta property=\"og:image\" content=\"https:\/\/www.iec2024.ec\/wp-content\/uploads\/2023\/10\/IMG-20231004-WA0027.jpg\" \/>\n\t<meta property=\"og:image:width\" content=\"1024\" \/>\n\t<meta property=\"og:image:height\" content=\"768\" \/>\n\t<meta property=\"og:image:type\" content=\"image\/jpeg\" \/>\n<meta name=\"author\" content=\"Secretario T\u00e9cnico\" \/>\n<meta name=\"twitter:card\" content=\"summary_large_image\" \/>\n<meta name=\"twitter:label1\" content=\"Scritto da\" \/>\n\t<meta name=\"twitter:data1\" content=\"Secretario T\u00e9cnico\" \/>\n\t<meta name=\"twitter:label2\" content=\"Tempo di lettura stimato\" \/>\n\t<meta name=\"twitter:data2\" content=\"1 minuto\" \/>\n<script type=\"application\/ld+json\" class=\"yoast-schema-graph\">{\"@context\":\"https:\/\/schema.org\",\"@graph\":[{\"@type\":\"Article\",\"@id\":\"https:\/\/www.iec2024.ec\/it\/el-clero-de-la-diocesis-de-santo-domingo-en-ecuador-se-prepara-con-entusiasmo-para-el-congreso-eucaristico-internacional-2024\/#article\",\"isPartOf\":{\"@id\":\"https:\/\/www.iec2024.ec\/it\/el-clero-de-la-diocesis-de-santo-domingo-en-ecuador-se-prepara-con-entusiasmo-para-el-congreso-eucaristico-internacional-2024\/\"},\"author\":{\"name\":\"Secretario T\u00e9cnico\",\"@id\":\"https:\/\/www.iec2024.ec\/it\/#\/schema\/person\/7dc46e27a804fe39ba34935ca5284fe2\"},\"headline\":\"Il clero della diocesi di Santo Domingo in Ecuador si prepara con entusiasmo al Congresso Eucaristico Internazionale.\",\"datePublished\":\"2023-10-04T19:53:31+00:00\",\"dateModified\":\"2023-10-18T21:18:01+00:00\",\"mainEntityOfPage\":{\"@id\":\"https:\/\/www.iec2024.ec\/it\/el-clero-de-la-diocesis-de-santo-domingo-en-ecuador-se-prepara-con-entusiasmo-para-el-congreso-eucaristico-internacional-2024\/\"},\"wordCount\":224,\"commentCount\":0,\"publisher\":{\"@id\":\"https:\/\/www.iec2024.ec\/it\/#organization\"},\"articleSection\":[\"Notizia\"],\"inLanguage\":\"it-IT\",\"potentialAction\":[{\"@type\":\"CommentAction\",\"name\":\"Comment\",\"target\":[\"https:\/\/www.iec2024.ec\/it\/el-clero-de-la-diocesis-de-santo-domingo-en-ecuador-se-prepara-con-entusiasmo-para-el-congreso-eucaristico-internacional-2024\/#respond\"]}]},{\"@type\":\"WebPage\",\"@id\":\"https:\/\/www.iec2024.ec\/it\/el-clero-de-la-diocesis-de-santo-domingo-en-ecuador-se-prepara-con-entusiasmo-para-el-congreso-eucaristico-internacional-2024\/\",\"url\":\"https:\/\/www.iec2024.ec\/it\/el-clero-de-la-diocesis-de-santo-domingo-en-ecuador-se-prepara-con-entusiasmo-para-el-congreso-eucaristico-internacional-2024\/\",\"name\":\"Il clero della diocesi di Santo Domingo in Ecuador si prepara con entusiasmo al Congresso Eucaristico Internazionale. - IEC 2024\",\"isPartOf\":{\"@id\":\"https:\/\/www.iec2024.ec\/it\/#website\"},\"datePublished\":\"2023-10-04T19:53:31+00:00\",\"dateModified\":\"2023-10-18T21:18:01+00:00\",\"breadcrumb\":{\"@id\":\"https:\/\/www.iec2024.ec\/it\/el-clero-de-la-diocesis-de-santo-domingo-en-ecuador-se-prepara-con-entusiasmo-para-el-congreso-eucaristico-internacional-2024\/#breadcrumb\"},\"inLanguage\":\"it-IT\",\"potentialAction\":[{\"@type\":\"ReadAction\",\"target\":[\"https:\/\/www.iec2024.ec\/it\/el-clero-de-la-diocesis-de-santo-domingo-en-ecuador-se-prepara-con-entusiasmo-para-el-congreso-eucaristico-internacional-2024\/\"]}]},{\"@type\":\"BreadcrumbList\",\"@id\":\"https:\/\/www.iec2024.ec\/it\/el-clero-de-la-diocesis-de-santo-domingo-en-ecuador-se-prepara-con-entusiasmo-para-el-congreso-eucaristico-internacional-2024\/#breadcrumb\",\"itemListElement\":[{\"@type\":\"ListItem\",\"position\":1,\"name\":\"Portada\",\"item\":\"https:\/\/www.iec2024.ec\/it\/\"},{\"@type\":\"ListItem\",\"position\":2,\"name\":\"Il clero della diocesi di Santo Domingo in Ecuador si prepara con entusiasmo al Congresso Eucaristico Internazionale.\"}]},{\"@type\":\"WebSite\",\"@id\":\"https:\/\/www.iec2024.ec\/it\/#website\",\"url\":\"https:\/\/www.iec2024.ec\/it\/\",\"name\":\"IEC 2024\",\"description\":\"\",\"publisher\":{\"@id\":\"https:\/\/www.iec2024.ec\/it\/#organization\"},\"potentialAction\":[{\"@type\":\"SearchAction\",\"target\":{\"@type\":\"EntryPoint\",\"urlTemplate\":\"https:\/\/www.iec2024.ec\/it\/?s={search_term_string}\"},\"query-input\":\"required name=search_term_string\"}],\"inLanguage\":\"it-IT\"},{\"@type\":\"Organization\",\"@id\":\"https:\/\/www.iec2024.ec\/it\/#organization\",\"name\":\"IEC 2024\",\"url\":\"https:\/\/www.iec2024.ec\/it\/\",\"logo\":{\"@type\":\"ImageObject\",\"inLanguage\":\"it-IT\",\"@id\":\"https:\/\/www.iec2024.ec\/it\/#\/schema\/logo\/image\/\",\"url\":\"https:\/\/www.iec2024.ec\/wp-content\/uploads\/2024\/01\/cropped-logo-2024.png\",\"contentUrl\":\"https:\/\/www.iec2024.ec\/wp-content\/uploads\/2024\/01\/cropped-logo-2024.png\",\"width\":1277,\"height\":332,\"caption\":\"IEC 2024\"},\"image\":{\"@id\":\"https:\/\/www.iec2024.ec\/it\/#\/schema\/logo\/image\/\"}},{\"@type\":\"Person\",\"@id\":\"https:\/\/www.iec2024.ec\/it\/#\/schema\/person\/7dc46e27a804fe39ba34935ca5284fe2\",\"name\":\"Secretario T\u00e9cnico\",\"image\":{\"@type\":\"ImageObject\",\"inLanguage\":\"it-IT\",\"@id\":\"https:\/\/www.iec2024.ec\/it\/#\/schema\/person\/image\/\",\"url\":\"https:\/\/secure.gravatar.com\/avatar\/67808a21710148ea0645bc85e43e21b6?s=96&d=mm&r=g\",\"contentUrl\":\"https:\/\/secure.gravatar.com\/avatar\/67808a21710148ea0645bc85e43e21b6?s=96&d=mm&r=g\",\"caption\":\"Secretario T\u00e9cnico\"},\"url\":\"https:\/\/www.iec2024.ec\/it\/author\/4dm1ns3cr3t4r10\/\"}]}<\/script>\n<!-- \/ Yoast SEO plugin. -->","yoast_head_json":{"title":"Il clero della diocesi di Santo Domingo in Ecuador si prepara con entusiasmo al Congresso Eucaristico Internazionale. - IEC 2024","robots":{"index":"index","follow":"follow","max-snippet":"max-snippet:-1","max-image-preview":"max-image-preview:large","max-video-preview":"max-video-preview:-1"},"canonical":"https:\/\/www.iec2024.ec\/it\/el-clero-de-la-diocesis-de-santo-domingo-en-ecuador-se-prepara-con-entusiasmo-para-el-congreso-eucaristico-internacional-2024\/","og_locale":"it_IT","og_type":"article","og_title":"Il clero della diocesi di Santo Domingo in Ecuador si prepara con entusiasmo al Congresso Eucaristico Internazionale. - IEC 2024","og_description":"El clero de la Di\u00f3cesis de Santo Domingo en Ecuador, junto con su obispo, Mons. Bertram Wick Enzler, se congreg\u00f3 para una charla fundamental sobre el Congreso Eucar\u00edstico Internacional 2024 (IEC 2024). Este evento que se llev\u00f3 a cabo en la sede diocesana, reuni\u00f3 a sus sacerdotes en un esfuerzo por prepararse de manera adecuada [&hellip;]","og_url":"https:\/\/www.iec2024.ec\/it\/el-clero-de-la-diocesis-de-santo-domingo-en-ecuador-se-prepara-con-entusiasmo-para-el-congreso-eucaristico-internacional-2024\/","og_site_name":"IEC 2024","article_published_time":"2023-10-04T19:53:31+00:00","article_modified_time":"2023-10-18T21:18:01+00:00","og_image":[{"width":1024,"height":768,"url":"https:\/\/www.iec2024.ec\/wp-content\/uploads\/2023\/10\/IMG-20231004-WA0027.jpg","type":"image\/jpeg"}],"author":"Secretario T\u00e9cnico","twitter_card":"summary_large_image","twitter_misc":{"Scritto da":"Secretario T\u00e9cnico","Tempo di lettura stimato":"1 minuto"},"schema":{"@context":"https:\/\/schema.org","@graph":[{"@type":"Article","@id":"https:\/\/www.iec2024.ec\/it\/el-clero-de-la-diocesis-de-santo-domingo-en-ecuador-se-prepara-con-entusiasmo-para-el-congreso-eucaristico-internacional-2024\/#article","isPartOf":{"@id":"https:\/\/www.iec2024.ec\/it\/el-clero-de-la-diocesis-de-santo-domingo-en-ecuador-se-prepara-con-entusiasmo-para-el-congreso-eucaristico-internacional-2024\/"},"author":{"name":"Secretario T\u00e9cnico","@id":"https:\/\/www.iec2024.ec\/it\/#\/schema\/person\/7dc46e27a804fe39ba34935ca5284fe2"},"headline":"Il clero della diocesi di Santo Domingo in Ecuador si prepara con entusiasmo al Congresso Eucaristico Internazionale.","datePublished":"2023-10-04T19:53:31+00:00","dateModified":"2023-10-18T21:18:01+00:00","mainEntityOfPage":{"@id":"https:\/\/www.iec2024.ec\/it\/el-clero-de-la-diocesis-de-santo-domingo-en-ecuador-se-prepara-con-entusiasmo-para-el-congreso-eucaristico-internacional-2024\/"},"wordCount":224,"commentCount":0,"publisher":{"@id":"https:\/\/www.iec2024.ec\/it\/#organization"},"articleSection":["Notizia"],"inLanguage":"it-IT","potentialAction":[{"@type":"CommentAction","name":"Comment","target":["https:\/\/www.iec2024.ec\/it\/el-clero-de-la-diocesis-de-santo-domingo-en-ecuador-se-prepara-con-entusiasmo-para-el-congreso-eucaristico-internacional-2024\/#respond"]}]},{"@type":"WebPage","@id":"https:\/\/www.iec2024.ec\/it\/el-clero-de-la-diocesis-de-santo-domingo-en-ecuador-se-prepara-con-entusiasmo-para-el-congreso-eucaristico-internacional-2024\/","url":"https:\/\/www.iec2024.ec\/it\/el-clero-de-la-diocesis-de-santo-domingo-en-ecuador-se-prepara-con-entusiasmo-para-el-congreso-eucaristico-internacional-2024\/","name":"Il clero della diocesi di Santo Domingo in Ecuador si prepara con entusiasmo al Congresso Eucaristico Internazionale. - IEC 2024","isPartOf":{"@id":"https:\/\/www.iec2024.ec\/it\/#website"},"datePublished":"2023-10-04T19:53:31+00:00","dateModified":"2023-10-18T21:18:01+00:00","breadcrumb":{"@id":"https:\/\/www.iec2024.ec\/it\/el-clero-de-la-diocesis-de-santo-domingo-en-ecuador-se-prepara-con-entusiasmo-para-el-congreso-eucaristico-internacional-2024\/#breadcrumb"},"inLanguage":"it-IT","potentialAction":[{"@type":"ReadAction","target":["https:\/\/www.iec2024.ec\/it\/el-clero-de-la-diocesis-de-santo-domingo-en-ecuador-se-prepara-con-entusiasmo-para-el-congreso-eucaristico-internacional-2024\/"]}]},{"@type":"BreadcrumbList","@id":"https:\/\/www.iec2024.ec\/it\/el-clero-de-la-diocesis-de-santo-domingo-en-ecuador-se-prepara-con-entusiasmo-para-el-congreso-eucaristico-internacional-2024\/#breadcrumb","itemListElement":[{"@type":"ListItem","position":1,"name":"Portada","item":"https:\/\/www.iec2024.ec\/it\/"},{"@type":"ListItem","position":2,"name":"Il clero della diocesi di Santo Domingo in Ecuador si prepara con entusiasmo al Congresso Eucaristico Internazionale."}]},{"@type":"WebSite","@id":"https:\/\/www.iec2024.ec\/it\/#website","url":"https:\/\/www.iec2024.ec\/it\/","name":"IEC 2024","description":"","publisher":{"@id":"https:\/\/www.iec2024.ec\/it\/#organization"},"potentialAction":[{"@type":"SearchAction","target":{"@type":"EntryPoint","urlTemplate":"https:\/\/www.iec2024.ec\/it\/?s={search_term_string}"},"query-input":"required name=search_term_string"}],"inLanguage":"it-IT"},{"@type":"Organization","@id":"https:\/\/www.iec2024.ec\/it\/#organization","name":"IEC 2024","url":"https:\/\/www.iec2024.ec\/it\/","logo":{"@type":"ImageObject","inLanguage":"it-IT","@id":"https:\/\/www.iec2024.ec\/it\/#\/schema\/logo\/image\/","url":"https:\/\/www.iec2024.ec\/wp-content\/uploads\/2024\/01\/cropped-logo-2024.png","contentUrl":"https:\/\/www.iec2024.ec\/wp-content\/uploads\/2024\/01\/cropped-logo-2024.png","width":1277,"height":332,"caption":"IEC 2024"},"image":{"@id":"https:\/\/www.iec2024.ec\/it\/#\/schema\/logo\/image\/"}},{"@type":"Person","@id":"https:\/\/www.iec2024.ec\/it\/#\/schema\/person\/7dc46e27a804fe39ba34935ca5284fe2","name":"Secretario T\u00e9cnico","image":{"@type":"ImageObject","inLanguage":"it-IT","@id":"https:\/\/www.iec2024.ec\/it\/#\/schema\/person\/image\/","url":"https:\/\/secure.gravatar.com\/avatar\/67808a21710148ea0645bc85e43e21b6?s=96&d=mm&r=g","contentUrl":"https:\/\/secure.gravatar.com\/avatar\/67808a21710148ea0645bc85e43e21b6?s=96&d=mm&r=g","caption":"Secretario T\u00e9cnico"},"url":"https:\/\/www.iec2024.ec\/it\/author\/4dm1ns3cr3t4r10\/"}]}},"_links":{"self":[{"href":"https:\/\/www.iec2024.ec\/it\/wp-json\/wp\/v2\/posts\/7412"}],"collection":[{"href":"https:\/\/www.iec2024.ec\/it\/wp-json\/wp\/v2\/posts"}],"about":[{"href":"https:\/\/www.iec2024.ec\/it\/wp-json\/wp\/v2\/types\/post"}],"author":[{"embeddable":true,"href":"https:\/\/www.iec2024.ec\/it\/wp-json\/wp\/v2\/users\/2"}],"replies":[{"embeddable":true,"href":"https:\/\/www.iec2024.ec\/it\/wp-json\/wp\/v2\/comments?post=7412"}],"version-history":[{"count":1,"href":"https:\/\/www.iec2024.ec\/it\/wp-json\/wp\/v2\/posts\/7412\/revisions"}],"predecessor-version":[{"id":7819,"href":"https:\/\/www.iec2024.ec\/it\/wp-json\/wp\/v2\/posts\/7412\/revisions\/7819"}],"wp:featuredmedia":[{"embeddable":true,"href":"https:\/\/www.iec2024.ec\/it\/wp-json\/wp\/v2\/media\/7053"}],"wp:attachment":[{"href":"https:\/\/www.iec2024.ec\/it\/wp-json\/wp\/v2\/media?parent=7412"}],"wp:term":[{"taxonomy":"category","embeddable":true,"href":"https:\/\/www.iec2024.ec\/it\/wp-json\/wp\/v2\/categories?post=7412"},{"taxonomy":"post_tag","embeddable":true,"href":"https:\/\/www.iec2024.ec\/it\/wp-json\/wp\/v2\/tags?post=7412"}],"curies":[{"name":"wp","href":"https:\/\/api.w.org\/{rel}","templated":true}]}}