{"id":7418,"date":"2023-09-19T09:58:42","date_gmt":"2023-09-19T14:58:42","guid":{"rendered":"https:\/\/www.iec2024.ec\/aci-prensa-inician-en-quito-el-ano-de-la-eucaristia-de-cara-a-congreso-internacional-de-2024\/"},"modified":"2023-10-19T16:53:01","modified_gmt":"2023-10-19T21:53:01","slug":"aci-prensa-inician-en-quito-el-ano-de-la-eucaristia-de-cara-a-congreso-internacional-de-2024","status":"publish","type":"post","link":"https:\/\/www.iec2024.ec\/it\/aci-prensa-inician-en-quito-el-ano-de-la-eucaristia-de-cara-a-congreso-internacional-de-2024\/","title":{"rendered":"ACI PRENSA &#8211; Inizia a Quito l\u2019Anno dell\u2019Eucaristia in vista del congresso internazionale del 2024."},"content":{"rendered":"<div class=\"container wide\">\n<div class=\"row\">\n<div class=\"col content m-auto\">\n<div class=\"post-image\">Di <a href=\"https:\/\/www.aciprensa.com\/autor\/4\/eduardo-berdejo\">Eduardo Berdejo<\/a><\/div>\n<\/div>\n<\/div>\n<\/div>\n<div data-io-article-url=\"https:\/\/www.aciprensa.com\/noticias\/101036\/arzobispo-de-quito-da-inicio-al-ano-de-la-eucaristia-de-cara-a-congreso-internacional\">\n<div class=\"container wide\">\n<div class=\"row\">\n<div class=\"col post-content content\">\n<p class=\"post-info\">9 settembre 2023\/14:36<\/p>\n<p>Venerd\u00ec 8 settembre, l&#8217;Arcivescovo di Quito (Ecuador), Mons. Alfredo Jos\u00e9 Espinoza, ha iniziato l&#8217;Anno dell&#8217;Eucaristia, che culminer\u00e0 il 15 settembre 2024 con la Messa di chiusura del Congresso Eucaristico Internazionale (IEC 2024, nel suo acronimo in inglese).<\/p>\n<p>Dall\u20198 al 15 settembre 2024, Quito ospiter\u00e0 il 53\u00b0 Congresso Eucaristico Internazionale con il motto \u201cFraternit\u00e0 per guarire il mondo\u201d. Papa Francesco ha scelto la capitale ecuadoriana tenendo conto che l&#8217;anno prossimo ricorrer\u00e0 il 150\u00b0 anniversario della consacrazione del Paese al Sacro Cuore di Ges\u00f9.<\/p>\n<p>Cos\u00ec, nell&#8217;ambito del cammino verso il congresso internazionale, mons. Espinoza ha presentato ieri il <u>Documento Base<\/u> che \u201cgli dar\u00e0 fondamento teologico, pastorale e missionario\u201d, riferisce in un comunicato la Sala Stampa della CEI 2024.<\/p>\n<p>\u201cQuesto atto \u2013 per decreto dell&#8217;arcivescovo di Quito \u2013 segna l&#8217;inizio dell&#8217;Anno dell&#8217;Eucaristia\u201d, aggiunge.<\/p>\n<p>Nel corso dell\u2019evento, mons. Alfredo Espinoza ha ringraziato il Pontificio Comitato per i Congressi Eucaristici e la Commissione Teologica per aver preparato questo documento \u201cche servir\u00e0 da spunto per tracciare un cammino preparatorio verso questo grande evento ecclesiale\u201d.<\/p>\n<p>Da parte sua, Mons. David de la Torre, Vescovo ausiliare di Quito e presidente della Commissione Teologica, ha ricordato che il motto dell&#8217;evento \u00e8 stato scelto da Papa Francesco, che \u00e8 in diretta relazione con l&#8217;enciclica Fratelli tutti.<\/p>\n<p>Ieri sono stati presentati anche il sito ufficiale e i social della CEI 2024, attraverso i quali i fedeli potranno informarsi sullo stato di avanzamento dei preparativi del Congresso eucaristico internazionale.<\/p>\n<p>La Sala Stampa informa che dall&#8217;11 al 15 settembre 2023 si svolger\u00e0 l&#8217;Assemblea Plenaria, alla quale \u201cparteciperanno anche rappresentanti delle conferenze episcopali del mondo e membri del Pontificio Comitato per la Congressi Eucaristici.<\/p>\n<p>Tratto da:<\/p>\n<p><span style=\"color: #333399;\">https\/\/www.aciprensa.com\/noticias\/101036\/arzobispo-de-quito-da-inicio-al-ano-de-la-eucaristia-de-cara-a-congreso-internacional<\/span><\/p>\n<\/div>\n<\/div>\n<div class=\"row\">\n<div class=\"col content post-content\">\n<p>&nbsp;<\/p>\n<\/div>\n<\/div>\n<\/div>\n<\/div>\n","protected":false},"excerpt":{"rendered":"<p>Di Eduardo Berdejo 9 settembre 2023\/14:36 Venerd\u00ec 8 settembre, l&#8217;Arcivescovo di Quito (Ecuador), Mons. Alfredo Jos\u00e9 Espinoza, ha iniziato l&#8217;Anno dell&#8217;Eucaristia, che culminer\u00e0 il 15 settembre 2024 con la Messa di chiusura del Congresso Eucaristico Internazionale (IEC 2024, nel suo acronimo in inglese). Dall\u20198 al 15 settembre 2024, Quito ospiter\u00e0 il 53\u00b0 Congresso Eucaristico Internazionale [&hellip;]<\/p>\n","protected":false},"author":2,"featured_media":6677,"comment_status":"open","ping_status":"open","sticky":false,"template":"","format":"standard","meta":{"footnotes":""},"categories":[119],"tags":[],"acf":[],"yoast_head":"<!-- This site is optimized with the Yoast SEO plugin v21.1 - https:\/\/yoast.com\/wordpress\/plugins\/seo\/ -->\n<title>ACI PRENSA - Inizia a Quito l\u2019Anno dell\u2019Eucaristia in vista del congresso internazionale del 2024. - IEC 2024<\/title>\n<meta name=\"robots\" content=\"index, follow, max-snippet:-1, max-image-preview:large, max-video-preview:-1\" \/>\n<link rel=\"canonical\" href=\"https:\/\/www.iec2024.ec\/it\/aci-prensa-inician-en-quito-el-ano-de-la-eucaristia-de-cara-a-congreso-internacional-de-2024\/\" \/>\n<meta property=\"og:locale\" content=\"it_IT\" \/>\n<meta property=\"og:type\" content=\"article\" \/>\n<meta property=\"og:title\" content=\"ACI PRENSA - Inizia a Quito l\u2019Anno dell\u2019Eucaristia in vista del congresso internazionale del 2024. - IEC 2024\" \/>\n<meta property=\"og:description\" content=\"Di Eduardo Berdejo 9 settembre 2023\/14:36 Venerd\u00ec 8 settembre, l&#8217;Arcivescovo di Quito (Ecuador), Mons. Alfredo Jos\u00e9 Espinoza, ha iniziato l&#8217;Anno dell&#8217;Eucaristia, che culminer\u00e0 il 15 settembre 2024 con la Messa di chiusura del Congresso Eucaristico Internazionale (IEC 2024, nel suo acronimo in inglese). Dall\u20198 al 15 settembre 2024, Quito ospiter\u00e0 il 53\u00b0 Congresso Eucaristico Internazionale [&hellip;]\" \/>\n<meta property=\"og:url\" content=\"https:\/\/www.iec2024.ec\/it\/aci-prensa-inician-en-quito-el-ano-de-la-eucaristia-de-cara-a-congreso-internacional-de-2024\/\" \/>\n<meta property=\"og:site_name\" content=\"IEC 2024\" \/>\n<meta property=\"article:published_time\" content=\"2023-09-19T14:58:42+00:00\" \/>\n<meta property=\"article:modified_time\" content=\"2023-10-19T21:53:01+00:00\" \/>\n<meta property=\"og:image\" content=\"https:\/\/www.iec2024.ec\/wp-content\/uploads\/2023\/09\/IMG_4155-scaled.jpg\" \/>\n\t<meta property=\"og:image:width\" content=\"2560\" \/>\n\t<meta property=\"og:image:height\" content=\"1707\" \/>\n\t<meta property=\"og:image:type\" content=\"image\/jpeg\" \/>\n<meta name=\"author\" content=\"Secretario T\u00e9cnico\" \/>\n<meta name=\"twitter:card\" content=\"summary_large_image\" \/>\n<meta name=\"twitter:label1\" content=\"Scritto da\" \/>\n\t<meta name=\"twitter:data1\" content=\"Secretario T\u00e9cnico\" \/>\n\t<meta name=\"twitter:label2\" content=\"Tempo di lettura stimato\" \/>\n\t<meta name=\"twitter:data2\" content=\"2 minuti\" \/>\n<script type=\"application\/ld+json\" class=\"yoast-schema-graph\">{\"@context\":\"https:\/\/schema.org\",\"@graph\":[{\"@type\":\"Article\",\"@id\":\"https:\/\/www.iec2024.ec\/it\/aci-prensa-inician-en-quito-el-ano-de-la-eucaristia-de-cara-a-congreso-internacional-de-2024\/#article\",\"isPartOf\":{\"@id\":\"https:\/\/www.iec2024.ec\/it\/aci-prensa-inician-en-quito-el-ano-de-la-eucaristia-de-cara-a-congreso-internacional-de-2024\/\"},\"author\":{\"name\":\"Secretario T\u00e9cnico\",\"@id\":\"https:\/\/www.iec2024.ec\/it\/#\/schema\/person\/7dc46e27a804fe39ba34935ca5284fe2\"},\"headline\":\"ACI PRENSA &#8211; Inizia a Quito l\u2019Anno dell\u2019Eucaristia in vista del congresso internazionale del 2024.\",\"datePublished\":\"2023-09-19T14:58:42+00:00\",\"dateModified\":\"2023-10-19T21:53:01+00:00\",\"mainEntityOfPage\":{\"@id\":\"https:\/\/www.iec2024.ec\/it\/aci-prensa-inician-en-quito-el-ano-de-la-eucaristia-de-cara-a-congreso-internacional-de-2024\/\"},\"wordCount\":284,\"commentCount\":0,\"publisher\":{\"@id\":\"https:\/\/www.iec2024.ec\/it\/#organization\"},\"articleSection\":[\"Notas de Prensa\"],\"inLanguage\":\"it-IT\",\"potentialAction\":[{\"@type\":\"CommentAction\",\"name\":\"Comment\",\"target\":[\"https:\/\/www.iec2024.ec\/it\/aci-prensa-inician-en-quito-el-ano-de-la-eucaristia-de-cara-a-congreso-internacional-de-2024\/#respond\"]}]},{\"@type\":\"WebPage\",\"@id\":\"https:\/\/www.iec2024.ec\/it\/aci-prensa-inician-en-quito-el-ano-de-la-eucaristia-de-cara-a-congreso-internacional-de-2024\/\",\"url\":\"https:\/\/www.iec2024.ec\/it\/aci-prensa-inician-en-quito-el-ano-de-la-eucaristia-de-cara-a-congreso-internacional-de-2024\/\",\"name\":\"ACI PRENSA - Inizia a Quito l\u2019Anno dell\u2019Eucaristia in vista del congresso internazionale del 2024. - IEC 2024\",\"isPartOf\":{\"@id\":\"https:\/\/www.iec2024.ec\/it\/#website\"},\"datePublished\":\"2023-09-19T14:58:42+00:00\",\"dateModified\":\"2023-10-19T21:53:01+00:00\",\"breadcrumb\":{\"@id\":\"https:\/\/www.iec2024.ec\/it\/aci-prensa-inician-en-quito-el-ano-de-la-eucaristia-de-cara-a-congreso-internacional-de-2024\/#breadcrumb\"},\"inLanguage\":\"it-IT\",\"potentialAction\":[{\"@type\":\"ReadAction\",\"target\":[\"https:\/\/www.iec2024.ec\/it\/aci-prensa-inician-en-quito-el-ano-de-la-eucaristia-de-cara-a-congreso-internacional-de-2024\/\"]}]},{\"@type\":\"BreadcrumbList\",\"@id\":\"https:\/\/www.iec2024.ec\/it\/aci-prensa-inician-en-quito-el-ano-de-la-eucaristia-de-cara-a-congreso-internacional-de-2024\/#breadcrumb\",\"itemListElement\":[{\"@type\":\"ListItem\",\"position\":1,\"name\":\"Portada\",\"item\":\"https:\/\/www.iec2024.ec\/it\/\"},{\"@type\":\"ListItem\",\"position\":2,\"name\":\"ACI PRENSA &#8211; Inizia a Quito l\u2019Anno dell\u2019Eucaristia in vista del congresso internazionale del 2024.\"}]},{\"@type\":\"WebSite\",\"@id\":\"https:\/\/www.iec2024.ec\/it\/#website\",\"url\":\"https:\/\/www.iec2024.ec\/it\/\",\"name\":\"IEC 2024\",\"description\":\"\",\"publisher\":{\"@id\":\"https:\/\/www.iec2024.ec\/it\/#organization\"},\"potentialAction\":[{\"@type\":\"SearchAction\",\"target\":{\"@type\":\"EntryPoint\",\"urlTemplate\":\"https:\/\/www.iec2024.ec\/it\/?s={search_term_string}\"},\"query-input\":\"required name=search_term_string\"}],\"inLanguage\":\"it-IT\"},{\"@type\":\"Organization\",\"@id\":\"https:\/\/www.iec2024.ec\/it\/#organization\",\"name\":\"IEC 2024\",\"url\":\"https:\/\/www.iec2024.ec\/it\/\",\"logo\":{\"@type\":\"ImageObject\",\"inLanguage\":\"it-IT\",\"@id\":\"https:\/\/www.iec2024.ec\/it\/#\/schema\/logo\/image\/\",\"url\":\"https:\/\/www.iec2024.ec\/wp-content\/uploads\/2024\/01\/cropped-logo-2024.png\",\"contentUrl\":\"https:\/\/www.iec2024.ec\/wp-content\/uploads\/2024\/01\/cropped-logo-2024.png\",\"width\":1277,\"height\":332,\"caption\":\"IEC 2024\"},\"image\":{\"@id\":\"https:\/\/www.iec2024.ec\/it\/#\/schema\/logo\/image\/\"}},{\"@type\":\"Person\",\"@id\":\"https:\/\/www.iec2024.ec\/it\/#\/schema\/person\/7dc46e27a804fe39ba34935ca5284fe2\",\"name\":\"Secretario T\u00e9cnico\",\"image\":{\"@type\":\"ImageObject\",\"inLanguage\":\"it-IT\",\"@id\":\"https:\/\/www.iec2024.ec\/it\/#\/schema\/person\/image\/\",\"url\":\"https:\/\/secure.gravatar.com\/avatar\/67808a21710148ea0645bc85e43e21b6?s=96&d=mm&r=g\",\"contentUrl\":\"https:\/\/secure.gravatar.com\/avatar\/67808a21710148ea0645bc85e43e21b6?s=96&d=mm&r=g\",\"caption\":\"Secretario T\u00e9cnico\"},\"url\":\"https:\/\/www.iec2024.ec\/it\/author\/4dm1ns3cr3t4r10\/\"}]}<\/script>\n<!-- \/ Yoast SEO plugin. -->","yoast_head_json":{"title":"ACI PRENSA - Inizia a Quito l\u2019Anno dell\u2019Eucaristia in vista del congresso internazionale del 2024. - IEC 2024","robots":{"index":"index","follow":"follow","max-snippet":"max-snippet:-1","max-image-preview":"max-image-preview:large","max-video-preview":"max-video-preview:-1"},"canonical":"https:\/\/www.iec2024.ec\/it\/aci-prensa-inician-en-quito-el-ano-de-la-eucaristia-de-cara-a-congreso-internacional-de-2024\/","og_locale":"it_IT","og_type":"article","og_title":"ACI PRENSA - Inizia a Quito l\u2019Anno dell\u2019Eucaristia in vista del congresso internazionale del 2024. - IEC 2024","og_description":"Di Eduardo Berdejo 9 settembre 2023\/14:36 Venerd\u00ec 8 settembre, l&#8217;Arcivescovo di Quito (Ecuador), Mons. Alfredo Jos\u00e9 Espinoza, ha iniziato l&#8217;Anno dell&#8217;Eucaristia, che culminer\u00e0 il 15 settembre 2024 con la Messa di chiusura del Congresso Eucaristico Internazionale (IEC 2024, nel suo acronimo in inglese). Dall\u20198 al 15 settembre 2024, Quito ospiter\u00e0 il 53\u00b0 Congresso Eucaristico Internazionale [&hellip;]","og_url":"https:\/\/www.iec2024.ec\/it\/aci-prensa-inician-en-quito-el-ano-de-la-eucaristia-de-cara-a-congreso-internacional-de-2024\/","og_site_name":"IEC 2024","article_published_time":"2023-09-19T14:58:42+00:00","article_modified_time":"2023-10-19T21:53:01+00:00","og_image":[{"width":2560,"height":1707,"url":"https:\/\/www.iec2024.ec\/wp-content\/uploads\/2023\/09\/IMG_4155-scaled.jpg","type":"image\/jpeg"}],"author":"Secretario T\u00e9cnico","twitter_card":"summary_large_image","twitter_misc":{"Scritto da":"Secretario T\u00e9cnico","Tempo di lettura stimato":"2 minuti"},"schema":{"@context":"https:\/\/schema.org","@graph":[{"@type":"Article","@id":"https:\/\/www.iec2024.ec\/it\/aci-prensa-inician-en-quito-el-ano-de-la-eucaristia-de-cara-a-congreso-internacional-de-2024\/#article","isPartOf":{"@id":"https:\/\/www.iec2024.ec\/it\/aci-prensa-inician-en-quito-el-ano-de-la-eucaristia-de-cara-a-congreso-internacional-de-2024\/"},"author":{"name":"Secretario T\u00e9cnico","@id":"https:\/\/www.iec2024.ec\/it\/#\/schema\/person\/7dc46e27a804fe39ba34935ca5284fe2"},"headline":"ACI PRENSA &#8211; Inizia a Quito l\u2019Anno dell\u2019Eucaristia in vista del congresso internazionale del 2024.","datePublished":"2023-09-19T14:58:42+00:00","dateModified":"2023-10-19T21:53:01+00:00","mainEntityOfPage":{"@id":"https:\/\/www.iec2024.ec\/it\/aci-prensa-inician-en-quito-el-ano-de-la-eucaristia-de-cara-a-congreso-internacional-de-2024\/"},"wordCount":284,"commentCount":0,"publisher":{"@id":"https:\/\/www.iec2024.ec\/it\/#organization"},"articleSection":["Notas de Prensa"],"inLanguage":"it-IT","potentialAction":[{"@type":"CommentAction","name":"Comment","target":["https:\/\/www.iec2024.ec\/it\/aci-prensa-inician-en-quito-el-ano-de-la-eucaristia-de-cara-a-congreso-internacional-de-2024\/#respond"]}]},{"@type":"WebPage","@id":"https:\/\/www.iec2024.ec\/it\/aci-prensa-inician-en-quito-el-ano-de-la-eucaristia-de-cara-a-congreso-internacional-de-2024\/","url":"https:\/\/www.iec2024.ec\/it\/aci-prensa-inician-en-quito-el-ano-de-la-eucaristia-de-cara-a-congreso-internacional-de-2024\/","name":"ACI PRENSA - Inizia a Quito l\u2019Anno dell\u2019Eucaristia in vista del congresso internazionale del 2024. - IEC 2024","isPartOf":{"@id":"https:\/\/www.iec2024.ec\/it\/#website"},"datePublished":"2023-09-19T14:58:42+00:00","dateModified":"2023-10-19T21:53:01+00:00","breadcrumb":{"@id":"https:\/\/www.iec2024.ec\/it\/aci-prensa-inician-en-quito-el-ano-de-la-eucaristia-de-cara-a-congreso-internacional-de-2024\/#breadcrumb"},"inLanguage":"it-IT","potentialAction":[{"@type":"ReadAction","target":["https:\/\/www.iec2024.ec\/it\/aci-prensa-inician-en-quito-el-ano-de-la-eucaristia-de-cara-a-congreso-internacional-de-2024\/"]}]},{"@type":"BreadcrumbList","@id":"https:\/\/www.iec2024.ec\/it\/aci-prensa-inician-en-quito-el-ano-de-la-eucaristia-de-cara-a-congreso-internacional-de-2024\/#breadcrumb","itemListElement":[{"@type":"ListItem","position":1,"name":"Portada","item":"https:\/\/www.iec2024.ec\/it\/"},{"@type":"ListItem","position":2,"name":"ACI PRENSA &#8211; Inizia a Quito l\u2019Anno dell\u2019Eucaristia in vista del congresso internazionale del 2024."}]},{"@type":"WebSite","@id":"https:\/\/www.iec2024.ec\/it\/#website","url":"https:\/\/www.iec2024.ec\/it\/","name":"IEC 2024","description":"","publisher":{"@id":"https:\/\/www.iec2024.ec\/it\/#organization"},"potentialAction":[{"@type":"SearchAction","target":{"@type":"EntryPoint","urlTemplate":"https:\/\/www.iec2024.ec\/it\/?s={search_term_string}"},"query-input":"required name=search_term_string"}],"inLanguage":"it-IT"},{"@type":"Organization","@id":"https:\/\/www.iec2024.ec\/it\/#organization","name":"IEC 2024","url":"https:\/\/www.iec2024.ec\/it\/","logo":{"@type":"ImageObject","inLanguage":"it-IT","@id":"https:\/\/www.iec2024.ec\/it\/#\/schema\/logo\/image\/","url":"https:\/\/www.iec2024.ec\/wp-content\/uploads\/2024\/01\/cropped-logo-2024.png","contentUrl":"https:\/\/www.iec2024.ec\/wp-content\/uploads\/2024\/01\/cropped-logo-2024.png","width":1277,"height":332,"caption":"IEC 2024"},"image":{"@id":"https:\/\/www.iec2024.ec\/it\/#\/schema\/logo\/image\/"}},{"@type":"Person","@id":"https:\/\/www.iec2024.ec\/it\/#\/schema\/person\/7dc46e27a804fe39ba34935ca5284fe2","name":"Secretario T\u00e9cnico","image":{"@type":"ImageObject","inLanguage":"it-IT","@id":"https:\/\/www.iec2024.ec\/it\/#\/schema\/person\/image\/","url":"https:\/\/secure.gravatar.com\/avatar\/67808a21710148ea0645bc85e43e21b6?s=96&d=mm&r=g","contentUrl":"https:\/\/secure.gravatar.com\/avatar\/67808a21710148ea0645bc85e43e21b6?s=96&d=mm&r=g","caption":"Secretario T\u00e9cnico"},"url":"https:\/\/www.iec2024.ec\/it\/author\/4dm1ns3cr3t4r10\/"}]}},"_links":{"self":[{"href":"https:\/\/www.iec2024.ec\/it\/wp-json\/wp\/v2\/posts\/7418"}],"collection":[{"href":"https:\/\/www.iec2024.ec\/it\/wp-json\/wp\/v2\/posts"}],"about":[{"href":"https:\/\/www.iec2024.ec\/it\/wp-json\/wp\/v2\/types\/post"}],"author":[{"embeddable":true,"href":"https:\/\/www.iec2024.ec\/it\/wp-json\/wp\/v2\/users\/2"}],"replies":[{"embeddable":true,"href":"https:\/\/www.iec2024.ec\/it\/wp-json\/wp\/v2\/comments?post=7418"}],"version-history":[{"count":3,"href":"https:\/\/www.iec2024.ec\/it\/wp-json\/wp\/v2\/posts\/7418\/revisions"}],"predecessor-version":[{"id":7875,"href":"https:\/\/www.iec2024.ec\/it\/wp-json\/wp\/v2\/posts\/7418\/revisions\/7875"}],"wp:featuredmedia":[{"embeddable":true,"href":"https:\/\/www.iec2024.ec\/it\/wp-json\/wp\/v2\/media\/6677"}],"wp:attachment":[{"href":"https:\/\/www.iec2024.ec\/it\/wp-json\/wp\/v2\/media?parent=7418"}],"wp:term":[{"taxonomy":"category","embeddable":true,"href":"https:\/\/www.iec2024.ec\/it\/wp-json\/wp\/v2\/categories?post=7418"},{"taxonomy":"post_tag","embeddable":true,"href":"https:\/\/www.iec2024.ec\/it\/wp-json\/wp\/v2\/tags?post=7418"}],"curies":[{"name":"wp","href":"https:\/\/api.w.org\/{rel}","templated":true}]}}