{"id":7963,"date":"2023-10-23T15:34:53","date_gmt":"2023-10-23T20:34:53","guid":{"rendered":"https:\/\/www.iec2024.ec\/adma-vive-su-xii-congreso-nacional-inspirado-en-el-iec-2024\/"},"modified":"2023-10-24T11:25:06","modified_gmt":"2023-10-24T16:25:06","slug":"adma-vive-su-xii-congreso-nacional-inspirado-en-el-iec-2024","status":"publish","type":"post","link":"https:\/\/www.iec2024.ec\/it\/adma-vive-su-xii-congreso-nacional-inspirado-en-el-iec-2024\/","title":{"rendered":"Congresso Nazionale dell&#8217;ADMA: Impegno Ecclesiale e Spirituale nella citt\u00e0 di Quito."},"content":{"rendered":"<p>Dal 20 al 23 ottobre 2023, la Casa di Spiritualit\u00e0 Mar\u00eda Auxiliadora, nella citt\u00e0 di Quito \u2013 Cumbay\u00e1, \u00e8 stata testimone di un evento ecclesiale di grande rilevanza. Il Secondo Congresso Nazionale dell&#8217;ADMA (Associazione Devoti di Maria Ausiliatrice) ha riunito 50 partecipanti in un incontro ricco di spiritualit\u00e0 e impegno.<\/p>\n<p>Nel corso di questo significativo evento, padre Juan Carlos Garz\u00f3n, segretario del 53\u00b0 Congresso Eucaristico Internazionale (IEC 2024), ha presentato aspetti cruciali legati alla preparazione di questo importante incontro ecclesiale che avr\u00e0 luogo prossimamente. Sono state condivise informazioni su IEC 2024 come la pagina ufficiale (https:\/\/www.iec2024.ec\/); i social network associati, nonch\u00e9 programmi radiofonici e diverse piattaforme digitali che forniscono ai partecipanti e al grande pubblico l&#8217;accesso a contenuti aggiornati sugli eventi in programma, nonch\u00e9 materiale in preparazione al Congresso Eucaristico Internazionale.<\/p>\n<p>Inoltre, si \u00e8 fatto enfasi sull&#8217;importanza di utilizzare questi strumenti per rimanere informati e partecipare attivamente al Congresso, evidenziando i sussidi disponibili per coloro che desiderano approfondire la conoscenza dell&#8217;Eucaristia e del suo significato nella Chiesa e nella societ\u00e0 di oggi.<\/p>\n<p>Dopo la presentazione si \u00e8 svolta una breve formazione sul tema \u201cMaria, Donna ed Eucaristia\u201d. Durante questo intervento ha spiegato il profondo rapporto della Vergine Maria con la Chiesa e l&#8217;Eucaristia, sottolineando come Maria sia presente nella Chiesa come madre. Questa riflessione ha arricchito la spiritualit\u00e0 dei partecipanti e approfondito la loro comprensione della figura di Maria nella fede cattolica.<\/p>\n<p>Il Secondo Congresso Nazionale dell&#8217;ADMA a Quito \u00e8 diventato uno spazio di apprendimento, spiritualit\u00e0 e unione, dove i fedeli si sono preparati a partecipare in modo significativo alla CEI 2024, che si avvicina come un evento di grande importanza\u00a0per\u00a0la\u00a0Chiesa.<\/p>\n","protected":false},"excerpt":{"rendered":"<p>Dal 20 al 23 ottobre 2023, la Casa di Spiritualit\u00e0 Mar\u00eda Auxiliadora, nella citt\u00e0 di Quito \u2013 Cumbay\u00e1, \u00e8 stata testimone di un evento ecclesiale di grande rilevanza. Il Secondo Congresso Nazionale dell&#8217;ADMA (Associazione Devoti di Maria Ausiliatrice) ha riunito 50 partecipanti in un incontro ricco di spiritualit\u00e0 e impegno. Nel corso di questo significativo [&hellip;]<\/p>\n","protected":false},"author":2,"featured_media":7942,"comment_status":"open","ping_status":"open","sticky":false,"template":"","format":"standard","meta":{"footnotes":""},"categories":[34],"tags":[],"acf":[],"yoast_head":"<!-- This site is optimized with the Yoast SEO plugin v21.1 - https:\/\/yoast.com\/wordpress\/plugins\/seo\/ -->\n<title>Congresso Nazionale dell&#039;ADMA: Impegno Ecclesiale e Spirituale nella citt\u00e0 di Quito. - IEC 2024<\/title>\n<meta name=\"robots\" content=\"index, follow, max-snippet:-1, max-image-preview:large, max-video-preview:-1\" \/>\n<link rel=\"canonical\" href=\"https:\/\/www.iec2024.ec\/it\/adma-vive-su-xii-congreso-nacional-inspirado-en-el-iec-2024\/\" \/>\n<meta property=\"og:locale\" content=\"it_IT\" \/>\n<meta property=\"og:type\" content=\"article\" \/>\n<meta property=\"og:title\" content=\"Congresso Nazionale dell&#039;ADMA: Impegno Ecclesiale e Spirituale nella citt\u00e0 di Quito. - IEC 2024\" \/>\n<meta property=\"og:description\" content=\"Dal 20 al 23 ottobre 2023, la Casa di Spiritualit\u00e0 Mar\u00eda Auxiliadora, nella citt\u00e0 di Quito \u2013 Cumbay\u00e1, \u00e8 stata testimone di un evento ecclesiale di grande rilevanza. Il Secondo Congresso Nazionale dell&#8217;ADMA (Associazione Devoti di Maria Ausiliatrice) ha riunito 50 partecipanti in un incontro ricco di spiritualit\u00e0 e impegno. Nel corso di questo significativo [&hellip;]\" \/>\n<meta property=\"og:url\" content=\"https:\/\/www.iec2024.ec\/it\/adma-vive-su-xii-congreso-nacional-inspirado-en-el-iec-2024\/\" \/>\n<meta property=\"og:site_name\" content=\"IEC 2024\" \/>\n<meta property=\"article:published_time\" content=\"2023-10-23T20:34:53+00:00\" \/>\n<meta property=\"article:modified_time\" content=\"2023-10-24T16:25:06+00:00\" \/>\n<meta property=\"og:image\" content=\"https:\/\/www.iec2024.ec\/wp-content\/uploads\/2023\/10\/IMG_20231021_120318-scaled.jpg\" \/>\n\t<meta property=\"og:image:width\" content=\"2560\" \/>\n\t<meta property=\"og:image:height\" content=\"1920\" \/>\n\t<meta property=\"og:image:type\" content=\"image\/jpeg\" \/>\n<meta name=\"author\" content=\"Secretario T\u00e9cnico\" \/>\n<meta name=\"twitter:card\" content=\"summary_large_image\" \/>\n<meta name=\"twitter:label1\" content=\"Scritto da\" \/>\n\t<meta name=\"twitter:data1\" content=\"Secretario T\u00e9cnico\" \/>\n\t<meta name=\"twitter:label2\" content=\"Tempo di lettura stimato\" \/>\n\t<meta name=\"twitter:data2\" content=\"2 minuti\" \/>\n<script type=\"application\/ld+json\" class=\"yoast-schema-graph\">{\"@context\":\"https:\/\/schema.org\",\"@graph\":[{\"@type\":\"Article\",\"@id\":\"https:\/\/www.iec2024.ec\/it\/adma-vive-su-xii-congreso-nacional-inspirado-en-el-iec-2024\/#article\",\"isPartOf\":{\"@id\":\"https:\/\/www.iec2024.ec\/it\/adma-vive-su-xii-congreso-nacional-inspirado-en-el-iec-2024\/\"},\"author\":{\"name\":\"Secretario T\u00e9cnico\",\"@id\":\"https:\/\/www.iec2024.ec\/it\/#\/schema\/person\/7dc46e27a804fe39ba34935ca5284fe2\"},\"headline\":\"Congresso Nazionale dell&#8217;ADMA: Impegno Ecclesiale e Spirituale nella citt\u00e0 di Quito.\",\"datePublished\":\"2023-10-23T20:34:53+00:00\",\"dateModified\":\"2023-10-24T16:25:06+00:00\",\"mainEntityOfPage\":{\"@id\":\"https:\/\/www.iec2024.ec\/it\/adma-vive-su-xii-congreso-nacional-inspirado-en-el-iec-2024\/\"},\"wordCount\":277,\"commentCount\":0,\"publisher\":{\"@id\":\"https:\/\/www.iec2024.ec\/it\/#organization\"},\"articleSection\":[\"Notizia\"],\"inLanguage\":\"it-IT\",\"potentialAction\":[{\"@type\":\"CommentAction\",\"name\":\"Comment\",\"target\":[\"https:\/\/www.iec2024.ec\/it\/adma-vive-su-xii-congreso-nacional-inspirado-en-el-iec-2024\/#respond\"]}]},{\"@type\":\"WebPage\",\"@id\":\"https:\/\/www.iec2024.ec\/it\/adma-vive-su-xii-congreso-nacional-inspirado-en-el-iec-2024\/\",\"url\":\"https:\/\/www.iec2024.ec\/it\/adma-vive-su-xii-congreso-nacional-inspirado-en-el-iec-2024\/\",\"name\":\"Congresso Nazionale dell'ADMA: Impegno Ecclesiale e Spirituale nella citt\u00e0 di Quito. - IEC 2024\",\"isPartOf\":{\"@id\":\"https:\/\/www.iec2024.ec\/it\/#website\"},\"datePublished\":\"2023-10-23T20:34:53+00:00\",\"dateModified\":\"2023-10-24T16:25:06+00:00\",\"breadcrumb\":{\"@id\":\"https:\/\/www.iec2024.ec\/it\/adma-vive-su-xii-congreso-nacional-inspirado-en-el-iec-2024\/#breadcrumb\"},\"inLanguage\":\"it-IT\",\"potentialAction\":[{\"@type\":\"ReadAction\",\"target\":[\"https:\/\/www.iec2024.ec\/it\/adma-vive-su-xii-congreso-nacional-inspirado-en-el-iec-2024\/\"]}]},{\"@type\":\"BreadcrumbList\",\"@id\":\"https:\/\/www.iec2024.ec\/it\/adma-vive-su-xii-congreso-nacional-inspirado-en-el-iec-2024\/#breadcrumb\",\"itemListElement\":[{\"@type\":\"ListItem\",\"position\":1,\"name\":\"Portada\",\"item\":\"https:\/\/www.iec2024.ec\/it\/\"},{\"@type\":\"ListItem\",\"position\":2,\"name\":\"Congresso Nazionale dell&#8217;ADMA: Impegno Ecclesiale e Spirituale nella citt\u00e0 di Quito.\"}]},{\"@type\":\"WebSite\",\"@id\":\"https:\/\/www.iec2024.ec\/it\/#website\",\"url\":\"https:\/\/www.iec2024.ec\/it\/\",\"name\":\"IEC 2024\",\"description\":\"\",\"publisher\":{\"@id\":\"https:\/\/www.iec2024.ec\/it\/#organization\"},\"potentialAction\":[{\"@type\":\"SearchAction\",\"target\":{\"@type\":\"EntryPoint\",\"urlTemplate\":\"https:\/\/www.iec2024.ec\/it\/?s={search_term_string}\"},\"query-input\":\"required name=search_term_string\"}],\"inLanguage\":\"it-IT\"},{\"@type\":\"Organization\",\"@id\":\"https:\/\/www.iec2024.ec\/it\/#organization\",\"name\":\"IEC 2024\",\"url\":\"https:\/\/www.iec2024.ec\/it\/\",\"logo\":{\"@type\":\"ImageObject\",\"inLanguage\":\"it-IT\",\"@id\":\"https:\/\/www.iec2024.ec\/it\/#\/schema\/logo\/image\/\",\"url\":\"https:\/\/www.iec2024.ec\/wp-content\/uploads\/2024\/01\/cropped-logo-2024.png\",\"contentUrl\":\"https:\/\/www.iec2024.ec\/wp-content\/uploads\/2024\/01\/cropped-logo-2024.png\",\"width\":1277,\"height\":332,\"caption\":\"IEC 2024\"},\"image\":{\"@id\":\"https:\/\/www.iec2024.ec\/it\/#\/schema\/logo\/image\/\"}},{\"@type\":\"Person\",\"@id\":\"https:\/\/www.iec2024.ec\/it\/#\/schema\/person\/7dc46e27a804fe39ba34935ca5284fe2\",\"name\":\"Secretario T\u00e9cnico\",\"image\":{\"@type\":\"ImageObject\",\"inLanguage\":\"it-IT\",\"@id\":\"https:\/\/www.iec2024.ec\/it\/#\/schema\/person\/image\/\",\"url\":\"https:\/\/secure.gravatar.com\/avatar\/67808a21710148ea0645bc85e43e21b6?s=96&d=mm&r=g\",\"contentUrl\":\"https:\/\/secure.gravatar.com\/avatar\/67808a21710148ea0645bc85e43e21b6?s=96&d=mm&r=g\",\"caption\":\"Secretario T\u00e9cnico\"},\"url\":\"https:\/\/www.iec2024.ec\/it\/author\/4dm1ns3cr3t4r10\/\"}]}<\/script>\n<!-- \/ Yoast SEO plugin. -->","yoast_head_json":{"title":"Congresso Nazionale dell'ADMA: Impegno Ecclesiale e Spirituale nella citt\u00e0 di Quito. - IEC 2024","robots":{"index":"index","follow":"follow","max-snippet":"max-snippet:-1","max-image-preview":"max-image-preview:large","max-video-preview":"max-video-preview:-1"},"canonical":"https:\/\/www.iec2024.ec\/it\/adma-vive-su-xii-congreso-nacional-inspirado-en-el-iec-2024\/","og_locale":"it_IT","og_type":"article","og_title":"Congresso Nazionale dell'ADMA: Impegno Ecclesiale e Spirituale nella citt\u00e0 di Quito. - IEC 2024","og_description":"Dal 20 al 23 ottobre 2023, la Casa di Spiritualit\u00e0 Mar\u00eda Auxiliadora, nella citt\u00e0 di Quito \u2013 Cumbay\u00e1, \u00e8 stata testimone di un evento ecclesiale di grande rilevanza. Il Secondo Congresso Nazionale dell&#8217;ADMA (Associazione Devoti di Maria Ausiliatrice) ha riunito 50 partecipanti in un incontro ricco di spiritualit\u00e0 e impegno. Nel corso di questo significativo [&hellip;]","og_url":"https:\/\/www.iec2024.ec\/it\/adma-vive-su-xii-congreso-nacional-inspirado-en-el-iec-2024\/","og_site_name":"IEC 2024","article_published_time":"2023-10-23T20:34:53+00:00","article_modified_time":"2023-10-24T16:25:06+00:00","og_image":[{"width":2560,"height":1920,"url":"https:\/\/www.iec2024.ec\/wp-content\/uploads\/2023\/10\/IMG_20231021_120318-scaled.jpg","type":"image\/jpeg"}],"author":"Secretario T\u00e9cnico","twitter_card":"summary_large_image","twitter_misc":{"Scritto da":"Secretario T\u00e9cnico","Tempo di lettura stimato":"2 minuti"},"schema":{"@context":"https:\/\/schema.org","@graph":[{"@type":"Article","@id":"https:\/\/www.iec2024.ec\/it\/adma-vive-su-xii-congreso-nacional-inspirado-en-el-iec-2024\/#article","isPartOf":{"@id":"https:\/\/www.iec2024.ec\/it\/adma-vive-su-xii-congreso-nacional-inspirado-en-el-iec-2024\/"},"author":{"name":"Secretario T\u00e9cnico","@id":"https:\/\/www.iec2024.ec\/it\/#\/schema\/person\/7dc46e27a804fe39ba34935ca5284fe2"},"headline":"Congresso Nazionale dell&#8217;ADMA: Impegno Ecclesiale e Spirituale nella citt\u00e0 di Quito.","datePublished":"2023-10-23T20:34:53+00:00","dateModified":"2023-10-24T16:25:06+00:00","mainEntityOfPage":{"@id":"https:\/\/www.iec2024.ec\/it\/adma-vive-su-xii-congreso-nacional-inspirado-en-el-iec-2024\/"},"wordCount":277,"commentCount":0,"publisher":{"@id":"https:\/\/www.iec2024.ec\/it\/#organization"},"articleSection":["Notizia"],"inLanguage":"it-IT","potentialAction":[{"@type":"CommentAction","name":"Comment","target":["https:\/\/www.iec2024.ec\/it\/adma-vive-su-xii-congreso-nacional-inspirado-en-el-iec-2024\/#respond"]}]},{"@type":"WebPage","@id":"https:\/\/www.iec2024.ec\/it\/adma-vive-su-xii-congreso-nacional-inspirado-en-el-iec-2024\/","url":"https:\/\/www.iec2024.ec\/it\/adma-vive-su-xii-congreso-nacional-inspirado-en-el-iec-2024\/","name":"Congresso Nazionale dell'ADMA: Impegno Ecclesiale e Spirituale nella citt\u00e0 di Quito. - IEC 2024","isPartOf":{"@id":"https:\/\/www.iec2024.ec\/it\/#website"},"datePublished":"2023-10-23T20:34:53+00:00","dateModified":"2023-10-24T16:25:06+00:00","breadcrumb":{"@id":"https:\/\/www.iec2024.ec\/it\/adma-vive-su-xii-congreso-nacional-inspirado-en-el-iec-2024\/#breadcrumb"},"inLanguage":"it-IT","potentialAction":[{"@type":"ReadAction","target":["https:\/\/www.iec2024.ec\/it\/adma-vive-su-xii-congreso-nacional-inspirado-en-el-iec-2024\/"]}]},{"@type":"BreadcrumbList","@id":"https:\/\/www.iec2024.ec\/it\/adma-vive-su-xii-congreso-nacional-inspirado-en-el-iec-2024\/#breadcrumb","itemListElement":[{"@type":"ListItem","position":1,"name":"Portada","item":"https:\/\/www.iec2024.ec\/it\/"},{"@type":"ListItem","position":2,"name":"Congresso Nazionale dell&#8217;ADMA: Impegno Ecclesiale e Spirituale nella citt\u00e0 di Quito."}]},{"@type":"WebSite","@id":"https:\/\/www.iec2024.ec\/it\/#website","url":"https:\/\/www.iec2024.ec\/it\/","name":"IEC 2024","description":"","publisher":{"@id":"https:\/\/www.iec2024.ec\/it\/#organization"},"potentialAction":[{"@type":"SearchAction","target":{"@type":"EntryPoint","urlTemplate":"https:\/\/www.iec2024.ec\/it\/?s={search_term_string}"},"query-input":"required name=search_term_string"}],"inLanguage":"it-IT"},{"@type":"Organization","@id":"https:\/\/www.iec2024.ec\/it\/#organization","name":"IEC 2024","url":"https:\/\/www.iec2024.ec\/it\/","logo":{"@type":"ImageObject","inLanguage":"it-IT","@id":"https:\/\/www.iec2024.ec\/it\/#\/schema\/logo\/image\/","url":"https:\/\/www.iec2024.ec\/wp-content\/uploads\/2024\/01\/cropped-logo-2024.png","contentUrl":"https:\/\/www.iec2024.ec\/wp-content\/uploads\/2024\/01\/cropped-logo-2024.png","width":1277,"height":332,"caption":"IEC 2024"},"image":{"@id":"https:\/\/www.iec2024.ec\/it\/#\/schema\/logo\/image\/"}},{"@type":"Person","@id":"https:\/\/www.iec2024.ec\/it\/#\/schema\/person\/7dc46e27a804fe39ba34935ca5284fe2","name":"Secretario T\u00e9cnico","image":{"@type":"ImageObject","inLanguage":"it-IT","@id":"https:\/\/www.iec2024.ec\/it\/#\/schema\/person\/image\/","url":"https:\/\/secure.gravatar.com\/avatar\/67808a21710148ea0645bc85e43e21b6?s=96&d=mm&r=g","contentUrl":"https:\/\/secure.gravatar.com\/avatar\/67808a21710148ea0645bc85e43e21b6?s=96&d=mm&r=g","caption":"Secretario T\u00e9cnico"},"url":"https:\/\/www.iec2024.ec\/it\/author\/4dm1ns3cr3t4r10\/"}]}},"_links":{"self":[{"href":"https:\/\/www.iec2024.ec\/it\/wp-json\/wp\/v2\/posts\/7963"}],"collection":[{"href":"https:\/\/www.iec2024.ec\/it\/wp-json\/wp\/v2\/posts"}],"about":[{"href":"https:\/\/www.iec2024.ec\/it\/wp-json\/wp\/v2\/types\/post"}],"author":[{"embeddable":true,"href":"https:\/\/www.iec2024.ec\/it\/wp-json\/wp\/v2\/users\/2"}],"replies":[{"embeddable":true,"href":"https:\/\/www.iec2024.ec\/it\/wp-json\/wp\/v2\/comments?post=7963"}],"version-history":[{"count":5,"href":"https:\/\/www.iec2024.ec\/it\/wp-json\/wp\/v2\/posts\/7963\/revisions"}],"predecessor-version":[{"id":7979,"href":"https:\/\/www.iec2024.ec\/it\/wp-json\/wp\/v2\/posts\/7963\/revisions\/7979"}],"wp:featuredmedia":[{"embeddable":true,"href":"https:\/\/www.iec2024.ec\/it\/wp-json\/wp\/v2\/media\/7942"}],"wp:attachment":[{"href":"https:\/\/www.iec2024.ec\/it\/wp-json\/wp\/v2\/media?parent=7963"}],"wp:term":[{"taxonomy":"category","embeddable":true,"href":"https:\/\/www.iec2024.ec\/it\/wp-json\/wp\/v2\/categories?post=7963"},{"taxonomy":"post_tag","embeddable":true,"href":"https:\/\/www.iec2024.ec\/it\/wp-json\/wp\/v2\/tags?post=7963"}],"curies":[{"name":"wp","href":"https:\/\/api.w.org\/{rel}","templated":true}]}}