{"id":8567,"date":"2023-11-14T11:58:40","date_gmt":"2023-11-14T16:58:40","guid":{"rendered":"https:\/\/www.iec2024.ec\/la-asamblea-plenaria-del-episcopado-ecuatoriano-impulsa-el-camino-al-53-congreso-eucaristico-internacional\/"},"modified":"2023-11-14T12:08:46","modified_gmt":"2023-11-14T17:08:46","slug":"la-asamblea-plenaria-del-episcopado-ecuatoriano-impulsa-el-camino-al-53-congreso-eucaristico-internacional","status":"publish","type":"post","link":"https:\/\/www.iec2024.ec\/it\/la-asamblea-plenaria-del-episcopado-ecuatoriano-impulsa-el-camino-al-53-congreso-eucaristico-internacional\/","title":{"rendered":"La Asamblea Plenaria del Episcopado Ecuatoriano Impulsa el Camino al 53\u00b0 Congreso Eucar\u00edstico Internacional."},"content":{"rendered":"<p>Quito, 10 de noviembre.<\/p>\n<p>Durante la semana del 6 al 10 de noviembre del presente a\u00f1o, la 154\u00aa Asamblea Plenaria del Episcopado Ecuatoriano marc\u00f3 un hito significativo al reunir a las cabezas de las di\u00f3cesis de todo el pa\u00eds para discutir y reflexionar sobre asuntos cruciales que afectan a la Iglesia en Ecuador.<\/p>\n<p>El viernes, destac\u00f3 la presentaci\u00f3n de los avances del 53\u00b0 Congreso Eucar\u00edstico Internacional IEC 2024, un evento trascendental que ha capturado la atenci\u00f3n y el compromiso del Episcopado Ecuatoriano. Durante esta asamblea, los miembros recibieron informes detallados que ilustraron los progresos significativos alcanzados hasta el momento en la preparaci\u00f3n y organizaci\u00f3n del Congreso.<\/p>\n<p>La presentaci\u00f3n del estado actual del IEC 2024 no solo fue un informe informativo, sino tambi\u00e9n una oportunidad para la reflexi\u00f3n. Los presentes participaron activamente, discutiendo y proponiendo mejoras que contribuir\u00e1n a la consolidaci\u00f3n de un evento que fortalecer\u00e1 la fe de la comunidad cat\u00f3lica y dejar\u00e1 un impacto positivo duradero en la sociedad ecuatoriana.<\/p>\n<p>Este Congreso representar\u00e1 un hito significativo para la Iglesia en Ecuador, y el compromiso y apoyo continuo del Episcopado Ecuatoriano son esenciales. La Asamblea Plenaria del Episcopado Ecuatoriano reafirma su compromiso con la organizaci\u00f3n del IEC 2024 y su deseo de contribuir al crecimiento espiritual de los fieles. La colaboraci\u00f3n entre el Episcopado Ecuatoriano y la organizaci\u00f3n del Congreso demuestra la unidad y la determinaci\u00f3n de ofrecer a la comunidad cat\u00f3lica una experiencia enriquecedora y significativa.<\/p>\n","protected":false},"excerpt":{"rendered":"<p>Quito, 10 de noviembre. Durante la semana del 6 al 10 de noviembre del presente a\u00f1o, la 154\u00aa Asamblea Plenaria del Episcopado Ecuatoriano marc\u00f3 un hito significativo al reunir a las cabezas de las di\u00f3cesis de todo el pa\u00eds para discutir y reflexionar sobre asuntos cruciales que afectan a la Iglesia en Ecuador. El viernes, [&hellip;]<\/p>\n","protected":false},"author":2,"featured_media":8570,"comment_status":"open","ping_status":"open","sticky":false,"template":"","format":"standard","meta":{"footnotes":""},"categories":[34],"tags":[],"acf":[],"yoast_head":"<!-- This site is optimized with the Yoast SEO plugin v21.1 - https:\/\/yoast.com\/wordpress\/plugins\/seo\/ -->\n<title>La Asamblea Plenaria del Episcopado Ecuatoriano Impulsa el Camino al 53\u00b0 Congreso Eucar\u00edstico Internacional. - IEC 2024<\/title>\n<meta name=\"robots\" content=\"index, follow, max-snippet:-1, max-image-preview:large, max-video-preview:-1\" \/>\n<link rel=\"canonical\" href=\"https:\/\/www.iec2024.ec\/it\/la-asamblea-plenaria-del-episcopado-ecuatoriano-impulsa-el-camino-al-53-congreso-eucaristico-internacional\/\" \/>\n<meta property=\"og:locale\" content=\"it_IT\" \/>\n<meta property=\"og:type\" content=\"article\" \/>\n<meta property=\"og:title\" content=\"La Asamblea Plenaria del Episcopado Ecuatoriano Impulsa el Camino al 53\u00b0 Congreso Eucar\u00edstico Internacional. - IEC 2024\" \/>\n<meta property=\"og:description\" content=\"Quito, 10 de noviembre. Durante la semana del 6 al 10 de noviembre del presente a\u00f1o, la 154\u00aa Asamblea Plenaria del Episcopado Ecuatoriano marc\u00f3 un hito significativo al reunir a las cabezas de las di\u00f3cesis de todo el pa\u00eds para discutir y reflexionar sobre asuntos cruciales que afectan a la Iglesia en Ecuador. El viernes, [&hellip;]\" \/>\n<meta property=\"og:url\" content=\"https:\/\/www.iec2024.ec\/it\/la-asamblea-plenaria-del-episcopado-ecuatoriano-impulsa-el-camino-al-53-congreso-eucaristico-internacional\/\" \/>\n<meta property=\"og:site_name\" content=\"IEC 2024\" \/>\n<meta property=\"article:published_time\" content=\"2023-11-14T16:58:40+00:00\" \/>\n<meta property=\"article:modified_time\" content=\"2023-11-14T17:08:46+00:00\" \/>\n<meta property=\"og:image\" content=\"https:\/\/www.iec2024.ec\/wp-content\/uploads\/2023\/11\/Imagen-de-WhatsApp-2023-11-13-a-las-14.57.23_ff4b5dd2-1-e1699981711331.jpg\" \/>\n\t<meta property=\"og:image:width\" content=\"1600\" \/>\n\t<meta property=\"og:image:height\" content=\"900\" \/>\n\t<meta property=\"og:image:type\" content=\"image\/jpeg\" \/>\n<meta name=\"author\" content=\"Secretario T\u00e9cnico\" \/>\n<meta name=\"twitter:card\" content=\"summary_large_image\" \/>\n<meta name=\"twitter:label1\" content=\"Scritto da\" \/>\n\t<meta name=\"twitter:data1\" content=\"Secretario T\u00e9cnico\" \/>\n\t<meta name=\"twitter:label2\" content=\"Tempo di lettura stimato\" \/>\n\t<meta name=\"twitter:data2\" content=\"1 minuto\" \/>\n<script type=\"application\/ld+json\" class=\"yoast-schema-graph\">{\"@context\":\"https:\/\/schema.org\",\"@graph\":[{\"@type\":\"Article\",\"@id\":\"https:\/\/www.iec2024.ec\/it\/la-asamblea-plenaria-del-episcopado-ecuatoriano-impulsa-el-camino-al-53-congreso-eucaristico-internacional\/#article\",\"isPartOf\":{\"@id\":\"https:\/\/www.iec2024.ec\/it\/la-asamblea-plenaria-del-episcopado-ecuatoriano-impulsa-el-camino-al-53-congreso-eucaristico-internacional\/\"},\"author\":{\"name\":\"Secretario T\u00e9cnico\",\"@id\":\"https:\/\/www.iec2024.ec\/it\/#\/schema\/person\/7dc46e27a804fe39ba34935ca5284fe2\"},\"headline\":\"La Asamblea Plenaria del Episcopado Ecuatoriano Impulsa el Camino al 53\u00b0 Congreso Eucar\u00edstico Internacional.\",\"datePublished\":\"2023-11-14T16:58:40+00:00\",\"dateModified\":\"2023-11-14T17:08:46+00:00\",\"mainEntityOfPage\":{\"@id\":\"https:\/\/www.iec2024.ec\/it\/la-asamblea-plenaria-del-episcopado-ecuatoriano-impulsa-el-camino-al-53-congreso-eucaristico-internacional\/\"},\"wordCount\":262,\"commentCount\":0,\"publisher\":{\"@id\":\"https:\/\/www.iec2024.ec\/it\/#organization\"},\"articleSection\":[\"Notizia\"],\"inLanguage\":\"it-IT\",\"potentialAction\":[{\"@type\":\"CommentAction\",\"name\":\"Comment\",\"target\":[\"https:\/\/www.iec2024.ec\/it\/la-asamblea-plenaria-del-episcopado-ecuatoriano-impulsa-el-camino-al-53-congreso-eucaristico-internacional\/#respond\"]}]},{\"@type\":\"WebPage\",\"@id\":\"https:\/\/www.iec2024.ec\/it\/la-asamblea-plenaria-del-episcopado-ecuatoriano-impulsa-el-camino-al-53-congreso-eucaristico-internacional\/\",\"url\":\"https:\/\/www.iec2024.ec\/it\/la-asamblea-plenaria-del-episcopado-ecuatoriano-impulsa-el-camino-al-53-congreso-eucaristico-internacional\/\",\"name\":\"La Asamblea Plenaria del Episcopado Ecuatoriano Impulsa el Camino al 53\u00b0 Congreso Eucar\u00edstico Internacional. - IEC 2024\",\"isPartOf\":{\"@id\":\"https:\/\/www.iec2024.ec\/it\/#website\"},\"datePublished\":\"2023-11-14T16:58:40+00:00\",\"dateModified\":\"2023-11-14T17:08:46+00:00\",\"breadcrumb\":{\"@id\":\"https:\/\/www.iec2024.ec\/it\/la-asamblea-plenaria-del-episcopado-ecuatoriano-impulsa-el-camino-al-53-congreso-eucaristico-internacional\/#breadcrumb\"},\"inLanguage\":\"it-IT\",\"potentialAction\":[{\"@type\":\"ReadAction\",\"target\":[\"https:\/\/www.iec2024.ec\/it\/la-asamblea-plenaria-del-episcopado-ecuatoriano-impulsa-el-camino-al-53-congreso-eucaristico-internacional\/\"]}]},{\"@type\":\"BreadcrumbList\",\"@id\":\"https:\/\/www.iec2024.ec\/it\/la-asamblea-plenaria-del-episcopado-ecuatoriano-impulsa-el-camino-al-53-congreso-eucaristico-internacional\/#breadcrumb\",\"itemListElement\":[{\"@type\":\"ListItem\",\"position\":1,\"name\":\"Portada\",\"item\":\"https:\/\/www.iec2024.ec\/it\/\"},{\"@type\":\"ListItem\",\"position\":2,\"name\":\"La Asamblea Plenaria del Episcopado Ecuatoriano Impulsa el Camino al 53\u00b0 Congreso Eucar\u00edstico Internacional.\"}]},{\"@type\":\"WebSite\",\"@id\":\"https:\/\/www.iec2024.ec\/it\/#website\",\"url\":\"https:\/\/www.iec2024.ec\/it\/\",\"name\":\"IEC 2024\",\"description\":\"\",\"publisher\":{\"@id\":\"https:\/\/www.iec2024.ec\/it\/#organization\"},\"potentialAction\":[{\"@type\":\"SearchAction\",\"target\":{\"@type\":\"EntryPoint\",\"urlTemplate\":\"https:\/\/www.iec2024.ec\/it\/?s={search_term_string}\"},\"query-input\":\"required name=search_term_string\"}],\"inLanguage\":\"it-IT\"},{\"@type\":\"Organization\",\"@id\":\"https:\/\/www.iec2024.ec\/it\/#organization\",\"name\":\"IEC 2024\",\"url\":\"https:\/\/www.iec2024.ec\/it\/\",\"logo\":{\"@type\":\"ImageObject\",\"inLanguage\":\"it-IT\",\"@id\":\"https:\/\/www.iec2024.ec\/it\/#\/schema\/logo\/image\/\",\"url\":\"https:\/\/www.iec2024.ec\/wp-content\/uploads\/2024\/01\/cropped-logo-2024.png\",\"contentUrl\":\"https:\/\/www.iec2024.ec\/wp-content\/uploads\/2024\/01\/cropped-logo-2024.png\",\"width\":1277,\"height\":332,\"caption\":\"IEC 2024\"},\"image\":{\"@id\":\"https:\/\/www.iec2024.ec\/it\/#\/schema\/logo\/image\/\"}},{\"@type\":\"Person\",\"@id\":\"https:\/\/www.iec2024.ec\/it\/#\/schema\/person\/7dc46e27a804fe39ba34935ca5284fe2\",\"name\":\"Secretario T\u00e9cnico\",\"image\":{\"@type\":\"ImageObject\",\"inLanguage\":\"it-IT\",\"@id\":\"https:\/\/www.iec2024.ec\/it\/#\/schema\/person\/image\/\",\"url\":\"https:\/\/secure.gravatar.com\/avatar\/67808a21710148ea0645bc85e43e21b6?s=96&d=mm&r=g\",\"contentUrl\":\"https:\/\/secure.gravatar.com\/avatar\/67808a21710148ea0645bc85e43e21b6?s=96&d=mm&r=g\",\"caption\":\"Secretario T\u00e9cnico\"},\"url\":\"https:\/\/www.iec2024.ec\/it\/author\/4dm1ns3cr3t4r10\/\"}]}<\/script>\n<!-- \/ Yoast SEO plugin. -->","yoast_head_json":{"title":"La Asamblea Plenaria del Episcopado Ecuatoriano Impulsa el Camino al 53\u00b0 Congreso Eucar\u00edstico Internacional. - IEC 2024","robots":{"index":"index","follow":"follow","max-snippet":"max-snippet:-1","max-image-preview":"max-image-preview:large","max-video-preview":"max-video-preview:-1"},"canonical":"https:\/\/www.iec2024.ec\/it\/la-asamblea-plenaria-del-episcopado-ecuatoriano-impulsa-el-camino-al-53-congreso-eucaristico-internacional\/","og_locale":"it_IT","og_type":"article","og_title":"La Asamblea Plenaria del Episcopado Ecuatoriano Impulsa el Camino al 53\u00b0 Congreso Eucar\u00edstico Internacional. - IEC 2024","og_description":"Quito, 10 de noviembre. Durante la semana del 6 al 10 de noviembre del presente a\u00f1o, la 154\u00aa Asamblea Plenaria del Episcopado Ecuatoriano marc\u00f3 un hito significativo al reunir a las cabezas de las di\u00f3cesis de todo el pa\u00eds para discutir y reflexionar sobre asuntos cruciales que afectan a la Iglesia en Ecuador. El viernes, [&hellip;]","og_url":"https:\/\/www.iec2024.ec\/it\/la-asamblea-plenaria-del-episcopado-ecuatoriano-impulsa-el-camino-al-53-congreso-eucaristico-internacional\/","og_site_name":"IEC 2024","article_published_time":"2023-11-14T16:58:40+00:00","article_modified_time":"2023-11-14T17:08:46+00:00","og_image":[{"width":1600,"height":900,"url":"https:\/\/www.iec2024.ec\/wp-content\/uploads\/2023\/11\/Imagen-de-WhatsApp-2023-11-13-a-las-14.57.23_ff4b5dd2-1-e1699981711331.jpg","type":"image\/jpeg"}],"author":"Secretario T\u00e9cnico","twitter_card":"summary_large_image","twitter_misc":{"Scritto da":"Secretario T\u00e9cnico","Tempo di lettura stimato":"1 minuto"},"schema":{"@context":"https:\/\/schema.org","@graph":[{"@type":"Article","@id":"https:\/\/www.iec2024.ec\/it\/la-asamblea-plenaria-del-episcopado-ecuatoriano-impulsa-el-camino-al-53-congreso-eucaristico-internacional\/#article","isPartOf":{"@id":"https:\/\/www.iec2024.ec\/it\/la-asamblea-plenaria-del-episcopado-ecuatoriano-impulsa-el-camino-al-53-congreso-eucaristico-internacional\/"},"author":{"name":"Secretario T\u00e9cnico","@id":"https:\/\/www.iec2024.ec\/it\/#\/schema\/person\/7dc46e27a804fe39ba34935ca5284fe2"},"headline":"La Asamblea Plenaria del Episcopado Ecuatoriano Impulsa el Camino al 53\u00b0 Congreso Eucar\u00edstico Internacional.","datePublished":"2023-11-14T16:58:40+00:00","dateModified":"2023-11-14T17:08:46+00:00","mainEntityOfPage":{"@id":"https:\/\/www.iec2024.ec\/it\/la-asamblea-plenaria-del-episcopado-ecuatoriano-impulsa-el-camino-al-53-congreso-eucaristico-internacional\/"},"wordCount":262,"commentCount":0,"publisher":{"@id":"https:\/\/www.iec2024.ec\/it\/#organization"},"articleSection":["Notizia"],"inLanguage":"it-IT","potentialAction":[{"@type":"CommentAction","name":"Comment","target":["https:\/\/www.iec2024.ec\/it\/la-asamblea-plenaria-del-episcopado-ecuatoriano-impulsa-el-camino-al-53-congreso-eucaristico-internacional\/#respond"]}]},{"@type":"WebPage","@id":"https:\/\/www.iec2024.ec\/it\/la-asamblea-plenaria-del-episcopado-ecuatoriano-impulsa-el-camino-al-53-congreso-eucaristico-internacional\/","url":"https:\/\/www.iec2024.ec\/it\/la-asamblea-plenaria-del-episcopado-ecuatoriano-impulsa-el-camino-al-53-congreso-eucaristico-internacional\/","name":"La Asamblea Plenaria del Episcopado Ecuatoriano Impulsa el Camino al 53\u00b0 Congreso Eucar\u00edstico Internacional. - IEC 2024","isPartOf":{"@id":"https:\/\/www.iec2024.ec\/it\/#website"},"datePublished":"2023-11-14T16:58:40+00:00","dateModified":"2023-11-14T17:08:46+00:00","breadcrumb":{"@id":"https:\/\/www.iec2024.ec\/it\/la-asamblea-plenaria-del-episcopado-ecuatoriano-impulsa-el-camino-al-53-congreso-eucaristico-internacional\/#breadcrumb"},"inLanguage":"it-IT","potentialAction":[{"@type":"ReadAction","target":["https:\/\/www.iec2024.ec\/it\/la-asamblea-plenaria-del-episcopado-ecuatoriano-impulsa-el-camino-al-53-congreso-eucaristico-internacional\/"]}]},{"@type":"BreadcrumbList","@id":"https:\/\/www.iec2024.ec\/it\/la-asamblea-plenaria-del-episcopado-ecuatoriano-impulsa-el-camino-al-53-congreso-eucaristico-internacional\/#breadcrumb","itemListElement":[{"@type":"ListItem","position":1,"name":"Portada","item":"https:\/\/www.iec2024.ec\/it\/"},{"@type":"ListItem","position":2,"name":"La Asamblea Plenaria del Episcopado Ecuatoriano Impulsa el Camino al 53\u00b0 Congreso Eucar\u00edstico Internacional."}]},{"@type":"WebSite","@id":"https:\/\/www.iec2024.ec\/it\/#website","url":"https:\/\/www.iec2024.ec\/it\/","name":"IEC 2024","description":"","publisher":{"@id":"https:\/\/www.iec2024.ec\/it\/#organization"},"potentialAction":[{"@type":"SearchAction","target":{"@type":"EntryPoint","urlTemplate":"https:\/\/www.iec2024.ec\/it\/?s={search_term_string}"},"query-input":"required name=search_term_string"}],"inLanguage":"it-IT"},{"@type":"Organization","@id":"https:\/\/www.iec2024.ec\/it\/#organization","name":"IEC 2024","url":"https:\/\/www.iec2024.ec\/it\/","logo":{"@type":"ImageObject","inLanguage":"it-IT","@id":"https:\/\/www.iec2024.ec\/it\/#\/schema\/logo\/image\/","url":"https:\/\/www.iec2024.ec\/wp-content\/uploads\/2024\/01\/cropped-logo-2024.png","contentUrl":"https:\/\/www.iec2024.ec\/wp-content\/uploads\/2024\/01\/cropped-logo-2024.png","width":1277,"height":332,"caption":"IEC 2024"},"image":{"@id":"https:\/\/www.iec2024.ec\/it\/#\/schema\/logo\/image\/"}},{"@type":"Person","@id":"https:\/\/www.iec2024.ec\/it\/#\/schema\/person\/7dc46e27a804fe39ba34935ca5284fe2","name":"Secretario T\u00e9cnico","image":{"@type":"ImageObject","inLanguage":"it-IT","@id":"https:\/\/www.iec2024.ec\/it\/#\/schema\/person\/image\/","url":"https:\/\/secure.gravatar.com\/avatar\/67808a21710148ea0645bc85e43e21b6?s=96&d=mm&r=g","contentUrl":"https:\/\/secure.gravatar.com\/avatar\/67808a21710148ea0645bc85e43e21b6?s=96&d=mm&r=g","caption":"Secretario T\u00e9cnico"},"url":"https:\/\/www.iec2024.ec\/it\/author\/4dm1ns3cr3t4r10\/"}]}},"_links":{"self":[{"href":"https:\/\/www.iec2024.ec\/it\/wp-json\/wp\/v2\/posts\/8567"}],"collection":[{"href":"https:\/\/www.iec2024.ec\/it\/wp-json\/wp\/v2\/posts"}],"about":[{"href":"https:\/\/www.iec2024.ec\/it\/wp-json\/wp\/v2\/types\/post"}],"author":[{"embeddable":true,"href":"https:\/\/www.iec2024.ec\/it\/wp-json\/wp\/v2\/users\/2"}],"replies":[{"embeddable":true,"href":"https:\/\/www.iec2024.ec\/it\/wp-json\/wp\/v2\/comments?post=8567"}],"version-history":[{"count":2,"href":"https:\/\/www.iec2024.ec\/it\/wp-json\/wp\/v2\/posts\/8567\/revisions"}],"predecessor-version":[{"id":8575,"href":"https:\/\/www.iec2024.ec\/it\/wp-json\/wp\/v2\/posts\/8567\/revisions\/8575"}],"wp:featuredmedia":[{"embeddable":true,"href":"https:\/\/www.iec2024.ec\/it\/wp-json\/wp\/v2\/media\/8570"}],"wp:attachment":[{"href":"https:\/\/www.iec2024.ec\/it\/wp-json\/wp\/v2\/media?parent=8567"}],"wp:term":[{"taxonomy":"category","embeddable":true,"href":"https:\/\/www.iec2024.ec\/it\/wp-json\/wp\/v2\/categories?post=8567"},{"taxonomy":"post_tag","embeddable":true,"href":"https:\/\/www.iec2024.ec\/it\/wp-json\/wp\/v2\/tags?post=8567"}],"curies":[{"name":"wp","href":"https:\/\/api.w.org\/{rel}","templated":true}]}}